{"id":14978,"date":"2019-05-08T21:03:37","date_gmt":"2019-05-09T00:03:37","guid":{"rendered":"http:\/\/newsinfoco.com.br\/?p=14978"},"modified":"2019-05-08T21:16:47","modified_gmt":"2019-05-09T00:16:47","slug":"alagoinhas-antes-de-decisao-do-prefeito-mp-recomendou-cancelamento-do-concurso-publico","status":"publish","type":"post","link":"https:\/\/newsinfoco.com.br\/inicio\/alagoinhas-antes-de-decisao-do-prefeito-mp-recomendou-cancelamento-do-concurso-publico\/","title":{"rendered":"Alagoinhas: Antes de decis\u00e3o do prefeito, MP recomendou cancelamento do Concurso P\u00fablico"},"content":{"rendered":"<p style=\"text-align: justify;\">O dia de hoje(08) foi marcado pelo cancelamento do resultado do Concurso P\u00fablico da prefeitura de Alagoinhas. A decis\u00e3o causou estranheza de grande parte da popula\u00e7\u00e3o por contrariar um parecer emitido pela Secretaria Municipal de Administra\u00e7\u00e3o(SEMAD) semana passada, que defendia a validade do certame.<\/p>\n<p dir=\"auto\" style=\"text-align: justify;\">A lisura do concurso p\u00fablico cancelado no dia de hoje foi contestada desde o dia da aplica\u00e7\u00e3o da prova, onde candidatos denunciaram a falta de organiza\u00e7\u00e3o da empresa respons\u00e1vel pelo certame, o Instituto Nosso Rumo.\u00a0Segundo eles, houve candidatos que conseguiram usar celulares para pescar na prova, al\u00e9m de falta de carteiras em algumas salas. Na oportunidade, eles pediram o cancelamento do concurso. (\u00a0<a href=\"http:\/\/newsinfoco.com.br\/2019\/04\/14\/dia-de-concurso-da-prefeitura-de-alagoinhas-e-marcado-por-reclamacoes-de-candidatos\/\">veja aqui<\/a>\u00a0). Nas redes sociais fotos de divulga\u00e7\u00e3o da prova e filmagens com supostas denuncias de alunos fazendo prova em grupo tamb\u00e9m causaram pol\u00eamica.<\/p><div class=\"newsi-conteudo_19\" id=\"newsi-1940604826\"><a href=\"https:\/\/www.instagram.com\/prefeituraalagoinhas?igsh=YzgzdDJ1bWR3aWI4\" aria-label=\"SAVE_20251006_221555\"><img loading=\"lazy\" decoding=\"async\" src=\"https:\/\/newsinfoco.com.br\/inicio\/wp-content\/uploads\/2025\/10\/SAVE_20251006_221555-rotated.jpg\" alt=\"\"  srcset=\"https:\/\/newsinfoco.com.br\/inicio\/wp-content\/uploads\/2025\/10\/SAVE_20251006_221555-rotated.jpg 1140w, https:\/\/newsinfoco.com.br\/inicio\/wp-content\/uploads\/2025\/10\/SAVE_20251006_221555-300x52.jpg 300w, https:\/\/newsinfoco.com.br\/inicio\/wp-content\/uploads\/2025\/10\/SAVE_20251006_221555-1024x177.jpg 1024w, https:\/\/newsinfoco.com.br\/inicio\/wp-content\/uploads\/2025\/10\/SAVE_20251006_221555-768x133.jpg 768w, https:\/\/newsinfoco.com.br\/inicio\/wp-content\/uploads\/2025\/10\/SAVE_20251006_221555-600x104.jpg 600w, https:\/\/newsinfoco.com.br\/inicio\/wp-content\/uploads\/2025\/10\/SAVE_20251006_221555-696x120.jpg 696w, https:\/\/newsinfoco.com.br\/inicio\/wp-content\/uploads\/2025\/10\/SAVE_20251006_221555-1068x185.jpg 1068w\" sizes=\"(max-width: 1140px) 100vw, 1140px\" width=\"1140\" height=\"197\"   \/><\/a><\/div>\n<p dir=\"auto\" style=\"text-align: justify;\">Revoltados com toda a desorganiza\u00e7\u00e3o e os ind\u00edcios de irregularidades, alguns candidatos procuraram o Minist\u00e9rio P\u00fablico Estadual que abriu um processo de apura\u00e7\u00e3o das den\u00fancias. O resultado dessa apura\u00e7\u00e3o saiu no dia de ontem(07) e deliberou pelo cancelamento do concurso.<\/p>\n<p dir=\"auto\" style=\"text-align: justify;\">O site News Infoco teve acesso ao teor da conclus\u00e3o do MP. Nela, a promotora Teresa Jozilda, rebate praticamente todos os pontos defendidos pela prefeitura no parecer divulgado no \u00faltimo dia 03 de maio ( <a href=\"http:\/\/newsinfoco.com.br\/2019\/05\/03\/processo-administrativo-instaurado-pela-prefeitura-de-alagoinhas-conclui-que-nao-houve-irregularidade-no-concurso-publico\/\">veja aqui<\/a> ).<\/p>\n<p dir=\"auto\" style=\"text-align: justify;\">O MP concluiu que n\u00e3o haviam salas suficientes para candidatos em pelo menos um local de prova, a faculdade Santo Antonio, onde a desorganiza\u00e7\u00e3o foi tanta que at\u00e9 a Policia Militar teve que ser acionada para controlar a situa\u00e7\u00e3o. Outra irregularidade apontada, foi que a mesma prova utilizada no turno matutino, foi aplicada no turno vespertino. Para a promotora que proferiu a conclus\u00e3o, o principio da igualdade foi violado no processo.<\/p>\n<p dir=\"auto\" style=\"text-align: justify;\">O MP tamb\u00e9m concluiu que a falta de organiza\u00e7\u00e3o foi generalizada e ocorreu em diversos locais de prova. O relat\u00f3rio afirma que n\u00e3o havia fiscaliza\u00e7\u00e3o dos candidatos que solicitavam o uso dos sanit\u00e1rios, bem como n\u00e3o havia detector de metais para saber se estes candidatos portavam celulares. Estes celulares, inclusive, foram guardados em sacos transparentes e n\u00e3o foram recolhidos pelos fiscais da prova. O lacre era improvisado com apenas um n\u00f3, o que poderia ser facilmente desfeito pelo candidato.<\/p>\n<p dir=\"auto\" style=\"text-align: justify;\">Devido a tudo isso, o Minist\u00e9rio P\u00fablico enviou uma recomenda\u00e7\u00e3o \u00e0 prefeitura de Alagoinhas para que procedesse a anula\u00e7\u00e3o do concurso. Veja abaixo a decis\u00e3o proferida pelo MP.<\/p>\n<p dir=\"auto\"><a href=\"http:\/\/newsinfoco.com.br\/wp-content\/uploads\/2019\/05\/926.pdf\">Decis\u00e3o do MP<\/a><\/p>\n<p dir=\"auto\" style=\"text-align: justify;\">Em contato com o site News Infoco, a secretaria municipal de administra\u00e7\u00e3o, Leila Vila Flor afirmou que a decis\u00e3o do MP s\u00f3 foi entregue \u00e0 prefeitura de Alagoinhas, as 11:30 da manh\u00e3 de hoje e que a decis\u00e3o da prefeitura foi tomada em momento anterior ao conhecimento da conclus\u00e3o do \u00f3rg\u00e3o<\/p>\n<h6 dir=\"auto\" style=\"text-align: right;\">Por Caio Pimenta para o News Infoco<\/h6>\n<div class='share-to-whatsapp-wrapper'><div class='share-on-whsp'>Share on: <\/div><a data-text='Alagoinhas: Antes de decis\u00e3o do prefeito, MP recomendou cancelamento do Concurso P\u00fablico' data-link='https:\/\/newsinfoco.com.br\/inicio\/alagoinhas-antes-de-decisao-do-prefeito-mp-recomendou-cancelamento-do-concurso-publico\/' class='whatsapp-button whatsapp-share'>WhatsApp<\/a><div class='clear '><\/div><\/div>","protected":false},"excerpt":{"rendered":"<p>O dia de hoje(08) foi marcado pelo cancelamento do resultado do Concurso P\u00fablico da prefeitura de Alagoinhas. A decis\u00e3o causou estranheza de grande parte da popula\u00e7\u00e3o por contrariar um parecer emitido pela Secretaria Municipal de Administra\u00e7\u00e3o(SEMAD) semana passada, que defendia a validade do certame. A lisura do concurso p\u00fablico cancelado no dia de hoje foi [&hellip;]<\/p>\n","protected":false},"author":1,"featured_media":14979,"comment_status":"open","ping_status":"open","sticky":false,"template":"","format":"standard","meta":{"om_disable_all_campaigns":false,"_exactmetrics_skip_tracking":false,"_exactmetrics_sitenote_active":false,"_exactmetrics_sitenote_note":"","_exactmetrics_sitenote_category":0,"footnotes":""},"categories":[38],"tags":[],"class_list":["post-14978","post","type-post","status-publish","format-standard","has-post-thumbnail","hentry","category-alagoinhas-e-regiao"],"aioseo_notices":[],"_links":{"self":[{"href":"https:\/\/newsinfoco.com.br\/inicio\/wp-json\/wp\/v2\/posts\/14978","targetHints":{"allow":["GET"]}}],"collection":[{"href":"https:\/\/newsinfoco.com.br\/inicio\/wp-json\/wp\/v2\/posts"}],"about":[{"href":"https:\/\/newsinfoco.com.br\/inicio\/wp-json\/wp\/v2\/types\/post"}],"author":[{"embeddable":true,"href":"https:\/\/newsinfoco.com.br\/inicio\/wp-json\/wp\/v2\/users\/1"}],"replies":[{"embeddable":true,"href":"https:\/\/newsinfoco.com.br\/inicio\/wp-json\/wp\/v2\/comments?post=14978"}],"version-history":[{"count":0,"href":"https:\/\/newsinfoco.com.br\/inicio\/wp-json\/wp\/v2\/posts\/14978\/revisions"}],"wp:featuredmedia":[{"embeddable":true,"href":"https:\/\/newsinfoco.com.br\/inicio\/wp-json\/wp\/v2\/media\/14979"}],"wp:attachment":[{"href":"https:\/\/newsinfoco.com.br\/inicio\/wp-json\/wp\/v2\/media?parent=14978"}],"wp:term":[{"taxonomy":"category","embeddable":true,"href":"https:\/\/newsinfoco.com.br\/inicio\/wp-json\/wp\/v2\/categories?post=14978"},{"taxonomy":"post_tag","embeddable":true,"href":"https:\/\/newsinfoco.com.br\/inicio\/wp-json\/wp\/v2\/tags?post=14978"}],"curies":[{"name":"wp","href":"https:\/\/api.w.org\/{rel}","templated":true}]}}