{"id":14988,"date":"2019-05-09T21:12:31","date_gmt":"2019-05-10T00:12:31","guid":{"rendered":"http:\/\/newsinfoco.com.br\/?p=14988"},"modified":"2019-05-09T21:12:31","modified_gmt":"2019-05-10T00:12:31","slug":"oposicao-pede-para-que-presidente-da-camara-de-alagoinhas-arquive-pl-do-emprestimo-de-35-milhoes","status":"publish","type":"post","link":"https:\/\/newsinfoco.com.br\/inicio\/oposicao-pede-para-que-presidente-da-camara-de-alagoinhas-arquive-pl-do-emprestimo-de-35-milhoes\/","title":{"rendered":"Oposi\u00e7\u00e3o pede para que presidente da C\u00e2mara de Alagoinhas arquive PL do empr\u00e9stimo de 35 milh\u00f5es"},"content":{"rendered":"<p style=\"text-align: justify;\">Vereadores de oposi\u00e7\u00e3o voltaram a criticar o projeto de lei de autoria do poder executivo que pede autoriza\u00e7\u00e3o da C\u00e2mara Municipal para contrair um empr\u00e9stimo de 35 milh\u00f5es de reais. Segundo a prefeitura, estes recursos ser\u00e3o investidos em obras de requalifica\u00e7\u00e3o, pavimenta\u00e7\u00e3o, drenagem e constru\u00e7\u00e3o de equipamentos de lazer na sede do munic\u00edpio.<\/p>\n<p style=\"text-align: justify;\">Pelo projeto 57 ruas das localidades do Barreiro, Vila Mar\u00e7al, Cruzeiro dos Montes, Jardim Petrolar, Baixa da Candeia, Rua do Catu, Alto da Cruz, Vale de Santa Terezinha, Centro, Santa Maria e Mangal\u00f4, ser\u00e3o contempladas com pavimenta\u00e7\u00e3o asf\u00e1ltica e implanta\u00e7\u00e3o de rede de drenagem. A solicita\u00e7\u00e3o do empr\u00e9stimo tamb\u00e9m contempla a constru\u00e7\u00e3o de uma pra\u00e7a no Largo do Barreiro com equipamentos de lazer.<\/p><div class=\"newsi-conteudo_19\" id=\"newsi-451184690\"><a href=\"https:\/\/www.instagram.com\/prefeituraalagoinhas?igsh=YzgzdDJ1bWR3aWI4\" aria-label=\"SAVE_20251006_221555\"><img loading=\"lazy\" decoding=\"async\" src=\"https:\/\/newsinfoco.com.br\/inicio\/wp-content\/uploads\/2025\/10\/SAVE_20251006_221555-rotated.jpg\" alt=\"\"  srcset=\"https:\/\/newsinfoco.com.br\/inicio\/wp-content\/uploads\/2025\/10\/SAVE_20251006_221555-rotated.jpg 1140w, https:\/\/newsinfoco.com.br\/inicio\/wp-content\/uploads\/2025\/10\/SAVE_20251006_221555-300x52.jpg 300w, https:\/\/newsinfoco.com.br\/inicio\/wp-content\/uploads\/2025\/10\/SAVE_20251006_221555-1024x177.jpg 1024w, https:\/\/newsinfoco.com.br\/inicio\/wp-content\/uploads\/2025\/10\/SAVE_20251006_221555-768x133.jpg 768w, https:\/\/newsinfoco.com.br\/inicio\/wp-content\/uploads\/2025\/10\/SAVE_20251006_221555-600x104.jpg 600w, https:\/\/newsinfoco.com.br\/inicio\/wp-content\/uploads\/2025\/10\/SAVE_20251006_221555-696x120.jpg 696w, https:\/\/newsinfoco.com.br\/inicio\/wp-content\/uploads\/2025\/10\/SAVE_20251006_221555-1068x185.jpg 1068w\" sizes=\"(max-width: 1140px) 100vw, 1140px\" width=\"1140\" height=\"197\"   \/><\/a><\/div>\n<p style=\"text-align: justify;\">Na sess\u00e3o desta quinta-feira(09), o vereador Darlan Lucena(Podemos) voltou a tecer fortes cr\u00edticas \u00e0 solicita\u00e7\u00e3o de empr\u00e9stimo feita pelo governo municipal. Ele afirmou que dinheiro n\u00e3o falta \u00e0 prefeitura. Ele citou a licita\u00e7\u00e3o do lixo, onde a Naturalle, empresa vencedora do processo, receber\u00e1 72 milh\u00f5es de reais para gerir o lixo da cidade.&#8217;Quem gasta 72 milh\u00f5es na licita\u00e7\u00e3o do lixo n\u00e3o precisa de empr\u00e9stimo&#8217;, afirmou Darlan.<\/p>\n<p style=\"text-align: justify;\">J\u00e1 o vereador Thor de Ninha(PT) pediu ao presidente da C\u00e2mara, vereador Roberto Torres(PRB), que n\u00e3o deixasse que o projeto vingasse na Casa. A oposi\u00e7\u00e3o h\u00e1 algum tempo vem pedindo ao presidente da Casa que arquive o projeto. Neste caso, a proposta n\u00e3o chegaria a ser votada no plen\u00e1rio.<\/p>\n<p style=\"text-align: justify;\">O vereador Roberto Torres respondeu que espera os pareceres das comiss\u00f5es de or\u00e7amento e de constitui\u00e7\u00e3o e Justi\u00e7a, al\u00e9m de um parecer da procuradoria da pr\u00f3pria C\u00e2mara Municipal para tomar uma decis\u00e3o. Por\u00e9m, Roberto revelou que tem conversado com algumas pessoas e que tem sentido uma forte rejei\u00e7\u00e3o popular ao empr\u00e9stimo.<\/p>\n<p style=\"text-align: justify;\">Cada vez mais a oposi\u00e7\u00e3o se mostra confiante na rejei\u00e7\u00e3o do projeto na Casa, apesar do lider do governo, vereador Cleto da Banana, garantir que a base est\u00e1 unida e que se o projeto for \u00e0 plen\u00e1rio, ser\u00e1 aprovado.<\/p>\n<h6 style=\"text-align: right;\">\u00a0Por Caio Pimenta para o News Infoco<\/h6>\n<p style=\"text-align: justify;\">\n<div id=\"newsi-1018130923\" class=\"newsi-conteudo_9\" style=\"text-align: justify;\"><\/div>\n<div class='share-to-whatsapp-wrapper'><div class='share-on-whsp'>Share on: <\/div><a data-text='Oposi\u00e7\u00e3o pede para que presidente da C\u00e2mara de Alagoinhas arquive PL do empr\u00e9stimo de 35 milh\u00f5es' data-link='https:\/\/newsinfoco.com.br\/inicio\/oposicao-pede-para-que-presidente-da-camara-de-alagoinhas-arquive-pl-do-emprestimo-de-35-milhoes\/' class='whatsapp-button whatsapp-share'>WhatsApp<\/a><div class='clear '><\/div><\/div>","protected":false},"excerpt":{"rendered":"<p>Vereadores de oposi\u00e7\u00e3o voltaram a criticar o projeto de lei de autoria do poder executivo que pede autoriza\u00e7\u00e3o da C\u00e2mara Municipal para contrair um empr\u00e9stimo de 35 milh\u00f5es de reais. Segundo a prefeitura, estes recursos ser\u00e3o investidos em obras de requalifica\u00e7\u00e3o, pavimenta\u00e7\u00e3o, drenagem e constru\u00e7\u00e3o de equipamentos de lazer na sede do munic\u00edpio. Pelo projeto [&hellip;]<\/p>\n","protected":false},"author":1,"featured_media":5367,"comment_status":"open","ping_status":"open","sticky":false,"template":"","format":"standard","meta":{"om_disable_all_campaigns":false,"_exactmetrics_skip_tracking":false,"_exactmetrics_sitenote_active":false,"_exactmetrics_sitenote_note":"","_exactmetrics_sitenote_category":0,"footnotes":""},"categories":[38,30],"tags":[],"class_list":["post-14988","post","type-post","status-publish","format-standard","has-post-thumbnail","hentry","category-alagoinhas-e-regiao","category-destaque"],"aioseo_notices":[],"_links":{"self":[{"href":"https:\/\/newsinfoco.com.br\/inicio\/wp-json\/wp\/v2\/posts\/14988","targetHints":{"allow":["GET"]}}],"collection":[{"href":"https:\/\/newsinfoco.com.br\/inicio\/wp-json\/wp\/v2\/posts"}],"about":[{"href":"https:\/\/newsinfoco.com.br\/inicio\/wp-json\/wp\/v2\/types\/post"}],"author":[{"embeddable":true,"href":"https:\/\/newsinfoco.com.br\/inicio\/wp-json\/wp\/v2\/users\/1"}],"replies":[{"embeddable":true,"href":"https:\/\/newsinfoco.com.br\/inicio\/wp-json\/wp\/v2\/comments?post=14988"}],"version-history":[{"count":0,"href":"https:\/\/newsinfoco.com.br\/inicio\/wp-json\/wp\/v2\/posts\/14988\/revisions"}],"wp:featuredmedia":[{"embeddable":true,"href":"https:\/\/newsinfoco.com.br\/inicio\/wp-json\/wp\/v2\/media\/5367"}],"wp:attachment":[{"href":"https:\/\/newsinfoco.com.br\/inicio\/wp-json\/wp\/v2\/media?parent=14988"}],"wp:term":[{"taxonomy":"category","embeddable":true,"href":"https:\/\/newsinfoco.com.br\/inicio\/wp-json\/wp\/v2\/categories?post=14988"},{"taxonomy":"post_tag","embeddable":true,"href":"https:\/\/newsinfoco.com.br\/inicio\/wp-json\/wp\/v2\/tags?post=14988"}],"curies":[{"name":"wp","href":"https:\/\/api.w.org\/{rel}","templated":true}]}}