{"id":15001,"date":"2019-05-11T18:30:21","date_gmt":"2019-05-11T21:30:21","guid":{"rendered":"http:\/\/newsinfoco.com.br\/?p=15001"},"modified":"2019-05-11T18:30:21","modified_gmt":"2019-05-11T21:30:21","slug":"ex-funcionarios-da-brespel-lutam-na-justica-por-pagamento-de-verbas-rescisorias","status":"publish","type":"post","link":"https:\/\/newsinfoco.com.br\/inicio\/ex-funcionarios-da-brespel-lutam-na-justica-por-pagamento-de-verbas-rescisorias\/","title":{"rendered":"Ex-funcion\u00e1rios da Brespel lutam na Justi\u00e7a por pagamento de verbas rescis\u00f3rias"},"content":{"rendered":"<p style=\"text-align: justify;\">Ex-funcion\u00e1rios da Brespel reivindicam na Justi\u00e7a o pagamento de verbas rescis\u00f3rias devidas pela empresa. Na \u00faltima quinta-feira(09) uma comiss\u00e3o de ex-funcion\u00e1rios da empresa estiveram no programa Primeira M\u00e3o, da r\u00e1dio 95,7 FM, acompanhados do sindicalista e ex-vereador de Alagoinhas, Radiovaldo Costa, relatando a situa\u00e7\u00e3o.<\/p>\n<p style=\"text-align: justify;\">Mais de 150 trabalhadores que foram demitidos da Brespel h\u00e1 quase 2 anos reclamam que foram dispensados sem receberem as verbas rescis\u00f3rias aos quais teriam direito, dentre eles 13\u00aa sal\u00e1rio e FGTS, e lutam na Justi\u00e7a para obterem esses valores. A d\u00edvida da empresa s\u00f3 com verbas rescis\u00f3rias devidas a esses trabalhadores chega a mais de R$30 milh\u00f5es, segundo Radiovaldo.<\/p><div class=\"newsi-conteudo_19\" id=\"newsi-1934808471\"><a href=\"https:\/\/www.instagram.com\/prefeituraalagoinhas?igsh=YzgzdDJ1bWR3aWI4\" aria-label=\"SAVE_20251006_221555\"><img loading=\"lazy\" decoding=\"async\" src=\"https:\/\/newsinfoco.com.br\/inicio\/wp-content\/uploads\/2025\/10\/SAVE_20251006_221555-rotated.jpg\" alt=\"\"  srcset=\"https:\/\/newsinfoco.com.br\/inicio\/wp-content\/uploads\/2025\/10\/SAVE_20251006_221555-rotated.jpg 1140w, https:\/\/newsinfoco.com.br\/inicio\/wp-content\/uploads\/2025\/10\/SAVE_20251006_221555-300x52.jpg 300w, https:\/\/newsinfoco.com.br\/inicio\/wp-content\/uploads\/2025\/10\/SAVE_20251006_221555-1024x177.jpg 1024w, https:\/\/newsinfoco.com.br\/inicio\/wp-content\/uploads\/2025\/10\/SAVE_20251006_221555-768x133.jpg 768w, https:\/\/newsinfoco.com.br\/inicio\/wp-content\/uploads\/2025\/10\/SAVE_20251006_221555-600x104.jpg 600w, https:\/\/newsinfoco.com.br\/inicio\/wp-content\/uploads\/2025\/10\/SAVE_20251006_221555-696x120.jpg 696w, https:\/\/newsinfoco.com.br\/inicio\/wp-content\/uploads\/2025\/10\/SAVE_20251006_221555-1068x185.jpg 1068w\" sizes=\"(max-width: 1140px) 100vw, 1140px\" width=\"1140\" height=\"197\"   \/><\/a><\/div>\n<p style=\"text-align: justify;\">A 1 anos e meio, a Brespel, que passa por uma crise financeira grave, arrendou a f\u00e1brica e entrou com um pedido de recupera\u00e7\u00e3o judicial na Justi\u00e7a. O valor do arrendamento gira em torno de R$150.000,00 mensais, e segundo os trabalhadores, nenhum centavo est\u00e1 sendo utilizado para o pagamento de d\u00edvidas trabalhistas.<\/p>\n<p style=\"text-align: justify;\">A recupera\u00e7\u00e3o judicial \u00e9 conhecida no Direito como a reorganiza\u00e7\u00e3o econ\u00f4mica, administrativa e financeira de uma empresa, feita com a intermedia\u00e7\u00e3o da Justi\u00e7a, para evitar a sua fal\u00eancia. Pela lei, durante o processo de recupera\u00e7\u00e3o judicial, os cr\u00e9ditos derivados da legisla\u00e7\u00e3o do trabalho, limitados a 150 sal\u00e1rios m\u00ednimos por credor, e os decorrentes de acidentes de trabalho tem prioridade no pagamento, em detrimento de outras d\u00edvidas.<\/p>\n<p style=\"text-align: justify;\">Os trabalhadores exigem que esse crit\u00e9rio seja respeitado, e que a Justi\u00e7a force os propriet\u00e1rios da antiga Brespel a utilizarem os recursos provenientes do arrendamento para o pagamento dessas dividas trabalhistas.<\/p>\n<h6 style=\"text-align: right;\">Por Caio Pimenta para o News Infoco<\/h6>\n<div class='share-to-whatsapp-wrapper'><div class='share-on-whsp'>Share on: <\/div><a data-text='Ex-funcion\u00e1rios da Brespel lutam na Justi\u00e7a por pagamento de verbas rescis\u00f3rias' data-link='https:\/\/newsinfoco.com.br\/inicio\/ex-funcionarios-da-brespel-lutam-na-justica-por-pagamento-de-verbas-rescisorias\/' class='whatsapp-button whatsapp-share'>WhatsApp<\/a><div class='clear '><\/div><\/div>","protected":false},"excerpt":{"rendered":"<p>Ex-funcion\u00e1rios da Brespel reivindicam na Justi\u00e7a o pagamento de verbas rescis\u00f3rias devidas pela empresa. Na \u00faltima quinta-feira(09) uma comiss\u00e3o de ex-funcion\u00e1rios da empresa estiveram no programa Primeira M\u00e3o, da r\u00e1dio 95,7 FM, acompanhados do sindicalista e ex-vereador de Alagoinhas, Radiovaldo Costa, relatando a situa\u00e7\u00e3o. Mais de 150 trabalhadores que foram demitidos da Brespel h\u00e1 quase [&hellip;]<\/p>\n","protected":false},"author":1,"featured_media":15002,"comment_status":"open","ping_status":"open","sticky":false,"template":"","format":"standard","meta":{"om_disable_all_campaigns":false,"_exactmetrics_skip_tracking":false,"_exactmetrics_sitenote_active":false,"_exactmetrics_sitenote_note":"","_exactmetrics_sitenote_category":0,"footnotes":""},"categories":[38,30],"tags":[],"class_list":["post-15001","post","type-post","status-publish","format-standard","has-post-thumbnail","hentry","category-alagoinhas-e-regiao","category-destaque"],"aioseo_notices":[],"_links":{"self":[{"href":"https:\/\/newsinfoco.com.br\/inicio\/wp-json\/wp\/v2\/posts\/15001","targetHints":{"allow":["GET"]}}],"collection":[{"href":"https:\/\/newsinfoco.com.br\/inicio\/wp-json\/wp\/v2\/posts"}],"about":[{"href":"https:\/\/newsinfoco.com.br\/inicio\/wp-json\/wp\/v2\/types\/post"}],"author":[{"embeddable":true,"href":"https:\/\/newsinfoco.com.br\/inicio\/wp-json\/wp\/v2\/users\/1"}],"replies":[{"embeddable":true,"href":"https:\/\/newsinfoco.com.br\/inicio\/wp-json\/wp\/v2\/comments?post=15001"}],"version-history":[{"count":0,"href":"https:\/\/newsinfoco.com.br\/inicio\/wp-json\/wp\/v2\/posts\/15001\/revisions"}],"wp:featuredmedia":[{"embeddable":true,"href":"https:\/\/newsinfoco.com.br\/inicio\/wp-json\/wp\/v2\/media\/15002"}],"wp:attachment":[{"href":"https:\/\/newsinfoco.com.br\/inicio\/wp-json\/wp\/v2\/media?parent=15001"}],"wp:term":[{"taxonomy":"category","embeddable":true,"href":"https:\/\/newsinfoco.com.br\/inicio\/wp-json\/wp\/v2\/categories?post=15001"},{"taxonomy":"post_tag","embeddable":true,"href":"https:\/\/newsinfoco.com.br\/inicio\/wp-json\/wp\/v2\/tags?post=15001"}],"curies":[{"name":"wp","href":"https:\/\/api.w.org\/{rel}","templated":true}]}}