{"id":15004,"date":"2019-05-11T19:46:38","date_gmt":"2019-05-11T22:46:38","guid":{"rendered":"http:\/\/newsinfoco.com.br\/?p=15004"},"modified":"2019-05-11T19:46:38","modified_gmt":"2019-05-11T22:46:38","slug":"universidades-estaduais-da-bahia-enfrentam-cortes-sob-pt","status":"publish","type":"post","link":"https:\/\/newsinfoco.com.br\/inicio\/universidades-estaduais-da-bahia-enfrentam-cortes-sob-pt\/","title":{"rendered":"Universidades estaduais da Bahia enfrentam cortes sob PT"},"content":{"rendered":"<p style=\"text-align: justify;\">Ao mesmo tempo que critica os cortes nas universidades federais promovidos pelo presidente Jair Bolsonaro (PSL), o governador da Bahia, Rui Costa (PT), redimensionou o or\u00e7amento das universidades estaduais, congelou sal\u00e1rios e enfrenta uma greve de professores que completou um m\u00eas.<\/p>\n<p style=\"text-align: justify;\">Entre 2017 e 2018, o governo baiano deixou de aplicar R$ 110 milh\u00f5es \u2014diferen\u00e7a entre o valor or\u00e7ado e o empenhado\u2014 nas quatro universidades estaduais baianas, numa diferen\u00e7a de 4,2%. Se levados em conta s\u00f3 os recursos com custeio, voltados para a manuten\u00e7\u00e3o, o or\u00e7amento chegou a ter redu\u00e7\u00e3o de at\u00e9 27,8% do previsto.<\/p><div class=\"newsi-conteudo_19\" id=\"newsi-2220660078\"><a href=\"https:\/\/www.instagram.com\/prefeituraalagoinhas?igsh=YzgzdDJ1bWR3aWI4\" aria-label=\"SAVE_20251006_221555\"><img loading=\"lazy\" decoding=\"async\" src=\"https:\/\/newsinfoco.com.br\/inicio\/wp-content\/uploads\/2025\/10\/SAVE_20251006_221555-rotated.jpg\" alt=\"\"  srcset=\"https:\/\/newsinfoco.com.br\/inicio\/wp-content\/uploads\/2025\/10\/SAVE_20251006_221555-rotated.jpg 1140w, https:\/\/newsinfoco.com.br\/inicio\/wp-content\/uploads\/2025\/10\/SAVE_20251006_221555-300x52.jpg 300w, https:\/\/newsinfoco.com.br\/inicio\/wp-content\/uploads\/2025\/10\/SAVE_20251006_221555-1024x177.jpg 1024w, https:\/\/newsinfoco.com.br\/inicio\/wp-content\/uploads\/2025\/10\/SAVE_20251006_221555-768x133.jpg 768w, https:\/\/newsinfoco.com.br\/inicio\/wp-content\/uploads\/2025\/10\/SAVE_20251006_221555-600x104.jpg 600w, https:\/\/newsinfoco.com.br\/inicio\/wp-content\/uploads\/2025\/10\/SAVE_20251006_221555-696x120.jpg 696w, https:\/\/newsinfoco.com.br\/inicio\/wp-content\/uploads\/2025\/10\/SAVE_20251006_221555-1068x185.jpg 1068w\" sizes=\"(max-width: 1140px) 100vw, 1140px\" width=\"1140\" height=\"197\"   \/><\/a><\/div>\n<p style=\"text-align: justify;\">O maior corte no custeio aconteceu na Uefs (Universidade Estadual de Feira de Santana), cujo volume de recursos caiu de R$ 65,9 milh\u00f5es para R$ 47,7 milh\u00f5es em 2018. Na Uneb (Universidade do Estado da Bahia), maior das quatro estaduais baianas, a queda foi de 14,4%: o or\u00e7amento inicial para custeio, que era R$ 119,2 milh\u00f5es, caiu para R$ 102 milh\u00f5es em 2018. As restri\u00e7\u00f5es or\u00e7ament\u00e1rias j\u00e1 atingem manuten\u00e7\u00e3o, custeio de terceirizados, desenvolvimento de pesquisa e atividades de extens\u00e3o, afetando cerca de 60 mil estudantes.<\/p>\n<p style=\"text-align: justify;\">\u201cOs impactos n\u00e3o s\u00e3o diferentes aos anunciados por todas as universidades p\u00fablicas do pa\u00eds\u201d, afirma Evandro do Nascimento, reitor da Uefs e coordenador do f\u00f3rum de reitores das universidades estaduais da Bahia. Ele afirma que as reitorias t\u00eam atuado de forma respons\u00e1vel na gest\u00e3o dos recursos. Mas destaca que, ainda assim, tiveram de cancelar contratos e t\u00eam dificuldade de pagar os fornecedores em dia. Estudantes e funcion\u00e1rios se queixam das defici\u00eancias nos campi.<\/p>\n<p style=\"text-align: justify;\">Na Uefs, por exemplo, a parca ilumina\u00e7\u00e3o preocupa quem frequenta o campus \u00e0 noite e restringe o funcionamento de alguns pr\u00e9dios. Um exemplo \u00e9 o Museu Casa do Sert\u00e3o, que possui um valioso acervo de documentos. O pr\u00e9dio, que deveria encerrar as atividades \u00e0s 18h, tem fechado uma hora mais cedo \u2014servidores que j\u00e1 foram assaltados temem cruzar o campus depois do p\u00f4r do sol. Questionado sobre o assunto, o reitor informou que investiu cerca de R$ 500 mil em ilumina\u00e7\u00e3o do campus.<\/p>\n<p style=\"text-align: justify;\">Al\u00e9m das verbas para custeio, os investimentos tamb\u00e9m tiveram uma queda brusca nos \u00faltimos dois anos. Em 2018, o or\u00e7amento inicial previa R$ 37 milh\u00f5es para investimentos, mas foram liberados apenas R$ 8,1 milh\u00f5es. Os sal\u00e1rios de professores e servidores est\u00e3o congelados desde 2015, o que resultou em uma greve que j\u00e1 dura um m\u00eas. O governador cortou o ponto dos grevistas, e o caso foi parar na Justi\u00e7a. \u201cVivemos o maior arrocho das \u00faltimas duas d\u00e9cadas\u201d, afirma Andr\u00e9 Almeida Uz\u00eada, coordenador do f\u00f3rum da associa\u00e7\u00e3o de docentes das universidades estaduais da Bahia.<\/p>\n<p style=\"text-align: justify;\">Em quatro anos, a falta de recomposi\u00e7\u00e3o inflacion\u00e1ria resultou numa perda de 26,7% no poder de compra dos professores e servidores, que tamb\u00e9m reclamam que o governo tem restringido promo\u00e7\u00f5es e progress\u00f5es salariais. Esta \u00e9 a segunda greve nos 13 anos de governos petistas na Bahia. Em 2011, os professores ficaram 51 dias parados e tamb\u00e9m tiveram o ponto cortado pelo ent\u00e3o governador Jaques Wagner (PT).<\/p>\n<p style=\"text-align: justify;\">Com um perfil moderado em rela\u00e7\u00e3o aos seus correligion\u00e1rios do PT, o que inclui a defesa de parcerias p\u00fablico-privadas e apoio ao eixo central da reforma de Previd\u00eancia, Costa anunciou um novo aporte de R$ 36 milh\u00f5es para as universidades, mas diz n\u00e3o cogitar aumento salarial. Ele tem dito que n\u00e3o pode reajustar os sal\u00e1rios dos professores para n\u00e3o ferir a Lei de Responsabilidade Fiscal. Entre janeiro e mar\u00e7o deste ano, o Executivo gastou 45,64% do or\u00e7amento com pessoal; o limite prudencial \u00e9 46,17%.<\/p>\n<p style=\"text-align: justify;\">Em nota, o governo informou que n\u00e3o houve contingenciamento nem cortes no or\u00e7amento das universidades e que cumpriu o percentual m\u00ednimo de gastos com educa\u00e7\u00e3o estabelecido pela LRF. \u201cN\u00e3o houve redu\u00e7\u00e3o de atividades ou cursos nas universidades, mas, pelo contr\u00e1rio, expans\u00e3o nesses quesitos\u201d, informou o governo, destacando que o or\u00e7amento das universidades estaduais cresceu 193% entre 2007 e 2018. Sobre as demandas dos professores, o governo diz ter sido surpreendido com a greve e classificou como inexequ\u00edvel a pauta de reivindica\u00e7\u00e3o dos professores no atual momento econ\u00f4mico. Ainda assim, afirmou que vai encaminhar uma proposta de remanejamento de vagas que possibilitar\u00e1 a promo\u00e7\u00e3o de at\u00e9 900 professores.<\/p>\n<h6 style=\"text-align: right;\">Folha de S. Paulo<\/h6>\n<div class='share-to-whatsapp-wrapper'><div class='share-on-whsp'>Share on: <\/div><a data-text='Universidades estaduais da Bahia enfrentam cortes sob PT' data-link='https:\/\/newsinfoco.com.br\/inicio\/universidades-estaduais-da-bahia-enfrentam-cortes-sob-pt\/' class='whatsapp-button whatsapp-share'>WhatsApp<\/a><div class='clear '><\/div><\/div>","protected":false},"excerpt":{"rendered":"<p>Ao mesmo tempo que critica os cortes nas universidades federais promovidos pelo presidente Jair Bolsonaro (PSL), o governador da Bahia, Rui Costa (PT), redimensionou o or\u00e7amento das universidades estaduais, congelou sal\u00e1rios e enfrenta uma greve de professores que completou um m\u00eas. Entre 2017 e 2018, o governo baiano deixou de aplicar R$ 110 milh\u00f5es \u2014diferen\u00e7a [&hellip;]<\/p>\n","protected":false},"author":1,"featured_media":13134,"comment_status":"open","ping_status":"open","sticky":false,"template":"","format":"standard","meta":{"om_disable_all_campaigns":false,"_exactmetrics_skip_tracking":false,"_exactmetrics_sitenote_active":false,"_exactmetrics_sitenote_note":"","_exactmetrics_sitenote_category":0,"footnotes":""},"categories":[19,30],"tags":[],"class_list":["post-15004","post","type-post","status-publish","format-standard","has-post-thumbnail","hentry","category-bahia","category-destaque"],"aioseo_notices":[],"_links":{"self":[{"href":"https:\/\/newsinfoco.com.br\/inicio\/wp-json\/wp\/v2\/posts\/15004","targetHints":{"allow":["GET"]}}],"collection":[{"href":"https:\/\/newsinfoco.com.br\/inicio\/wp-json\/wp\/v2\/posts"}],"about":[{"href":"https:\/\/newsinfoco.com.br\/inicio\/wp-json\/wp\/v2\/types\/post"}],"author":[{"embeddable":true,"href":"https:\/\/newsinfoco.com.br\/inicio\/wp-json\/wp\/v2\/users\/1"}],"replies":[{"embeddable":true,"href":"https:\/\/newsinfoco.com.br\/inicio\/wp-json\/wp\/v2\/comments?post=15004"}],"version-history":[{"count":0,"href":"https:\/\/newsinfoco.com.br\/inicio\/wp-json\/wp\/v2\/posts\/15004\/revisions"}],"wp:featuredmedia":[{"embeddable":true,"href":"https:\/\/newsinfoco.com.br\/inicio\/wp-json\/wp\/v2\/media\/13134"}],"wp:attachment":[{"href":"https:\/\/newsinfoco.com.br\/inicio\/wp-json\/wp\/v2\/media?parent=15004"}],"wp:term":[{"taxonomy":"category","embeddable":true,"href":"https:\/\/newsinfoco.com.br\/inicio\/wp-json\/wp\/v2\/categories?post=15004"},{"taxonomy":"post_tag","embeddable":true,"href":"https:\/\/newsinfoco.com.br\/inicio\/wp-json\/wp\/v2\/tags?post=15004"}],"curies":[{"name":"wp","href":"https:\/\/api.w.org\/{rel}","templated":true}]}}