{"id":15015,"date":"2019-05-12T21:55:56","date_gmt":"2019-05-13T00:55:56","guid":{"rendered":"http:\/\/newsinfoco.com.br\/?p=15015"},"modified":"2019-05-12T22:23:47","modified_gmt":"2019-05-13T01:23:47","slug":"apos-3-meses-de-implantacao-da-zona-azul-em-alagoinhas-dados-demonstram-aumento-de-produtividade-do-comercio","status":"publish","type":"post","link":"https:\/\/newsinfoco.com.br\/inicio\/apos-3-meses-de-implantacao-da-zona-azul-em-alagoinhas-dados-demonstram-aumento-de-produtividade-do-comercio\/","title":{"rendered":"Ap\u00f3s 3 meses de implanta\u00e7\u00e3o da zona azul em Alagoinhas, dados demonstram aumento de produtividade do com\u00e9rcio"},"content":{"rendered":"<p style=\"text-align: justify;\">Ap\u00f3s 3 meses do inicio da operacionaliza\u00e7\u00e3o do sistema de estacionamento rotativo em Alagoinhas, popularmente conhecido como zona azul, dados divulgados pela secretaria municipal da fazenda indicam que houve acr\u00e9scimo na produtividade do com\u00e9rcio de Alagoinhas nesse per\u00edodo.<\/p>\n<p style=\"text-align: justify;\">De acordo com dados fornecidos pela SEFAZ e divulgados pelo jornal Sua Cidade Em Revista, a arrecada\u00e7\u00e3o de ISS e ICMS entre janeiro e mar\u00e7o deste ano foram maiores que o mesmo per\u00edodo de 2018, quando o sistema da zona azul ainda n\u00e3o operava na cidade. Veja:<\/p><div class=\"newsi-conteudo_19\" id=\"newsi-3111029167\"><a href=\"https:\/\/www.instagram.com\/prefeituraalagoinhas?igsh=YzgzdDJ1bWR3aWI4\" aria-label=\"SAVE_20251006_221555\"><img loading=\"lazy\" decoding=\"async\" src=\"https:\/\/newsinfoco.com.br\/inicio\/wp-content\/uploads\/2025\/10\/SAVE_20251006_221555-rotated.jpg\" alt=\"\"  srcset=\"https:\/\/newsinfoco.com.br\/inicio\/wp-content\/uploads\/2025\/10\/SAVE_20251006_221555-rotated.jpg 1140w, https:\/\/newsinfoco.com.br\/inicio\/wp-content\/uploads\/2025\/10\/SAVE_20251006_221555-300x52.jpg 300w, https:\/\/newsinfoco.com.br\/inicio\/wp-content\/uploads\/2025\/10\/SAVE_20251006_221555-1024x177.jpg 1024w, https:\/\/newsinfoco.com.br\/inicio\/wp-content\/uploads\/2025\/10\/SAVE_20251006_221555-768x133.jpg 768w, https:\/\/newsinfoco.com.br\/inicio\/wp-content\/uploads\/2025\/10\/SAVE_20251006_221555-600x104.jpg 600w, https:\/\/newsinfoco.com.br\/inicio\/wp-content\/uploads\/2025\/10\/SAVE_20251006_221555-696x120.jpg 696w, https:\/\/newsinfoco.com.br\/inicio\/wp-content\/uploads\/2025\/10\/SAVE_20251006_221555-1068x185.jpg 1068w\" sizes=\"(max-width: 1140px) 100vw, 1140px\" width=\"1140\" height=\"197\"   \/><\/a><\/div>\n<p style=\"text-align: justify;\"><img loading=\"lazy\" decoding=\"async\" class=\"aligncenter size-full wp-image-15016\" src=\"http:\/\/newsinfoco.com.br\/wp-content\/uploads\/2019\/05\/IMG-20190507-WA0036.jpg\" alt=\"\" width=\"1024\" height=\"566\" srcset=\"https:\/\/newsinfoco.com.br\/inicio\/wp-content\/uploads\/2019\/05\/IMG-20190507-WA0036.jpg 1024w, https:\/\/newsinfoco.com.br\/inicio\/wp-content\/uploads\/2019\/05\/IMG-20190507-WA0036-300x166.jpg 300w, https:\/\/newsinfoco.com.br\/inicio\/wp-content\/uploads\/2019\/05\/IMG-20190507-WA0036-768x425.jpg 768w, https:\/\/newsinfoco.com.br\/inicio\/wp-content\/uploads\/2019\/05\/IMG-20190507-WA0036-600x332.jpg 600w, https:\/\/newsinfoco.com.br\/inicio\/wp-content\/uploads\/2019\/05\/IMG-20190507-WA0036-696x385.jpg 696w, https:\/\/newsinfoco.com.br\/inicio\/wp-content\/uploads\/2019\/05\/IMG-20190507-WA0036-760x420.jpg 760w\" sizes=\"auto, (max-width: 1024px) 100vw, 1024px\" \/>O\u00a0Imposto sobre Circula\u00e7\u00e3o de Mercadorias Servi\u00e7os(ICMS) \u00e9 um imposto estadual que incide sobre a movimenta\u00e7\u00e3o de mercadorias em geral. O fato gerador desse imposto \u00e9 a circula\u00e7\u00e3o de mercadorias e o n\u00edvel de sua arrecada\u00e7\u00e3o \u00e9 um indicativo de como v\u00e3o as vendas do com\u00e9rcio de um munic\u00edpio ou regi\u00e3o. De acordo com os dados fornecidos pela SEFAZ, desde janeiro deste ano, quando se iniciou a fase educativa da zona azul, at\u00e9 mar\u00e7o, a arrecada\u00e7\u00e3o com ICMS vem aumentando, principalmente se comparado com o mesmo periodo do ano anterior. At\u00e9 mar\u00e7o deste ano, o valor arrecadado com ICMS chegou a marca de R$15.675.455,00 ante R$14.844.629,00 arrecadados no mesmo periodo de 2018. Um aumento de R$830.826,00 na arrecada\u00e7\u00e3o.<\/p>\n<p style=\"text-align: justify;\">J\u00e1 o ISS (Imposto Sobre Servi\u00e7os) \u00e9 um tributo recolhido pelos munic\u00edpios e cobrado de empresas e profissionais aut\u00f4nomos de diversos setores. De janeiro at\u00e9 mar\u00e7o deste ano a prefeitura arrecadou R$7.235.868,00 ante R$5.982.978,00 arrecadados no mesmo periodo do ano passado. Uma diferen\u00e7a de R$1.252.890,00.<\/p>\n<p style=\"text-align: justify;\">Dados do\u00a0Cadastro Geral de Empregados e Desempregados (CAGED), do Minist\u00e9rio do Trabalho, ainda indica que entre janeiro e mar\u00e7o deste ano o n\u00famero de admiss\u00f5es com carteira assinada no com\u00e9rcio superou o n\u00famero de demiss\u00f5es. Houve um saldo positivo, segundo o CAGED, de 150 admiss\u00f5es. No mesmo per\u00edodo de 2018 o saldo foi negativo.<\/p>\n<p style=\"text-align: justify;\">Em conversa com o News Infoco, o presidente da CDL, Yure Azi, afirmou que no inicio da implanta\u00e7\u00e3o da zona azul houve alguns contratempos, mas que o com\u00e9rcio tem se recuperado ao longo desse tempo. Esse processo inicial de adapta\u00e7\u00e3o da popula\u00e7\u00e3o, inclusive, j\u00e1 era esperado pela entidade. Ainda de acordo com Yure, a CDL junto com as outras entidades de representa\u00e7\u00e3o dos empres\u00e1rios estudam outras mudan\u00e7as para adequar ainda mais o sistema de estacionamento rotativo aos h\u00e1bitos da popula\u00e7\u00e3o e que o apoio do com\u00e9rcio a zona azul continua.<\/p>\n<h6 style=\"text-align: right;\">Por Caio Pimenta para o News Infoco<\/h6>\n<div class='share-to-whatsapp-wrapper'><div class='share-on-whsp'>Share on: <\/div><a data-text='Ap\u00f3s 3 meses de implanta\u00e7\u00e3o da zona azul em Alagoinhas, dados demonstram aumento de produtividade do com\u00e9rcio' data-link='https:\/\/newsinfoco.com.br\/inicio\/apos-3-meses-de-implantacao-da-zona-azul-em-alagoinhas-dados-demonstram-aumento-de-produtividade-do-comercio\/' class='whatsapp-button whatsapp-share'>WhatsApp<\/a><div class='clear '><\/div><\/div>","protected":false},"excerpt":{"rendered":"<p>Ap\u00f3s 3 meses do inicio da operacionaliza\u00e7\u00e3o do sistema de estacionamento rotativo em Alagoinhas, popularmente conhecido como zona azul, dados divulgados pela secretaria municipal da fazenda indicam que houve acr\u00e9scimo na produtividade do com\u00e9rcio de Alagoinhas nesse per\u00edodo. De acordo com dados fornecidos pela SEFAZ e divulgados pelo jornal Sua Cidade Em Revista, a arrecada\u00e7\u00e3o [&hellip;]<\/p>\n","protected":false},"author":1,"featured_media":15017,"comment_status":"open","ping_status":"open","sticky":false,"template":"","format":"standard","meta":{"om_disable_all_campaigns":false,"_exactmetrics_skip_tracking":false,"_exactmetrics_sitenote_active":false,"_exactmetrics_sitenote_note":"","_exactmetrics_sitenote_category":0,"footnotes":""},"categories":[38,30],"tags":[],"class_list":["post-15015","post","type-post","status-publish","format-standard","has-post-thumbnail","hentry","category-alagoinhas-e-regiao","category-destaque"],"aioseo_notices":[],"_links":{"self":[{"href":"https:\/\/newsinfoco.com.br\/inicio\/wp-json\/wp\/v2\/posts\/15015","targetHints":{"allow":["GET"]}}],"collection":[{"href":"https:\/\/newsinfoco.com.br\/inicio\/wp-json\/wp\/v2\/posts"}],"about":[{"href":"https:\/\/newsinfoco.com.br\/inicio\/wp-json\/wp\/v2\/types\/post"}],"author":[{"embeddable":true,"href":"https:\/\/newsinfoco.com.br\/inicio\/wp-json\/wp\/v2\/users\/1"}],"replies":[{"embeddable":true,"href":"https:\/\/newsinfoco.com.br\/inicio\/wp-json\/wp\/v2\/comments?post=15015"}],"version-history":[{"count":0,"href":"https:\/\/newsinfoco.com.br\/inicio\/wp-json\/wp\/v2\/posts\/15015\/revisions"}],"wp:featuredmedia":[{"embeddable":true,"href":"https:\/\/newsinfoco.com.br\/inicio\/wp-json\/wp\/v2\/media\/15017"}],"wp:attachment":[{"href":"https:\/\/newsinfoco.com.br\/inicio\/wp-json\/wp\/v2\/media?parent=15015"}],"wp:term":[{"taxonomy":"category","embeddable":true,"href":"https:\/\/newsinfoco.com.br\/inicio\/wp-json\/wp\/v2\/categories?post=15015"},{"taxonomy":"post_tag","embeddable":true,"href":"https:\/\/newsinfoco.com.br\/inicio\/wp-json\/wp\/v2\/tags?post=15015"}],"curies":[{"name":"wp","href":"https:\/\/api.w.org\/{rel}","templated":true}]}}