{"id":15035,"date":"2019-05-13T17:55:14","date_gmt":"2019-05-13T20:55:14","guid":{"rendered":"http:\/\/newsinfoco.com.br\/?p=15035"},"modified":"2019-05-13T17:56:14","modified_gmt":"2019-05-13T20:56:14","slug":"oposicoes-preveem-luta-fratricida-entre-psd-pp-e-pt-por-prefeituras-em-2020","status":"publish","type":"post","link":"https:\/\/newsinfoco.com.br\/inicio\/oposicoes-preveem-luta-fratricida-entre-psd-pp-e-pt-por-prefeituras-em-2020\/","title":{"rendered":"Oposi\u00e7\u00f5es prev\u00eaem luta fratricida entre PSD, PP e PT por Prefeituras em 2020"},"content":{"rendered":"<p style=\"text-align: justify;\">De acordo com o site Politica Livre, deputados de oposi\u00e7\u00e3o tem dito que assistir\u00e3o\u00a0de camarote \u00e0 disputa que PSD, PP e PT, principais membros da coaliz\u00e3o que d\u00e1 sustenta\u00e7\u00e3o ao governo Rui Costa (PT), travar\u00e3o pela conquista do maior n\u00famero poss\u00edvel de Prefeituras no interior em 2020.<\/p>\n<p style=\"text-align: justify;\">Eles est\u00e3o convencidos de que a guerra na base governista ser\u00e1 muito superior \u00e0 que pode acontecer entre os pr\u00f3prios oposicionistas. O motivo \u00e9 um s\u00f3: quanto maior o contingente de prefeitos, em tese, mais forte o partido chegar\u00e1 para disputar espa\u00e7o ou mesmo impor sua estrat\u00e9gia \u00e0 futura chapa ao governo.<\/p><div class=\"newsi-conteudo_19\" id=\"newsi-3869516974\"><a href=\"https:\/\/www.instagram.com\/prefeituraalagoinhas?igsh=YzgzdDJ1bWR3aWI4\" aria-label=\"SAVE_20251006_221555\"><img loading=\"lazy\" decoding=\"async\" src=\"https:\/\/newsinfoco.com.br\/inicio\/wp-content\/uploads\/2025\/10\/SAVE_20251006_221555-rotated.jpg\" alt=\"\"  srcset=\"https:\/\/newsinfoco.com.br\/inicio\/wp-content\/uploads\/2025\/10\/SAVE_20251006_221555-rotated.jpg 1140w, https:\/\/newsinfoco.com.br\/inicio\/wp-content\/uploads\/2025\/10\/SAVE_20251006_221555-300x52.jpg 300w, https:\/\/newsinfoco.com.br\/inicio\/wp-content\/uploads\/2025\/10\/SAVE_20251006_221555-1024x177.jpg 1024w, https:\/\/newsinfoco.com.br\/inicio\/wp-content\/uploads\/2025\/10\/SAVE_20251006_221555-768x133.jpg 768w, https:\/\/newsinfoco.com.br\/inicio\/wp-content\/uploads\/2025\/10\/SAVE_20251006_221555-600x104.jpg 600w, https:\/\/newsinfoco.com.br\/inicio\/wp-content\/uploads\/2025\/10\/SAVE_20251006_221555-696x120.jpg 696w, https:\/\/newsinfoco.com.br\/inicio\/wp-content\/uploads\/2025\/10\/SAVE_20251006_221555-1068x185.jpg 1068w\" sizes=\"(max-width: 1140px) 100vw, 1140px\" width=\"1140\" height=\"197\"   \/><\/a><\/div>\n<p style=\"text-align: justify;\">Tradicionalmente, tem funcionado assim. Enquanto o PSD, comandando pelo senador Otto Alencar, e o PP, do vice-governador Jo\u00e3o Le\u00e3o, considerados duas \u00e1guias da pol\u00edtica baiana, falam abertamente em ampliar sua base de prefeitos, uma declara\u00e7\u00e3o do presidente do PT, Everaldo Anuncia\u00e7\u00e3o, dizendo que a legenda trabalharia para manter o n\u00famero atual de seus representantes no interior, causou irrita\u00e7\u00e3o em setores da legenda.<\/p>\n<p style=\"text-align: justify;\">Os cr\u00edticos de Everaldo acham que faltou agressividade ao l\u00edder petista, que n\u00e3o deveria se contentar com o fato de o PT comandar hoje o governo do Estado, mas refor\u00e7ar as baterias para que o partido saia mais forte no interior das elei\u00e7\u00f5es do pr\u00f3ximo ano, inclusive para tentar garantir a presen\u00e7a do sigla na cabe\u00e7a da chapa governista, em 2022.<\/p>\n<p style=\"text-align: justify;\">\u201cPelo visto, Everaldo n\u00e3o entendeu que em 2022 o cen\u00e1rio ser\u00e1 outro, porque o PT estar\u00e1 completando 16 anos no governo e os aliados de hoje j\u00e1 come\u00e7am a dizer que o tempo do PT no comando do Estado j\u00e1 deu. S\u00f3 estando forte, o partido poder\u00e1 ajudar o governador a impor seu candidato \u00e0 sucess\u00e3o estadual\u201d, diz um deputado petista.<\/p>\n<h6 style=\"text-align: right;\">Politica Livre<\/h6>\n<div class='share-to-whatsapp-wrapper'><div class='share-on-whsp'>Share on: <\/div><a data-text='Oposi\u00e7\u00f5es prev\u00eaem luta fratricida entre PSD, PP e PT por Prefeituras em 2020' data-link='https:\/\/newsinfoco.com.br\/inicio\/oposicoes-preveem-luta-fratricida-entre-psd-pp-e-pt-por-prefeituras-em-2020\/' class='whatsapp-button whatsapp-share'>WhatsApp<\/a><div class='clear '><\/div><\/div>","protected":false},"excerpt":{"rendered":"<p>De acordo com o site Politica Livre, deputados de oposi\u00e7\u00e3o tem dito que assistir\u00e3o\u00a0de camarote \u00e0 disputa que PSD, PP e PT, principais membros da coaliz\u00e3o que d\u00e1 sustenta\u00e7\u00e3o ao governo Rui Costa (PT), travar\u00e3o pela conquista do maior n\u00famero poss\u00edvel de Prefeituras no interior em 2020. Eles est\u00e3o convencidos de que a guerra na [&hellip;]<\/p>\n","protected":false},"author":1,"featured_media":15036,"comment_status":"open","ping_status":"open","sticky":false,"template":"","format":"standard","meta":{"om_disable_all_campaigns":false,"_exactmetrics_skip_tracking":false,"_exactmetrics_sitenote_active":false,"_exactmetrics_sitenote_note":"","_exactmetrics_sitenote_category":0,"footnotes":""},"categories":[19,30],"tags":[],"class_list":["post-15035","post","type-post","status-publish","format-standard","has-post-thumbnail","hentry","category-bahia","category-destaque"],"aioseo_notices":[],"_links":{"self":[{"href":"https:\/\/newsinfoco.com.br\/inicio\/wp-json\/wp\/v2\/posts\/15035","targetHints":{"allow":["GET"]}}],"collection":[{"href":"https:\/\/newsinfoco.com.br\/inicio\/wp-json\/wp\/v2\/posts"}],"about":[{"href":"https:\/\/newsinfoco.com.br\/inicio\/wp-json\/wp\/v2\/types\/post"}],"author":[{"embeddable":true,"href":"https:\/\/newsinfoco.com.br\/inicio\/wp-json\/wp\/v2\/users\/1"}],"replies":[{"embeddable":true,"href":"https:\/\/newsinfoco.com.br\/inicio\/wp-json\/wp\/v2\/comments?post=15035"}],"version-history":[{"count":0,"href":"https:\/\/newsinfoco.com.br\/inicio\/wp-json\/wp\/v2\/posts\/15035\/revisions"}],"wp:featuredmedia":[{"embeddable":true,"href":"https:\/\/newsinfoco.com.br\/inicio\/wp-json\/wp\/v2\/media\/15036"}],"wp:attachment":[{"href":"https:\/\/newsinfoco.com.br\/inicio\/wp-json\/wp\/v2\/media?parent=15035"}],"wp:term":[{"taxonomy":"category","embeddable":true,"href":"https:\/\/newsinfoco.com.br\/inicio\/wp-json\/wp\/v2\/categories?post=15035"},{"taxonomy":"post_tag","embeddable":true,"href":"https:\/\/newsinfoco.com.br\/inicio\/wp-json\/wp\/v2\/tags?post=15035"}],"curies":[{"name":"wp","href":"https:\/\/api.w.org\/{rel}","templated":true}]}}