{"id":15051,"date":"2019-05-14T18:00:22","date_gmt":"2019-05-14T21:00:22","guid":{"rendered":"http:\/\/newsinfoco.com.br\/?p=15051"},"modified":"2019-05-14T18:00:22","modified_gmt":"2019-05-14T21:00:22","slug":"prefeitura-de-alagoinhas-realiza-triagem-para-cirurgias-eletivas-de-catarata-nesta-sexta-feira17","status":"publish","type":"post","link":"https:\/\/newsinfoco.com.br\/inicio\/prefeitura-de-alagoinhas-realiza-triagem-para-cirurgias-eletivas-de-catarata-nesta-sexta-feira17\/","title":{"rendered":"Prefeitura de Alagoinhas realiza triagem para cirurgias eletivas de catarata nesta sexta-feira(17)"},"content":{"rendered":"<p style=\"text-align: justify;\">Visando abarcar a demanda reprimida e garantir a presta\u00e7\u00e3o de servi\u00e7os efetivos aos usu\u00e1rios que buscam atendimento oftalmol\u00f3gico na rede municipal, a Prefeitura anunciou, esta semana, a realiza\u00e7\u00e3o de cirurgias eletivas de catarata.<\/p>\n<p style=\"text-align: justify;\">A 1\u00aa etapa, de triagem dos pacientes, ser\u00e1 realizada nesta sexta-feira, dia 17 de maio, a partir das 7h, na Santa Casa de Miseric\u00f3rdia, onde a Secretaria Municipal de Sa\u00fade (SESAU) promove um mutir\u00e3o de atendimentos para a etapa avaliativa com consulta oftalmol\u00f3gica.<\/p><div class=\"newsi-conteudo_19\" id=\"newsi-697908907\"><a href=\"https:\/\/www.instagram.com\/prefeituraalagoinhas?igsh=YzgzdDJ1bWR3aWI4\" aria-label=\"SAVE_20251006_221555\"><img loading=\"lazy\" decoding=\"async\" src=\"https:\/\/newsinfoco.com.br\/inicio\/wp-content\/uploads\/2025\/10\/SAVE_20251006_221555-rotated.jpg\" alt=\"\"  srcset=\"https:\/\/newsinfoco.com.br\/inicio\/wp-content\/uploads\/2025\/10\/SAVE_20251006_221555-rotated.jpg 1140w, https:\/\/newsinfoco.com.br\/inicio\/wp-content\/uploads\/2025\/10\/SAVE_20251006_221555-300x52.jpg 300w, https:\/\/newsinfoco.com.br\/inicio\/wp-content\/uploads\/2025\/10\/SAVE_20251006_221555-1024x177.jpg 1024w, https:\/\/newsinfoco.com.br\/inicio\/wp-content\/uploads\/2025\/10\/SAVE_20251006_221555-768x133.jpg 768w, https:\/\/newsinfoco.com.br\/inicio\/wp-content\/uploads\/2025\/10\/SAVE_20251006_221555-600x104.jpg 600w, https:\/\/newsinfoco.com.br\/inicio\/wp-content\/uploads\/2025\/10\/SAVE_20251006_221555-696x120.jpg 696w, https:\/\/newsinfoco.com.br\/inicio\/wp-content\/uploads\/2025\/10\/SAVE_20251006_221555-1068x185.jpg 1068w\" sizes=\"(max-width: 1140px) 100vw, 1140px\" width=\"1140\" height=\"197\"   \/><\/a><\/div>\n<p style=\"text-align: justify;\">Apenas indiv\u00edduos acima de 50 anos com hist\u00f3rico da doen\u00e7a podem participar e devem procurar a unidade de sa\u00fade de refer\u00eancia ou a mais pr\u00f3xima de sua resid\u00eancia para o encaminhamento \u00e0 triagem. \u00c9 necess\u00e1rio apresentar documento de identidade, cart\u00e3o SUS e comprovante de resid\u00eancia.<\/p>\n<p style=\"text-align: justify;\">\u201cAnteriormente, h\u00e1 alguns anos, essas cirurgias eram realizadas no contrato do munic\u00edpio com o Hospital Dantas Bi\u00e3o, mas, depois que elas foram extintas do contrato, o munic\u00edpio ficou desassistido no que se refere \u00e0s cirurgias eletivas. Com a nova pactua\u00e7\u00e3o, de 2019, realizaremos as cirurgias oftalmol\u00f3gicas, inicialmente, de catarata, atrav\u00e9s da presta\u00e7\u00e3o de servi\u00e7os da Santa Casa de Miseric\u00f3rdia. Isso significa um grande salto no atendimento, porque os nossos pacientes n\u00e3o precisar\u00e3o se deslocar a munic\u00edpios pactuados para fazer o procedimento\u201d, enfatizou Luciane Vasconcelos, assessora t\u00e9cnica da SESAU.<\/p>\n<p style=\"text-align: justify;\">Segundo a secret\u00e1ria municipal de sa\u00fade, Rosania Rabelo, o grande passo \u00e0 frente, no atendimento \u00e0 popula\u00e7\u00e3o, reflete o comprometimento da gest\u00e3o municipal na busca por uma sa\u00fade de qualidade para todos.<\/p>\n<p style=\"text-align: justify;\">\u201cNosso foco \u00e9 o usu\u00e1rio. Temos trabalhado diuturnamente para garantir que o servi\u00e7o chegue com qualidade na ponta, a quem precisa. Ent\u00e3o \u00e9 uma alegria ativar um servi\u00e7o t\u00e3o importante para a popula\u00e7\u00e3o. A catarata \u00e9 a principal causa de cegueira revers\u00edvel no Brasil, segundo dados da Sociedade Brasileira de Oftalmologia, e o acesso ao atendimento m\u00e9dico oftalmol\u00f3gico \u00e9 decisivo para alterar as condi\u00e7\u00f5es de sa\u00fade ocular, ent\u00e3o quando reativamos um servi\u00e7o como esse, trazemos novas perspectivas para a nossa popula\u00e7\u00e3o\u201d, ressaltou a gestora respons\u00e1vel pela pasta.<\/p>\n<p style=\"text-align: justify;\">De acordo com a SESAU, no dia 24 de maio, os pacientes que passaram pela triagem realizar\u00e3o nova consulta para avalia\u00e7\u00e3o dos exames pr\u00e9-operat\u00f3rios. Os indiv\u00edduos que forem considerados aptos j\u00e1 saem encaminhados para a cirurgia, que tem data garantida: 1\u00b0 de junho.<\/p>\n<p style=\"text-align: justify;\">Todo o acompanhamento de p\u00f3s-operat\u00f3rio tamb\u00e9m ser\u00e1 realizado pela equipe t\u00e9cnica e os pacientes passam por uma revis\u00e3o cir\u00fargica no dia seguinte (02\/06).<\/p>\n<p style=\"text-align: justify;\">A Secretaria de Sa\u00fade informou ainda que outras cirurgias eletivas, como hernioplastia, histerectomia total, laqueadura tub\u00e1ria e miomectomia, entre outras, tamb\u00e9m ser\u00e3o realizadas com a pactua\u00e7\u00e3o. A previs\u00e3o \u00e9 de que os procedimentos sejam disponibilizados j\u00e1 nos pr\u00f3ximos meses n\u00e3o apenas para o cidad\u00e3o de Alagoinhas, mas contemplando tamb\u00e9m pacientes da macrorregi\u00e3o.<\/p>\n<h6 style=\"text-align: right;\">Secom Alagoinhas<\/h6>\n<div style=\"text-align: justify;\" align=\"right\"><\/div>\n<div class='share-to-whatsapp-wrapper'><div class='share-on-whsp'>Share on: <\/div><a data-text='Prefeitura de Alagoinhas realiza triagem para cirurgias eletivas de catarata nesta sexta-feira(17)' data-link='https:\/\/newsinfoco.com.br\/inicio\/prefeitura-de-alagoinhas-realiza-triagem-para-cirurgias-eletivas-de-catarata-nesta-sexta-feira17\/' class='whatsapp-button whatsapp-share'>WhatsApp<\/a><div class='clear '><\/div><\/div>","protected":false},"excerpt":{"rendered":"<p>Visando abarcar a demanda reprimida e garantir a presta\u00e7\u00e3o de servi\u00e7os efetivos aos usu\u00e1rios que buscam atendimento oftalmol\u00f3gico na rede municipal, a Prefeitura anunciou, esta semana, a realiza\u00e7\u00e3o de cirurgias eletivas de catarata. A 1\u00aa etapa, de triagem dos pacientes, ser\u00e1 realizada nesta sexta-feira, dia 17 de maio, a partir das 7h, na Santa Casa [&hellip;]<\/p>\n","protected":false},"author":1,"featured_media":15052,"comment_status":"open","ping_status":"open","sticky":false,"template":"","format":"standard","meta":{"om_disable_all_campaigns":false,"_exactmetrics_skip_tracking":false,"_exactmetrics_sitenote_active":false,"_exactmetrics_sitenote_note":"","_exactmetrics_sitenote_category":0,"footnotes":""},"categories":[38,30],"tags":[],"class_list":["post-15051","post","type-post","status-publish","format-standard","has-post-thumbnail","hentry","category-alagoinhas-e-regiao","category-destaque"],"aioseo_notices":[],"_links":{"self":[{"href":"https:\/\/newsinfoco.com.br\/inicio\/wp-json\/wp\/v2\/posts\/15051","targetHints":{"allow":["GET"]}}],"collection":[{"href":"https:\/\/newsinfoco.com.br\/inicio\/wp-json\/wp\/v2\/posts"}],"about":[{"href":"https:\/\/newsinfoco.com.br\/inicio\/wp-json\/wp\/v2\/types\/post"}],"author":[{"embeddable":true,"href":"https:\/\/newsinfoco.com.br\/inicio\/wp-json\/wp\/v2\/users\/1"}],"replies":[{"embeddable":true,"href":"https:\/\/newsinfoco.com.br\/inicio\/wp-json\/wp\/v2\/comments?post=15051"}],"version-history":[{"count":0,"href":"https:\/\/newsinfoco.com.br\/inicio\/wp-json\/wp\/v2\/posts\/15051\/revisions"}],"wp:featuredmedia":[{"embeddable":true,"href":"https:\/\/newsinfoco.com.br\/inicio\/wp-json\/wp\/v2\/media\/15052"}],"wp:attachment":[{"href":"https:\/\/newsinfoco.com.br\/inicio\/wp-json\/wp\/v2\/media?parent=15051"}],"wp:term":[{"taxonomy":"category","embeddable":true,"href":"https:\/\/newsinfoco.com.br\/inicio\/wp-json\/wp\/v2\/categories?post=15051"},{"taxonomy":"post_tag","embeddable":true,"href":"https:\/\/newsinfoco.com.br\/inicio\/wp-json\/wp\/v2\/tags?post=15051"}],"curies":[{"name":"wp","href":"https:\/\/api.w.org\/{rel}","templated":true}]}}