{"id":15064,"date":"2019-05-15T18:27:56","date_gmt":"2019-05-15T21:27:56","guid":{"rendered":"http:\/\/newsinfoco.com.br\/?p=15064"},"modified":"2019-05-15T18:33:07","modified_gmt":"2019-05-15T21:33:07","slug":"prb-quer-roberto-torres-candidato-a-prefeito-de-alagoinhas-em-2020","status":"publish","type":"post","link":"https:\/\/newsinfoco.com.br\/inicio\/prb-quer-roberto-torres-candidato-a-prefeito-de-alagoinhas-em-2020\/","title":{"rendered":"PRB quer Roberto Torres candidato a prefeito de Alagoinhas em 2020"},"content":{"rendered":"<p style=\"text-align: justify;\">O PRB, na Bahia comandado pelo deputado federal M\u00e1rcio Marinho, quer que o vereador Roberto Torres seja o nome do partido na disputa pela prefeitura de Alagoinhas no ano que vem. A agremia\u00e7\u00e3o, que nunca governou Alagoinhas, acredita que o vereador, que \u00e9 presidente da C\u00e2mara Municipal, tem um perfil de bom gestor, al\u00e9m de credibilidade. Estes aspectos, num momento em que as for\u00e7as politicas tradicionais da cidade passam por um momento de desgaste e descr\u00e9dito perante o eleitor, para o PRB, faz toda diferen\u00e7a.<\/p>\n<p style=\"text-align: justify;\">Fontes revelaram ao News Infoco que pesquisas iniciais demonstram um espa\u00e7o para crescimento de uma candidatura Roberto Torres em um cen\u00e1rio em que o prefeito Joaquim Neto tem problemas de aprova\u00e7\u00e3o e o ex-prefeito Paulo Cezar \u00e9 alvo de den\u00fancias do MP que investiga sua participa\u00e7\u00e3o em um esquema de fraude na licita\u00e7\u00e3o do transporte escolar quando ainda era prefeito do municipio.<\/p><div class=\"newsi-conteudo_19\" id=\"newsi-3819494353\"><a href=\"https:\/\/www.instagram.com\/prefeituraalagoinhas?igsh=YzgzdDJ1bWR3aWI4\" aria-label=\"SAVE_20251006_221555\"><img loading=\"lazy\" decoding=\"async\" src=\"https:\/\/newsinfoco.com.br\/inicio\/wp-content\/uploads\/2025\/10\/SAVE_20251006_221555-rotated.jpg\" alt=\"\"  srcset=\"https:\/\/newsinfoco.com.br\/inicio\/wp-content\/uploads\/2025\/10\/SAVE_20251006_221555-rotated.jpg 1140w, https:\/\/newsinfoco.com.br\/inicio\/wp-content\/uploads\/2025\/10\/SAVE_20251006_221555-300x52.jpg 300w, https:\/\/newsinfoco.com.br\/inicio\/wp-content\/uploads\/2025\/10\/SAVE_20251006_221555-1024x177.jpg 1024w, https:\/\/newsinfoco.com.br\/inicio\/wp-content\/uploads\/2025\/10\/SAVE_20251006_221555-768x133.jpg 768w, https:\/\/newsinfoco.com.br\/inicio\/wp-content\/uploads\/2025\/10\/SAVE_20251006_221555-600x104.jpg 600w, https:\/\/newsinfoco.com.br\/inicio\/wp-content\/uploads\/2025\/10\/SAVE_20251006_221555-696x120.jpg 696w, https:\/\/newsinfoco.com.br\/inicio\/wp-content\/uploads\/2025\/10\/SAVE_20251006_221555-1068x185.jpg 1068w\" sizes=\"(max-width: 1140px) 100vw, 1140px\" width=\"1140\" height=\"197\"   \/><\/a><\/div>\n<p style=\"text-align: justify;\">Outras for\u00e7as locais tamb\u00e9m enfrentam problemas. O vereador Luciano S\u00e9rgio, pr\u00e9-candidato do PT, \u00e9 visto com desconfian\u00e7a pelo eleitorado, muitos n\u00e3o acreditam que ele realmente ser\u00e1 o candidato do partido que tem nomes como Radiovaldo Costa e o deputado federal Joseildo Ramos. Al\u00e9m disso, problemas na seguran\u00e7a p\u00fablica, hospital Dantas Bi\u00e3o, sucessivas fugas na delegacia, falta do rabec\u00e3o, a greve das universidades estaduais e as medidas impopulares de austeridade do governador Rui Costa para com o funcionalismo p\u00fablico tem desgastado a imagem do partido na cidade.<\/p>\n<p style=\"text-align: justify;\">Do outro lado no espectro politico, o DEM do deputado Paulo Azi tenta engrenar a candidatura Fabricio Faro, ex-secret\u00e1rio municipal de educa\u00e7\u00e3o. Apesar de ser bem avaliado pelo seu trabalho na SEDUC e ter ineg\u00e1veis qualidades t\u00e9cnicas e administrativas, o partido se fragilizou no munic\u00edpio, ap\u00f3s o rompimento com o prefeito Joaquim Neto que culminou na perda dos cargos na prefeitura. Al\u00e9m disso, desde seu voto pela aprova\u00e7\u00e3o da reforma trabalhista e do apoio ao presidente Temer, o deputado Paulo Azi, padrinho politico de Faro, sofreu desgaste na sua imagem perante a popula\u00e7\u00e3o. Com sua imagem muito ligada ao deputado, essa impopularidade tende a atrapalhar uma poss\u00edvel candidatura Fabricio Faro.<\/p>\n<p style=\"text-align: justify;\">\u00c9 nesse cen\u00e1rio que o PRB entende a candidatura Roberto Torres com chances reais de vit\u00f3ria. \u00c9 t\u00e3o grande a confian\u00e7a no nome de Roberto Torres, que segundo estas mesmas fontes, h\u00e1 uma press\u00e3o do partido pelo afastamento definitivo de Roberto com o governo Joaquim Neto, que culminaria na entrega de cargos que o vereador possui na administra\u00e7\u00e3o municipal.<\/p>\n<p style=\"text-align: justify;\">Em entrevista concedida ontem(14) no programa Primeira M\u00e3o, da r\u00e1dio 95 FM, Roberto Torres se mostrou comedido. Reiterou sua pr\u00e9-candidatura a prefeitura, disse que n\u00e3o disputa mais a elei\u00e7\u00e3o de vereador, mas condicionou o lan\u00e7amento de sua candidatura aos resultados de pesquisas que devem ser feitas durante o ano. Roberto j\u00e1 conversa com outras lideran\u00e7as politicas um apoio a sua candidatura. Ele tamb\u00e9m n\u00e3o descartou compor a chapa em outra candidatura que se mostre mais vi\u00e1vel nestas pesquisas.<\/p>\n<p style=\"text-align: justify;\">Quando questionado se romperia com prefeito Joaquim Neto, Roberto foi evasivo. Disse que ainda avalia os cen\u00e1rios, mas que caso decida realmente colocar seu nome na disputa, entregar\u00e1 os cargos dos quais possui indica\u00e7\u00e3o.<\/p>\n<h6 style=\"text-align: right;\"><\/h6>\n<h6 style=\"text-align: right;\">Por Caio Pimenta para o News Infoco<\/h6>\n<p style=\"text-align: justify;\">\n<div class='share-to-whatsapp-wrapper'><div class='share-on-whsp'>Share on: <\/div><a data-text='PRB quer Roberto Torres candidato a prefeito de Alagoinhas em 2020' data-link='https:\/\/newsinfoco.com.br\/inicio\/prb-quer-roberto-torres-candidato-a-prefeito-de-alagoinhas-em-2020\/' class='whatsapp-button whatsapp-share'>WhatsApp<\/a><div class='clear '><\/div><\/div>","protected":false},"excerpt":{"rendered":"<p>O PRB, na Bahia comandado pelo deputado federal M\u00e1rcio Marinho, quer que o vereador Roberto Torres seja o nome do partido na disputa pela prefeitura de Alagoinhas no ano que vem. A agremia\u00e7\u00e3o, que nunca governou Alagoinhas, acredita que o vereador, que \u00e9 presidente da C\u00e2mara Municipal, tem um perfil de bom gestor, al\u00e9m de [&hellip;]<\/p>\n","protected":false},"author":1,"featured_media":3041,"comment_status":"open","ping_status":"open","sticky":false,"template":"","format":"standard","meta":{"om_disable_all_campaigns":false,"_exactmetrics_skip_tracking":false,"_exactmetrics_sitenote_active":false,"_exactmetrics_sitenote_note":"","_exactmetrics_sitenote_category":0,"footnotes":""},"categories":[38,30],"tags":[],"class_list":["post-15064","post","type-post","status-publish","format-standard","has-post-thumbnail","hentry","category-alagoinhas-e-regiao","category-destaque"],"aioseo_notices":[],"_links":{"self":[{"href":"https:\/\/newsinfoco.com.br\/inicio\/wp-json\/wp\/v2\/posts\/15064","targetHints":{"allow":["GET"]}}],"collection":[{"href":"https:\/\/newsinfoco.com.br\/inicio\/wp-json\/wp\/v2\/posts"}],"about":[{"href":"https:\/\/newsinfoco.com.br\/inicio\/wp-json\/wp\/v2\/types\/post"}],"author":[{"embeddable":true,"href":"https:\/\/newsinfoco.com.br\/inicio\/wp-json\/wp\/v2\/users\/1"}],"replies":[{"embeddable":true,"href":"https:\/\/newsinfoco.com.br\/inicio\/wp-json\/wp\/v2\/comments?post=15064"}],"version-history":[{"count":0,"href":"https:\/\/newsinfoco.com.br\/inicio\/wp-json\/wp\/v2\/posts\/15064\/revisions"}],"wp:featuredmedia":[{"embeddable":true,"href":"https:\/\/newsinfoco.com.br\/inicio\/wp-json\/wp\/v2\/media\/3041"}],"wp:attachment":[{"href":"https:\/\/newsinfoco.com.br\/inicio\/wp-json\/wp\/v2\/media?parent=15064"}],"wp:term":[{"taxonomy":"category","embeddable":true,"href":"https:\/\/newsinfoco.com.br\/inicio\/wp-json\/wp\/v2\/categories?post=15064"},{"taxonomy":"post_tag","embeddable":true,"href":"https:\/\/newsinfoco.com.br\/inicio\/wp-json\/wp\/v2\/tags?post=15064"}],"curies":[{"name":"wp","href":"https:\/\/api.w.org\/{rel}","templated":true}]}}