{"id":15069,"date":"2019-05-15T21:20:19","date_gmt":"2019-05-16T00:20:19","guid":{"rendered":"http:\/\/newsinfoco.com.br\/?p=15069"},"modified":"2019-05-15T21:20:19","modified_gmt":"2019-05-16T00:20:19","slug":"tite-convoca-selecao-brasileira-para-copa-america","status":"publish","type":"post","link":"https:\/\/newsinfoco.com.br\/inicio\/tite-convoca-selecao-brasileira-para-copa-america\/","title":{"rendered":"Tite convoca sele\u00e7\u00e3o brasileira para Copa America"},"content":{"rendered":"<p dir=\"auto\" style=\"text-align: justify;\">O t\u00e9cnico Tite divulgar\u00e1 no dia 17 de maio, sexta-feira, as 11 horas da manh\u00e3, a lista dos 23 convocados para a Copa Am\u00e9rica que ser\u00e1 disputada no Brasil. A divulga\u00e7\u00e3o acontece 3 dias antes do inicio dos trabalhos na Granja Comary. O objetivo do treinador brasileiro \u00e9 reunir comiss\u00e3o t\u00e9cnica e jogadores dispon\u00edveis a partir do dia 20 na sede em Teres\u00f3polis.<\/p>\n<p dir=\"auto\" style=\"text-align: justify;\">A sele\u00e7\u00e3o brasileira faz sua estr\u00e9ia na Copa Am\u00e9rica no dia 14 de junho, uma\u00a0 sexta-feira, contra a Bol\u00edvia no Est\u00e1dio do Morumbi, em S\u00e3o Paulo. Tamb\u00e9m pela primeira fase, no Grupo A, a sele\u00e7\u00e3o ainda enfrenta a Venezuela no dia 18, ter\u00e7a-feira, em Salvador, e o Peru no dia 22, s\u00e1bado, novamente em S\u00e3o Paulo, mas desta vez na Arena Corinthians. Antes disso tudo, a sele\u00e7\u00e3o disputa um amistoso contra o Qatar no dia 5 de junho, quarta-feira, no Maracan\u00e3.<\/p><div class=\"newsi-conteudo_19\" id=\"newsi-4138804618\"><a href=\"https:\/\/www.instagram.com\/prefeituraalagoinhas?igsh=YzgzdDJ1bWR3aWI4\" aria-label=\"SAVE_20251006_221555\"><img loading=\"lazy\" decoding=\"async\" src=\"https:\/\/newsinfoco.com.br\/inicio\/wp-content\/uploads\/2025\/10\/SAVE_20251006_221555-rotated.jpg\" alt=\"\"  srcset=\"https:\/\/newsinfoco.com.br\/inicio\/wp-content\/uploads\/2025\/10\/SAVE_20251006_221555-rotated.jpg 1140w, https:\/\/newsinfoco.com.br\/inicio\/wp-content\/uploads\/2025\/10\/SAVE_20251006_221555-300x52.jpg 300w, https:\/\/newsinfoco.com.br\/inicio\/wp-content\/uploads\/2025\/10\/SAVE_20251006_221555-1024x177.jpg 1024w, https:\/\/newsinfoco.com.br\/inicio\/wp-content\/uploads\/2025\/10\/SAVE_20251006_221555-768x133.jpg 768w, https:\/\/newsinfoco.com.br\/inicio\/wp-content\/uploads\/2025\/10\/SAVE_20251006_221555-600x104.jpg 600w, https:\/\/newsinfoco.com.br\/inicio\/wp-content\/uploads\/2025\/10\/SAVE_20251006_221555-696x120.jpg 696w, https:\/\/newsinfoco.com.br\/inicio\/wp-content\/uploads\/2025\/10\/SAVE_20251006_221555-1068x185.jpg 1068w\" sizes=\"(max-width: 1140px) 100vw, 1140px\" width=\"1140\" height=\"197\"   \/><\/a><\/div>\n<p dir=\"auto\" style=\"text-align: justify;\">A Copa America 2019 ter\u00e1 12 sele\u00e7\u00f5es divididas em tr\u00eas grupos. Esse ano teremos as sele\u00e7\u00f5es do Qatar e Jap\u00e3o que foram convidadas. Confira os grupos:<\/p>\n<p dir=\"auto\" style=\"text-align: justify;\"><strong>Grupo A<\/strong><\/p>\n<ol>\n<li dir=\"auto\" style=\"text-align: justify;\">Brasil<\/li>\n<li dir=\"auto\" style=\"text-align: justify;\">Bol\u00edvia<\/li>\n<li dir=\"auto\" style=\"text-align: justify;\">Peru<\/li>\n<li dir=\"auto\" style=\"text-align: justify;\">Venezuela.<\/li>\n<\/ol>\n<p><strong>Grupo B<\/strong><\/p>\n<ol>\n<li dir=\"auto\" style=\"text-align: justify;\">Argentina<\/li>\n<li dir=\"auto\" style=\"text-align: justify;\">Col\u00f4mbia<\/li>\n<li dir=\"auto\" style=\"text-align: justify;\">Paraguai<\/li>\n<li dir=\"auto\" style=\"text-align: justify;\">Qatar.<\/li>\n<\/ol>\n<p dir=\"auto\" style=\"text-align: justify;\"><strong>Grupo C<\/strong><\/p>\n<ol>\n<li dir=\"auto\" style=\"text-align: justify;\">Chile<\/li>\n<li dir=\"auto\" style=\"text-align: justify;\">Equador<\/li>\n<li dir=\"auto\" style=\"text-align: justify;\">Jap\u00e3o<\/li>\n<li dir=\"auto\" style=\"text-align: justify;\">Uruguai<\/li>\n<\/ol>\n<h6 style=\"text-align: right;\">Por Andr\u00e9 Luiz para o News Infoco<\/h6>\n<div class='share-to-whatsapp-wrapper'><div class='share-on-whsp'>Share on: <\/div><a data-text='Tite convoca sele\u00e7\u00e3o brasileira para Copa America' data-link='https:\/\/newsinfoco.com.br\/inicio\/tite-convoca-selecao-brasileira-para-copa-america\/' class='whatsapp-button whatsapp-share'>WhatsApp<\/a><div class='clear '><\/div><\/div>","protected":false},"excerpt":{"rendered":"<p>O t\u00e9cnico Tite divulgar\u00e1 no dia 17 de maio, sexta-feira, as 11 horas da manh\u00e3, a lista dos 23 convocados para a Copa Am\u00e9rica que ser\u00e1 disputada no Brasil. A divulga\u00e7\u00e3o acontece 3 dias antes do inicio dos trabalhos na Granja Comary. O objetivo do treinador brasileiro \u00e9 reunir comiss\u00e3o t\u00e9cnica e jogadores dispon\u00edveis a [&hellip;]<\/p>\n","protected":false},"author":1,"featured_media":15070,"comment_status":"open","ping_status":"open","sticky":false,"template":"","format":"standard","meta":{"om_disable_all_campaigns":false,"_exactmetrics_skip_tracking":false,"_exactmetrics_sitenote_active":false,"_exactmetrics_sitenote_note":"","_exactmetrics_sitenote_category":0,"footnotes":""},"categories":[36],"tags":[],"class_list":["post-15069","post","type-post","status-publish","format-standard","has-post-thumbnail","hentry","category-esporte"],"aioseo_notices":[],"_links":{"self":[{"href":"https:\/\/newsinfoco.com.br\/inicio\/wp-json\/wp\/v2\/posts\/15069","targetHints":{"allow":["GET"]}}],"collection":[{"href":"https:\/\/newsinfoco.com.br\/inicio\/wp-json\/wp\/v2\/posts"}],"about":[{"href":"https:\/\/newsinfoco.com.br\/inicio\/wp-json\/wp\/v2\/types\/post"}],"author":[{"embeddable":true,"href":"https:\/\/newsinfoco.com.br\/inicio\/wp-json\/wp\/v2\/users\/1"}],"replies":[{"embeddable":true,"href":"https:\/\/newsinfoco.com.br\/inicio\/wp-json\/wp\/v2\/comments?post=15069"}],"version-history":[{"count":0,"href":"https:\/\/newsinfoco.com.br\/inicio\/wp-json\/wp\/v2\/posts\/15069\/revisions"}],"wp:featuredmedia":[{"embeddable":true,"href":"https:\/\/newsinfoco.com.br\/inicio\/wp-json\/wp\/v2\/media\/15070"}],"wp:attachment":[{"href":"https:\/\/newsinfoco.com.br\/inicio\/wp-json\/wp\/v2\/media?parent=15069"}],"wp:term":[{"taxonomy":"category","embeddable":true,"href":"https:\/\/newsinfoco.com.br\/inicio\/wp-json\/wp\/v2\/categories?post=15069"},{"taxonomy":"post_tag","embeddable":true,"href":"https:\/\/newsinfoco.com.br\/inicio\/wp-json\/wp\/v2\/tags?post=15069"}],"curies":[{"name":"wp","href":"https:\/\/api.w.org\/{rel}","templated":true}]}}