{"id":15072,"date":"2019-05-15T21:30:37","date_gmt":"2019-05-16T00:30:37","guid":{"rendered":"http:\/\/newsinfoco.com.br\/?p=15072"},"modified":"2019-05-15T21:30:37","modified_gmt":"2019-05-16T00:30:37","slug":"juazeirense-perde-e-fica-de-fora-da-copa-do-nordeste-2020","status":"publish","type":"post","link":"https:\/\/newsinfoco.com.br\/inicio\/juazeirense-perde-e-fica-de-fora-da-copa-do-nordeste-2020\/","title":{"rendered":"Juazeirense perde e fica de fora da Copa do Nordeste 2020"},"content":{"rendered":"<p dir=\"auto\" style=\"text-align: justify;\">A Juazeirense perdeu ontem(14) para o CRB por 2&#215;1. As equipes se enfrentaram pela pr\u00e9-Copa do Nordeste e a partida aconteceu no est\u00e1dio Rei Pel\u00e9, em Macei\u00f3, Alagoas. Por ter empatado no jogo de ida por 0X0, o resultado deixou o canc\u00e3o de fogo de fora da Copa do Nordeste\u00a0 2020.<\/p>\n<p dir=\"auto\" style=\"text-align: justify;\">Os gols do CRB foram assinalados por Victor Rangel (de p\u00eanalti), no primeiro tempo. O segundo gol dos donos da casa veio com Emilio (contra). Quem diminuiu para o Canc\u00e3o de Fogo foi o pr\u00f3prio Emilio.<\/p><div class=\"newsi-conteudo_19\" id=\"newsi-1782758508\"><a href=\"https:\/\/www.instagram.com\/prefeituraalagoinhas?igsh=YzgzdDJ1bWR3aWI4\" aria-label=\"SAVE_20251006_221555\"><img loading=\"lazy\" decoding=\"async\" src=\"https:\/\/newsinfoco.com.br\/inicio\/wp-content\/uploads\/2025\/10\/SAVE_20251006_221555-rotated.jpg\" alt=\"\"  srcset=\"https:\/\/newsinfoco.com.br\/inicio\/wp-content\/uploads\/2025\/10\/SAVE_20251006_221555-rotated.jpg 1140w, https:\/\/newsinfoco.com.br\/inicio\/wp-content\/uploads\/2025\/10\/SAVE_20251006_221555-300x52.jpg 300w, https:\/\/newsinfoco.com.br\/inicio\/wp-content\/uploads\/2025\/10\/SAVE_20251006_221555-1024x177.jpg 1024w, https:\/\/newsinfoco.com.br\/inicio\/wp-content\/uploads\/2025\/10\/SAVE_20251006_221555-768x133.jpg 768w, https:\/\/newsinfoco.com.br\/inicio\/wp-content\/uploads\/2025\/10\/SAVE_20251006_221555-600x104.jpg 600w, https:\/\/newsinfoco.com.br\/inicio\/wp-content\/uploads\/2025\/10\/SAVE_20251006_221555-696x120.jpg 696w, https:\/\/newsinfoco.com.br\/inicio\/wp-content\/uploads\/2025\/10\/SAVE_20251006_221555-1068x185.jpg 1068w\" sizes=\"(max-width: 1140px) 100vw, 1140px\" width=\"1140\" height=\"197\"   \/><\/a><\/div>\n<p dir=\"auto\" style=\"text-align: justify;\"><strong>Ficha T\u00e9cnica<\/strong><\/p>\n<p dir=\"auto\" style=\"text-align: justify;\"><strong><span style=\"color: #ff0000;\">CRB<\/span> <\/strong>\u2013 Edson Mardden; J\u00fanior, Ewerton P\u00e1scoa, Guilherme Mattis e Igor; Dirceu Lucas, Ferrugem (Mateus Silva) e Felipe Ferreira; Willie (Guilherme Costa), William Barbio e Victor Rangel (Z\u00e9 Carlos). T\u00e9cnico: Marcelo Chamusca.<\/p>\n<p dir=\"auto\" style=\"text-align: justify;\"><strong><span style=\"color: #0000ff;\">Juazeirense<\/span> <\/strong>\u2013 Gleibson; Ewerton, Em\u00edlio, Emerson e Cesinha (Marcos); Waguinho (Caio C\u00e9sar), Iran (Toni Galego), William Kaefer e Clebson; Jeam e Nino Guerreiro. T\u00e9cnico: Carlos Rabello.<\/p>\n<p dir=\"auto\" style=\"text-align: justify;\"><strong>Arbitro<\/strong>: Tiago Nascimento dos Santos (PE).<\/p>\n<p dir=\"auto\" style=\"text-align: justify;\"><strong>Assistentes<\/strong>: Francisco Chaves Bezerra Junior (PE) e Bruno C\u00e9sar Chaves Vieira. (PE).<\/p>\n<p dir=\"auto\" style=\"text-align: justify;\"><strong>Renda<\/strong>: R$ 16.022,00<\/p>\n<p dir=\"auto\" style=\"text-align: justify;\"><span style=\"color: #333333;\"><strong>P\u00fablico Pagante<\/strong><\/span>: 1429 torcedores<\/p>\n<h6 dir=\"auto\" style=\"text-align: right;\">Por Andr\u00e9 Luiz para o News Infoco<\/h6>\n<div class='share-to-whatsapp-wrapper'><div class='share-on-whsp'>Share on: <\/div><a data-text='Juazeirense perde e fica de fora da Copa do Nordeste 2020' data-link='https:\/\/newsinfoco.com.br\/inicio\/juazeirense-perde-e-fica-de-fora-da-copa-do-nordeste-2020\/' class='whatsapp-button whatsapp-share'>WhatsApp<\/a><div class='clear '><\/div><\/div>","protected":false},"excerpt":{"rendered":"<p>A Juazeirense perdeu ontem(14) para o CRB por 2&#215;1. As equipes se enfrentaram pela pr\u00e9-Copa do Nordeste e a partida aconteceu no est\u00e1dio Rei Pel\u00e9, em Macei\u00f3, Alagoas. Por ter empatado no jogo de ida por 0X0, o resultado deixou o canc\u00e3o de fogo de fora da Copa do Nordeste\u00a0 2020. Os gols do CRB [&hellip;]<\/p>\n","protected":false},"author":1,"featured_media":15073,"comment_status":"open","ping_status":"open","sticky":false,"template":"","format":"standard","meta":{"om_disable_all_campaigns":false,"_exactmetrics_skip_tracking":false,"_exactmetrics_sitenote_active":false,"_exactmetrics_sitenote_note":"","_exactmetrics_sitenote_category":0,"footnotes":""},"categories":[36],"tags":[],"class_list":["post-15072","post","type-post","status-publish","format-standard","has-post-thumbnail","hentry","category-esporte"],"aioseo_notices":[],"_links":{"self":[{"href":"https:\/\/newsinfoco.com.br\/inicio\/wp-json\/wp\/v2\/posts\/15072","targetHints":{"allow":["GET"]}}],"collection":[{"href":"https:\/\/newsinfoco.com.br\/inicio\/wp-json\/wp\/v2\/posts"}],"about":[{"href":"https:\/\/newsinfoco.com.br\/inicio\/wp-json\/wp\/v2\/types\/post"}],"author":[{"embeddable":true,"href":"https:\/\/newsinfoco.com.br\/inicio\/wp-json\/wp\/v2\/users\/1"}],"replies":[{"embeddable":true,"href":"https:\/\/newsinfoco.com.br\/inicio\/wp-json\/wp\/v2\/comments?post=15072"}],"version-history":[{"count":0,"href":"https:\/\/newsinfoco.com.br\/inicio\/wp-json\/wp\/v2\/posts\/15072\/revisions"}],"wp:featuredmedia":[{"embeddable":true,"href":"https:\/\/newsinfoco.com.br\/inicio\/wp-json\/wp\/v2\/media\/15073"}],"wp:attachment":[{"href":"https:\/\/newsinfoco.com.br\/inicio\/wp-json\/wp\/v2\/media?parent=15072"}],"wp:term":[{"taxonomy":"category","embeddable":true,"href":"https:\/\/newsinfoco.com.br\/inicio\/wp-json\/wp\/v2\/categories?post=15072"},{"taxonomy":"post_tag","embeddable":true,"href":"https:\/\/newsinfoco.com.br\/inicio\/wp-json\/wp\/v2\/tags?post=15072"}],"curies":[{"name":"wp","href":"https:\/\/api.w.org\/{rel}","templated":true}]}}