{"id":15078,"date":"2019-05-17T12:22:04","date_gmt":"2019-05-17T15:22:04","guid":{"rendered":"http:\/\/newsinfoco.com.br\/?p=15078"},"modified":"2019-05-17T12:22:33","modified_gmt":"2019-05-17T15:22:33","slug":"plano-de-caetano-de-lancar-mulher-poste-em-camacari-revolta-petistas-da-cidade","status":"publish","type":"post","link":"https:\/\/newsinfoco.com.br\/inicio\/plano-de-caetano-de-lancar-mulher-poste-em-camacari-revolta-petistas-da-cidade\/","title":{"rendered":"Plano de Caetano de lan\u00e7ar \u201cmulher-poste\u201d em Cama\u00e7ari revolta petistas da cidade"},"content":{"rendered":"<p style=\"text-align: justify;\">N\u00e3o \u00e9 nada bom o clima no PT de Cama\u00e7ari com rela\u00e7\u00e3o ao ex-deputado federal e ex-prefeito Luiz Caetano, maior lideran\u00e7a do partido no munic\u00edpio. Os petistas est\u00e3o ind\u00f3ceis com a perspectiva de Caetano lan\u00e7ar a atual mulher, Ivoneide, como candidata \u00e0 Prefeitura no ano que vem.<\/p>\n<p style=\"text-align: justify;\">A estrat\u00e9gia teria sido pensada como sa\u00edda para Caetano retomar o poder na cidade porque, \u00e0 luz da legisla\u00e7\u00e3o eleitoral, ele pode estar, \u00e0 \u00e9poca da sucess\u00e3o municipal, ineleg\u00edvel. Ocorre que os petistas alegam que n\u00e3o t\u00eam boa lembran\u00e7a do per\u00edodo em que Caetano lan\u00e7ou um outro \u201cposte\u201d no munic\u00edpio.<\/p><div class=\"newsi-conteudo_19\" id=\"newsi-2326314836\"><a href=\"https:\/\/www.instagram.com\/prefeituraalagoinhas?igsh=YzgzdDJ1bWR3aWI4\" aria-label=\"SAVE_20251006_221555\"><img loading=\"lazy\" decoding=\"async\" src=\"https:\/\/newsinfoco.com.br\/inicio\/wp-content\/uploads\/2025\/10\/SAVE_20251006_221555-rotated.jpg\" alt=\"\"  srcset=\"https:\/\/newsinfoco.com.br\/inicio\/wp-content\/uploads\/2025\/10\/SAVE_20251006_221555-rotated.jpg 1140w, https:\/\/newsinfoco.com.br\/inicio\/wp-content\/uploads\/2025\/10\/SAVE_20251006_221555-300x52.jpg 300w, https:\/\/newsinfoco.com.br\/inicio\/wp-content\/uploads\/2025\/10\/SAVE_20251006_221555-1024x177.jpg 1024w, https:\/\/newsinfoco.com.br\/inicio\/wp-content\/uploads\/2025\/10\/SAVE_20251006_221555-768x133.jpg 768w, https:\/\/newsinfoco.com.br\/inicio\/wp-content\/uploads\/2025\/10\/SAVE_20251006_221555-600x104.jpg 600w, https:\/\/newsinfoco.com.br\/inicio\/wp-content\/uploads\/2025\/10\/SAVE_20251006_221555-696x120.jpg 696w, https:\/\/newsinfoco.com.br\/inicio\/wp-content\/uploads\/2025\/10\/SAVE_20251006_221555-1068x185.jpg 1068w\" sizes=\"(max-width: 1140px) 100vw, 1140px\" width=\"1140\" height=\"197\"   \/><\/a><\/div>\n<p style=\"text-align: justify;\">Trata-se do ex-prefeito Ademar Delgado, que Caetano havia tirado de sua secretaria da administra\u00e7\u00e3o para fazer seu sucessor. Eles acabariam rompendo logo no in\u00edcio da administra\u00e7\u00e3o de Delgado, o que \u00e9 apontado, entre petistas, como respons\u00e1vel pela vit\u00f3ria do atual prefeito, Antonio Elinaldo (DEM).<\/p>\n<p style=\"text-align: justify;\">Para refor\u00e7ar ainda mais a identifica\u00e7\u00e3o pol\u00edtica com Caetano, Ivoneide vai se casar oficialmente com ele, adquirindo seu sobrenome. Curioso \u00e9 que o PT aproveitou a proximidade da festa, programada para junho, para mandar um duro recado ao ex-prefeito.<\/p>\n<p style=\"text-align: justify;\">No primeiro ensaio para o evento, que ter\u00e1 como tema a festa junina, realizado no s\u00edtio do ex-prefeito, as lideran\u00e7as petistas de Cama\u00e7ari decidiram n\u00e3o comparecer como forma de demonstrar o descontentamento com a hip\u00f3tese a \u201cdoutora\u201d Ivoneide, como \u00e9 conhecida, concorrer.<\/p>\n<p style=\"text-align: right;\">Politica Livre<\/p>\n<div class='share-to-whatsapp-wrapper'><div class='share-on-whsp'>Share on: <\/div><a data-text='Plano de Caetano de lan\u00e7ar \u201cmulher-poste\u201d em Cama\u00e7ari revolta petistas da cidade' data-link='https:\/\/newsinfoco.com.br\/inicio\/plano-de-caetano-de-lancar-mulher-poste-em-camacari-revolta-petistas-da-cidade\/' class='whatsapp-button whatsapp-share'>WhatsApp<\/a><div class='clear '><\/div><\/div>","protected":false},"excerpt":{"rendered":"<p>N\u00e3o \u00e9 nada bom o clima no PT de Cama\u00e7ari com rela\u00e7\u00e3o ao ex-deputado federal e ex-prefeito Luiz Caetano, maior lideran\u00e7a do partido no munic\u00edpio. Os petistas est\u00e3o ind\u00f3ceis com a perspectiva de Caetano lan\u00e7ar a atual mulher, Ivoneide, como candidata \u00e0 Prefeitura no ano que vem. A estrat\u00e9gia teria sido pensada como sa\u00edda para [&hellip;]<\/p>\n","protected":false},"author":1,"featured_media":15079,"comment_status":"open","ping_status":"open","sticky":false,"template":"","format":"standard","meta":{"om_disable_all_campaigns":false,"_exactmetrics_skip_tracking":false,"_exactmetrics_sitenote_active":false,"_exactmetrics_sitenote_note":"","_exactmetrics_sitenote_category":0,"footnotes":""},"categories":[19,30],"tags":[],"class_list":["post-15078","post","type-post","status-publish","format-standard","has-post-thumbnail","hentry","category-bahia","category-destaque"],"aioseo_notices":[],"_links":{"self":[{"href":"https:\/\/newsinfoco.com.br\/inicio\/wp-json\/wp\/v2\/posts\/15078","targetHints":{"allow":["GET"]}}],"collection":[{"href":"https:\/\/newsinfoco.com.br\/inicio\/wp-json\/wp\/v2\/posts"}],"about":[{"href":"https:\/\/newsinfoco.com.br\/inicio\/wp-json\/wp\/v2\/types\/post"}],"author":[{"embeddable":true,"href":"https:\/\/newsinfoco.com.br\/inicio\/wp-json\/wp\/v2\/users\/1"}],"replies":[{"embeddable":true,"href":"https:\/\/newsinfoco.com.br\/inicio\/wp-json\/wp\/v2\/comments?post=15078"}],"version-history":[{"count":0,"href":"https:\/\/newsinfoco.com.br\/inicio\/wp-json\/wp\/v2\/posts\/15078\/revisions"}],"wp:featuredmedia":[{"embeddable":true,"href":"https:\/\/newsinfoco.com.br\/inicio\/wp-json\/wp\/v2\/media\/15079"}],"wp:attachment":[{"href":"https:\/\/newsinfoco.com.br\/inicio\/wp-json\/wp\/v2\/media?parent=15078"}],"wp:term":[{"taxonomy":"category","embeddable":true,"href":"https:\/\/newsinfoco.com.br\/inicio\/wp-json\/wp\/v2\/categories?post=15078"},{"taxonomy":"post_tag","embeddable":true,"href":"https:\/\/newsinfoco.com.br\/inicio\/wp-json\/wp\/v2\/tags?post=15078"}],"curies":[{"name":"wp","href":"https:\/\/api.w.org\/{rel}","templated":true}]}}