{"id":15084,"date":"2019-05-17T12:31:43","date_gmt":"2019-05-17T15:31:43","guid":{"rendered":"http:\/\/newsinfoco.com.br\/?p=15084"},"modified":"2019-05-17T12:31:43","modified_gmt":"2019-05-17T15:31:43","slug":"na-vespera-de-sua-condenacao-dirceu-admite-erros-e-critica-bolsonaro","status":"publish","type":"post","link":"https:\/\/newsinfoco.com.br\/inicio\/na-vespera-de-sua-condenacao-dirceu-admite-erros-e-critica-bolsonaro\/","title":{"rendered":"Na v\u00e9spera de sua condena\u00e7\u00e3o, Dirceu admite erros e critica Bolsonaro"},"content":{"rendered":"<p style=\"text-align: justify;\">Em festa de despedida com militantes e pol\u00edticos petistas na noite de quarta-feira, 15, j\u00e1 prevendo que seus recursos seriam negados na Justi\u00e7a e que sua pris\u00e3o era iminente, o ex-ministro Jos\u00e9 Dirceu fez um discurso de cerca de meia hora, criticando o governo Bolsonaro e admitindo erros do PT.<\/p>\n<p style=\"text-align: justify;\">\u201cO povo foi generoso conosco, como voc\u00eas s\u00e3o conosco, os dirigentes. N\u00f3s cometemos muitos erros. Tem gente que n\u00e3o gosta de reconhecer, mas eu reconhe\u00e7o. N\u00f3s, n\u00e3o voc\u00eas, n\u00f3s dirigentes cometemos erros. E o Lula sabe disso\u201d, disse o petista, que clamou ainda por uma reforma pol\u00edtica, \u201crevolu\u00e7\u00e3o\u201d, dentro do PT.<\/p><div class=\"newsi-conteudo_19\" id=\"newsi-4173168274\"><a href=\"https:\/\/www.instagram.com\/prefeituraalagoinhas?igsh=YzgzdDJ1bWR3aWI4\" aria-label=\"SAVE_20251006_221555\"><img loading=\"lazy\" decoding=\"async\" src=\"https:\/\/newsinfoco.com.br\/inicio\/wp-content\/uploads\/2025\/10\/SAVE_20251006_221555-rotated.jpg\" alt=\"\"  srcset=\"https:\/\/newsinfoco.com.br\/inicio\/wp-content\/uploads\/2025\/10\/SAVE_20251006_221555-rotated.jpg 1140w, https:\/\/newsinfoco.com.br\/inicio\/wp-content\/uploads\/2025\/10\/SAVE_20251006_221555-300x52.jpg 300w, https:\/\/newsinfoco.com.br\/inicio\/wp-content\/uploads\/2025\/10\/SAVE_20251006_221555-1024x177.jpg 1024w, https:\/\/newsinfoco.com.br\/inicio\/wp-content\/uploads\/2025\/10\/SAVE_20251006_221555-768x133.jpg 768w, https:\/\/newsinfoco.com.br\/inicio\/wp-content\/uploads\/2025\/10\/SAVE_20251006_221555-600x104.jpg 600w, https:\/\/newsinfoco.com.br\/inicio\/wp-content\/uploads\/2025\/10\/SAVE_20251006_221555-696x120.jpg 696w, https:\/\/newsinfoco.com.br\/inicio\/wp-content\/uploads\/2025\/10\/SAVE_20251006_221555-1068x185.jpg 1068w\" sizes=\"(max-width: 1140px) 100vw, 1140px\" width=\"1140\" height=\"197\"   \/><\/a><\/div>\n<p style=\"text-align: justify;\">Para ele, o problema foi n\u00e3o terem dado mais aten\u00e7\u00e3o \u00e0s bases do partido. A generosidade, na fala do ex-ministro, faz refer\u00eancia \u00e0 elei\u00e7\u00e3o do ano passado, quando o partido elegeu 55 deputados e 6 senadores.<\/p>\n<p style=\"text-align: justify;\">Sobre o governo, Dirceu disse que Bolsonaro quer \u201ctransformar o regime democr\u00e1tico brasileiro em regime autorit\u00e1rio e se submeter a hegemonia dos EUA e entregar nossas riquezas\u201d. Completou afirmando que o Pa\u00eds vai se rebelar, mas que n\u00e3o necessariamente optar\u00e1 pela volta dos petistas, \u201cmesmo com a lideran\u00e7a e for\u00e7a do Lula\u201d.<\/p>\n<p style=\"text-align: justify;\">A festa da noite de ontem ocorreu em um bar em Bras\u00edlia, em que parlamentares fizeram falas em defesa do ex-ministro. O clima era de m\u00fasica e festa. Um deputado fez cr\u00edticas duras ao Judici\u00e1rio: disse que n\u00e3o \u00e9 um poder \u201cneutro\u201d, \u2018acima das contradi\u00e7\u00f5es\u201d e que hoje, no Brasil, tem uma \u201cvis\u00e3o direitista, conservadora, antinacional e antipopular\u201d.<\/p>\n<p style=\"text-align: right;\">Estad\u00e3o<\/p>\n<div class='share-to-whatsapp-wrapper'><div class='share-on-whsp'>Share on: <\/div><a data-text='Na v\u00e9spera de sua condena\u00e7\u00e3o, Dirceu admite erros e critica Bolsonaro' data-link='https:\/\/newsinfoco.com.br\/inicio\/na-vespera-de-sua-condenacao-dirceu-admite-erros-e-critica-bolsonaro\/' class='whatsapp-button whatsapp-share'>WhatsApp<\/a><div class='clear '><\/div><\/div>","protected":false},"excerpt":{"rendered":"<p>Em festa de despedida com militantes e pol\u00edticos petistas na noite de quarta-feira, 15, j\u00e1 prevendo que seus recursos seriam negados na Justi\u00e7a e que sua pris\u00e3o era iminente, o ex-ministro Jos\u00e9 Dirceu fez um discurso de cerca de meia hora, criticando o governo Bolsonaro e admitindo erros do PT. \u201cO povo foi generoso conosco, [&hellip;]<\/p>\n","protected":false},"author":1,"featured_media":10033,"comment_status":"open","ping_status":"open","sticky":false,"template":"","format":"standard","meta":{"om_disable_all_campaigns":false,"_exactmetrics_skip_tracking":false,"_exactmetrics_sitenote_active":false,"_exactmetrics_sitenote_note":"","_exactmetrics_sitenote_category":0,"footnotes":""},"categories":[19,30],"tags":[],"class_list":["post-15084","post","type-post","status-publish","format-standard","has-post-thumbnail","hentry","category-bahia","category-destaque"],"aioseo_notices":[],"_links":{"self":[{"href":"https:\/\/newsinfoco.com.br\/inicio\/wp-json\/wp\/v2\/posts\/15084","targetHints":{"allow":["GET"]}}],"collection":[{"href":"https:\/\/newsinfoco.com.br\/inicio\/wp-json\/wp\/v2\/posts"}],"about":[{"href":"https:\/\/newsinfoco.com.br\/inicio\/wp-json\/wp\/v2\/types\/post"}],"author":[{"embeddable":true,"href":"https:\/\/newsinfoco.com.br\/inicio\/wp-json\/wp\/v2\/users\/1"}],"replies":[{"embeddable":true,"href":"https:\/\/newsinfoco.com.br\/inicio\/wp-json\/wp\/v2\/comments?post=15084"}],"version-history":[{"count":0,"href":"https:\/\/newsinfoco.com.br\/inicio\/wp-json\/wp\/v2\/posts\/15084\/revisions"}],"wp:featuredmedia":[{"embeddable":true,"href":"https:\/\/newsinfoco.com.br\/inicio\/wp-json\/wp\/v2\/media\/10033"}],"wp:attachment":[{"href":"https:\/\/newsinfoco.com.br\/inicio\/wp-json\/wp\/v2\/media?parent=15084"}],"wp:term":[{"taxonomy":"category","embeddable":true,"href":"https:\/\/newsinfoco.com.br\/inicio\/wp-json\/wp\/v2\/categories?post=15084"},{"taxonomy":"post_tag","embeddable":true,"href":"https:\/\/newsinfoco.com.br\/inicio\/wp-json\/wp\/v2\/tags?post=15084"}],"curies":[{"name":"wp","href":"https:\/\/api.w.org\/{rel}","templated":true}]}}