{"id":15086,"date":"2019-05-17T12:37:02","date_gmt":"2019-05-17T15:37:02","guid":{"rendered":"http:\/\/newsinfoco.com.br\/?p=15086"},"modified":"2019-05-17T12:37:02","modified_gmt":"2019-05-17T15:37:02","slug":"impeachment-de-bolsonaro-vira-tema-de-conversas-nos-poderes-em-brasilia-diz-folha-de-s-paulo","status":"publish","type":"post","link":"https:\/\/newsinfoco.com.br\/inicio\/impeachment-de-bolsonaro-vira-tema-de-conversas-nos-poderes-em-brasilia-diz-folha-de-s-paulo\/","title":{"rendered":"Impeachment de Bolsonaro vira tema de conversas nos Poderes em Bras\u00edlia, diz Folha de S. Paulo"},"content":{"rendered":"<div class=\"entry-content\">\n<p style=\"text-align: justify;\">Nota publicada hoje na coluna Painel, da Folha de S. Paulo, diz que o cen\u00e1rio de fraqueza econ\u00f4mica, instabilidade pol\u00edtica e aprofundamento das apura\u00e7\u00f5es contra Fl\u00e1vio Bolsonaro (PSL-RJ) fez a palavra impeachment voltar a circular nos Poderes. N\u00e3o com ares de conspira\u00e7\u00e3o, destaca a publica\u00e7\u00e3o, observando que \u201co tom \u00e9 de resigna\u00e7\u00e3o pela incapacidade do governo de dar vaz\u00e3o a uma pauta efetiva\u201d.<\/p>\n<p style=\"text-align: justify;\">Segundo a coluna, no Legislativo e no Judici\u00e1rio diz-se que o pa\u00eds pagaria um pre\u00e7o muito alto no caso do fracasso precoce de Bolsonaro, o primeiro eleito ap\u00f3s a queda de Dilma. At\u00e9 o centr\u00e3o diz que o pa\u00eds est\u00e1 cansado de solu\u00e7os e que \u00e9 preciso esgotar todas as alternativas (antes de se pensar em impeachment), diz a nota.<\/p><div class=\"newsi-conteudo_19\" id=\"newsi-3682509976\"><a href=\"https:\/\/www.instagram.com\/prefeituraalagoinhas?igsh=YzgzdDJ1bWR3aWI4\" aria-label=\"SAVE_20251006_221555\"><img loading=\"lazy\" decoding=\"async\" src=\"https:\/\/newsinfoco.com.br\/inicio\/wp-content\/uploads\/2025\/10\/SAVE_20251006_221555-rotated.jpg\" alt=\"\"  srcset=\"https:\/\/newsinfoco.com.br\/inicio\/wp-content\/uploads\/2025\/10\/SAVE_20251006_221555-rotated.jpg 1140w, https:\/\/newsinfoco.com.br\/inicio\/wp-content\/uploads\/2025\/10\/SAVE_20251006_221555-300x52.jpg 300w, https:\/\/newsinfoco.com.br\/inicio\/wp-content\/uploads\/2025\/10\/SAVE_20251006_221555-1024x177.jpg 1024w, https:\/\/newsinfoco.com.br\/inicio\/wp-content\/uploads\/2025\/10\/SAVE_20251006_221555-768x133.jpg 768w, https:\/\/newsinfoco.com.br\/inicio\/wp-content\/uploads\/2025\/10\/SAVE_20251006_221555-600x104.jpg 600w, https:\/\/newsinfoco.com.br\/inicio\/wp-content\/uploads\/2025\/10\/SAVE_20251006_221555-696x120.jpg 696w, https:\/\/newsinfoco.com.br\/inicio\/wp-content\/uploads\/2025\/10\/SAVE_20251006_221555-1068x185.jpg 1068w\" sizes=\"(max-width: 1140px) 100vw, 1140px\" width=\"1140\" height=\"197\"   \/><\/a><\/div>\n<\/div>\n<div class=\"social cf\"><\/div>\n<div class='share-to-whatsapp-wrapper'><div class='share-on-whsp'>Share on: <\/div><a data-text='Impeachment de Bolsonaro vira tema de conversas nos Poderes em Bras\u00edlia, diz Folha de S. Paulo' data-link='https:\/\/newsinfoco.com.br\/inicio\/impeachment-de-bolsonaro-vira-tema-de-conversas-nos-poderes-em-brasilia-diz-folha-de-s-paulo\/' class='whatsapp-button whatsapp-share'>WhatsApp<\/a><div class='clear '><\/div><\/div>","protected":false},"excerpt":{"rendered":"<p>Nota publicada hoje na coluna Painel, da Folha de S. Paulo, diz que o cen\u00e1rio de fraqueza econ\u00f4mica, instabilidade pol\u00edtica e aprofundamento das apura\u00e7\u00f5es contra Fl\u00e1vio Bolsonaro (PSL-RJ) fez a palavra impeachment voltar a circular nos Poderes. N\u00e3o com ares de conspira\u00e7\u00e3o, destaca a publica\u00e7\u00e3o, observando que \u201co tom \u00e9 de resigna\u00e7\u00e3o pela incapacidade do [&hellip;]<\/p>\n","protected":false},"author":1,"featured_media":15087,"comment_status":"open","ping_status":"open","sticky":false,"template":"","format":"standard","meta":{"om_disable_all_campaigns":false,"_exactmetrics_skip_tracking":false,"_exactmetrics_sitenote_active":false,"_exactmetrics_sitenote_note":"","_exactmetrics_sitenote_category":0,"footnotes":""},"categories":[21,30],"tags":[],"class_list":["post-15086","post","type-post","status-publish","format-standard","has-post-thumbnail","hentry","category-brasil","category-destaque"],"aioseo_notices":[],"_links":{"self":[{"href":"https:\/\/newsinfoco.com.br\/inicio\/wp-json\/wp\/v2\/posts\/15086","targetHints":{"allow":["GET"]}}],"collection":[{"href":"https:\/\/newsinfoco.com.br\/inicio\/wp-json\/wp\/v2\/posts"}],"about":[{"href":"https:\/\/newsinfoco.com.br\/inicio\/wp-json\/wp\/v2\/types\/post"}],"author":[{"embeddable":true,"href":"https:\/\/newsinfoco.com.br\/inicio\/wp-json\/wp\/v2\/users\/1"}],"replies":[{"embeddable":true,"href":"https:\/\/newsinfoco.com.br\/inicio\/wp-json\/wp\/v2\/comments?post=15086"}],"version-history":[{"count":0,"href":"https:\/\/newsinfoco.com.br\/inicio\/wp-json\/wp\/v2\/posts\/15086\/revisions"}],"wp:featuredmedia":[{"embeddable":true,"href":"https:\/\/newsinfoco.com.br\/inicio\/wp-json\/wp\/v2\/media\/15087"}],"wp:attachment":[{"href":"https:\/\/newsinfoco.com.br\/inicio\/wp-json\/wp\/v2\/media?parent=15086"}],"wp:term":[{"taxonomy":"category","embeddable":true,"href":"https:\/\/newsinfoco.com.br\/inicio\/wp-json\/wp\/v2\/categories?post=15086"},{"taxonomy":"post_tag","embeddable":true,"href":"https:\/\/newsinfoco.com.br\/inicio\/wp-json\/wp\/v2\/tags?post=15086"}],"curies":[{"name":"wp","href":"https:\/\/api.w.org\/{rel}","templated":true}]}}