{"id":15194,"date":"2019-05-29T20:40:30","date_gmt":"2019-05-29T23:40:30","guid":{"rendered":"http:\/\/newsinfoco.com.br\/?p=15194"},"modified":"2019-05-29T20:40:30","modified_gmt":"2019-05-29T23:40:30","slug":"trem-do-forro-inicia-os-festejos-juninos-em-alagoinhas-ingressos-podem-ser-adquiridos-a-partir-da-proxima-semana","status":"publish","type":"post","link":"https:\/\/newsinfoco.com.br\/inicio\/trem-do-forro-inicia-os-festejos-juninos-em-alagoinhas-ingressos-podem-ser-adquiridos-a-partir-da-proxima-semana\/","title":{"rendered":"\u201cTrem do Forr\u00f3\u201d inicia os festejos juninos em Alagoinhas; ingressos podem ser adquiridos a partir da pr\u00f3xima semana"},"content":{"rendered":"<p style=\"text-align: justify;\">O tradicional \u201cTrem do Forr\u00f3\u201d, que agita o clima na esta\u00e7\u00e3o ferrovi\u00e1ria S\u00e3o Francisco e leva moradores e visitantes para uma viagem programada sobre os trilhos, come\u00e7a no dia 12 de junho, em Alagoinhas.<\/p>\n<p style=\"text-align: justify;\">Voltada \u00e0 for\u00e7a da tradi\u00e7\u00e3o e \u00e0s ra\u00edzes da identidade cultural, a programa\u00e7\u00e3o do trem traz as bandas locais, com sanfona e zabumba, para comandar o \u201carrasta p\u00e9\u201d.<\/p><div class=\"newsi-conteudo_19\" id=\"newsi-2528154445\"><a href=\"https:\/\/www.instagram.com\/prefeituraalagoinhas?igsh=YzgzdDJ1bWR3aWI4\" aria-label=\"SAVE_20251006_221555\"><img loading=\"lazy\" decoding=\"async\" src=\"https:\/\/newsinfoco.com.br\/inicio\/wp-content\/uploads\/2025\/10\/SAVE_20251006_221555-rotated.jpg\" alt=\"\"  srcset=\"https:\/\/newsinfoco.com.br\/inicio\/wp-content\/uploads\/2025\/10\/SAVE_20251006_221555-rotated.jpg 1140w, https:\/\/newsinfoco.com.br\/inicio\/wp-content\/uploads\/2025\/10\/SAVE_20251006_221555-300x52.jpg 300w, https:\/\/newsinfoco.com.br\/inicio\/wp-content\/uploads\/2025\/10\/SAVE_20251006_221555-1024x177.jpg 1024w, https:\/\/newsinfoco.com.br\/inicio\/wp-content\/uploads\/2025\/10\/SAVE_20251006_221555-768x133.jpg 768w, https:\/\/newsinfoco.com.br\/inicio\/wp-content\/uploads\/2025\/10\/SAVE_20251006_221555-600x104.jpg 600w, https:\/\/newsinfoco.com.br\/inicio\/wp-content\/uploads\/2025\/10\/SAVE_20251006_221555-696x120.jpg 696w, https:\/\/newsinfoco.com.br\/inicio\/wp-content\/uploads\/2025\/10\/SAVE_20251006_221555-1068x185.jpg 1068w\" sizes=\"(max-width: 1140px) 100vw, 1140px\" width=\"1140\" height=\"197\"   \/><\/a><\/div>\n<p style=\"text-align: justify;\">A novidade, nesta edi\u00e7\u00e3o, \u00e9 uma nova classe integral de passageiros: s\u00e3o esperadas cerca de 100 pessoas a cada embarque e a Secretaria Municipal de Cultura, Esporte e Turismo (SECET), respons\u00e1vel pela organiza\u00e7\u00e3o da festa, informou que a previs\u00e3o \u00e9 fazer, de 12 a 16 de junho, pelo menos 22 viagens como parte da programa\u00e7\u00e3o.<\/p>\n<p style=\"text-align: justify;\">Cada percurso dura em m\u00e9dia 40 minutos \u2013 pouco, pra quem deseja rememorar os festejos juninos antigos, da hist\u00f3ria da cidade, mas o suficiente para despertar, nos amantes da tradi\u00e7\u00e3o, ainda mais vontade de aproveitar a agenda de atra\u00e7\u00f5es no interior baiano.<\/p>\n<p style=\"text-align: justify;\">A festa em Alagoinhas, entretanto, n\u00e3o termina quando o Trem do Forr\u00f3 encerra as viagens juninas, pelo contr\u00e1rio; mais de 50 mil pessoas s\u00e3o esperadas para a festa da cidade, que totaliza, em 2019, 10 dias de programa\u00e7\u00e3o entre trem, Vila de Santo Ant\u00f4nio e circuito oficial na Avenida Joseph Wagner, entre os dias 22 e 23 de junho.<\/p>\n<p style=\"text-align: justify;\">A partir da pr\u00f3xima semana, os ingressos para viagens programadas do Trem do Forr\u00f3 podem ser adquiridos na Secretaria Municipal de Cultura, Esporte e Turismo (SECET), no centro de Alagoinhas.<\/p>\n<p style=\"text-align: justify;\">Al\u00e9m da anima\u00e7\u00e3o, a iniciativa \u00e9 solid\u00e1ria: quem participa, contribui com com uma lata de leite ou com um pacote de fraldas geri\u00e1tricas, que ser\u00e3o doados a institui\u00e7\u00f5es de caridade do munic\u00edpio.<\/p>\n<p style=\"text-align: justify;\">Confira a programa\u00e7\u00e3o:<\/p>\n<p style=\"text-align: justify;\"><strong>TREM DO FORR\u00d3<\/strong><br \/>\n<strong>Data:\u00a0De 12 a 16 de junho<br \/>\nHor\u00e1rio:<\/strong>\u00a0Das 9h \u00e0s 17h<br \/>\n<strong>Sa\u00edda:<\/strong>\u00a0Funda\u00e7\u00e3o Iraci Gama (FIGAM)<br \/>\n<strong>Dura\u00e7\u00e3o da viagem:<\/strong>\u00a040 min<br \/>\n<strong>Ingressos:\u00a0<\/strong>Para adquirir a passagem, o cidad\u00e3o deve apresentar 1 lata de leite ou 1 pacote de fralda geri\u00e1trica, que ser\u00e3o destinados a institui\u00e7\u00f5es de caridade<br \/>\n<strong>Grade de viagens:<\/strong><br \/>\n<strong>\u2013 12\/06:\u00a0<\/strong>Alunos da rede p\u00fablica municipal e de escolas particulares (manh\u00e3 e tarde)\/ Usu\u00e1rios e profissionais do CAPS III (manh\u00e3)<br \/>\n<strong>\u2013 13\/06:<\/strong>\u00a0Funcion\u00e1rios da VLI (manh\u00e3) e p\u00fablico em geral (tarde)<br \/>\n<strong>\u2013 14\/06:<\/strong>\u00a0Institui\u00e7\u00f5es filantr\u00f3picas (manh\u00e3) e funcion\u00e1rios p\u00fablicos (tarde)<br \/>\n<strong>\u2013 15\/06:<\/strong>\u00a0Popula\u00e7\u00e3o em geral<br \/>\n<strong>\u2013 16\/06:\u00a0<\/strong>Grupo de mulheres do Jardim Petrolar\/ Pol\u00edcia Militar encerrando com a torcida atleticana padronizada<\/p>\n<p style=\"text-align: right;\">Secom Alagoinhas<\/p>\n<div class='share-to-whatsapp-wrapper'><div class='share-on-whsp'>Share on: <\/div><a data-text='\u201cTrem do Forr\u00f3\u201d inicia os festejos juninos em Alagoinhas; ingressos podem ser adquiridos a partir da pr\u00f3xima semana' data-link='https:\/\/newsinfoco.com.br\/inicio\/trem-do-forro-inicia-os-festejos-juninos-em-alagoinhas-ingressos-podem-ser-adquiridos-a-partir-da-proxima-semana\/' class='whatsapp-button whatsapp-share'>WhatsApp<\/a><div class='clear '><\/div><\/div>","protected":false},"excerpt":{"rendered":"<p>O tradicional \u201cTrem do Forr\u00f3\u201d, que agita o clima na esta\u00e7\u00e3o ferrovi\u00e1ria S\u00e3o Francisco e leva moradores e visitantes para uma viagem programada sobre os trilhos, come\u00e7a no dia 12 de junho, em Alagoinhas. Voltada \u00e0 for\u00e7a da tradi\u00e7\u00e3o e \u00e0s ra\u00edzes da identidade cultural, a programa\u00e7\u00e3o do trem traz as bandas locais, com sanfona [&hellip;]<\/p>\n","protected":false},"author":1,"featured_media":15195,"comment_status":"open","ping_status":"open","sticky":false,"template":"","format":"standard","meta":{"om_disable_all_campaigns":false,"_exactmetrics_skip_tracking":false,"_exactmetrics_sitenote_active":false,"_exactmetrics_sitenote_note":"","_exactmetrics_sitenote_category":0,"footnotes":""},"categories":[38,30],"tags":[],"class_list":["post-15194","post","type-post","status-publish","format-standard","has-post-thumbnail","hentry","category-alagoinhas-e-regiao","category-destaque"],"aioseo_notices":[],"_links":{"self":[{"href":"https:\/\/newsinfoco.com.br\/inicio\/wp-json\/wp\/v2\/posts\/15194","targetHints":{"allow":["GET"]}}],"collection":[{"href":"https:\/\/newsinfoco.com.br\/inicio\/wp-json\/wp\/v2\/posts"}],"about":[{"href":"https:\/\/newsinfoco.com.br\/inicio\/wp-json\/wp\/v2\/types\/post"}],"author":[{"embeddable":true,"href":"https:\/\/newsinfoco.com.br\/inicio\/wp-json\/wp\/v2\/users\/1"}],"replies":[{"embeddable":true,"href":"https:\/\/newsinfoco.com.br\/inicio\/wp-json\/wp\/v2\/comments?post=15194"}],"version-history":[{"count":0,"href":"https:\/\/newsinfoco.com.br\/inicio\/wp-json\/wp\/v2\/posts\/15194\/revisions"}],"wp:featuredmedia":[{"embeddable":true,"href":"https:\/\/newsinfoco.com.br\/inicio\/wp-json\/wp\/v2\/media\/15195"}],"wp:attachment":[{"href":"https:\/\/newsinfoco.com.br\/inicio\/wp-json\/wp\/v2\/media?parent=15194"}],"wp:term":[{"taxonomy":"category","embeddable":true,"href":"https:\/\/newsinfoco.com.br\/inicio\/wp-json\/wp\/v2\/categories?post=15194"},{"taxonomy":"post_tag","embeddable":true,"href":"https:\/\/newsinfoco.com.br\/inicio\/wp-json\/wp\/v2\/tags?post=15194"}],"curies":[{"name":"wp","href":"https:\/\/api.w.org\/{rel}","templated":true}]}}