{"id":15197,"date":"2019-05-29T21:07:44","date_gmt":"2019-05-30T00:07:44","guid":{"rendered":"http:\/\/newsinfoco.com.br\/?p=15197"},"modified":"2019-05-29T21:07:44","modified_gmt":"2019-05-30T00:07:44","slug":"prefeitura-de-alagoinhas-se-reune-com-sindmetro-para-discutir-transporte-coletivo","status":"publish","type":"post","link":"https:\/\/newsinfoco.com.br\/inicio\/prefeitura-de-alagoinhas-se-reune-com-sindmetro-para-discutir-transporte-coletivo\/","title":{"rendered":"Prefeitura de Alagoinhas se re\u00fane com Sindmetro para discutir transporte coletivo"},"content":{"rendered":"<p style=\"text-align: justify;\">O prefeito Joaquim Neto se reuniu, na tarde desta quarta-feira (29), com representantes do Sindicato dos Trabalhadores Rodovi\u00e1rios da Regi\u00e3o Metropolitana, Alagoinhas e Paulo Afonso ( SINDMETRO) para discutir os problemas existentes no Sistema de Transporte Urbano Municipal e buscar solu\u00e7\u00f5es para o entrave nas negocia\u00e7\u00f5es salariais entre os trabalhadores e as empresas locais.<\/p>\n<p style=\"text-align: justify;\">Na oportunidade, os participantes fizeram um balan\u00e7o do cen\u00e1rio que hoje vivenciamos com rela\u00e7\u00e3o aos servi\u00e7os de transporte p\u00fablico e compartilharam informa\u00e7\u00f5es com o prop\u00f3sito de identificar e tra\u00e7ar estrat\u00e9gias, visando \u00e0 adequa\u00e7\u00e3o para a melhorias.<\/p><div class=\"newsi-conteudo_19\" id=\"newsi-520365836\"><a href=\"https:\/\/www.instagram.com\/prefeituraalagoinhas?igsh=YzgzdDJ1bWR3aWI4\" aria-label=\"SAVE_20251006_221555\"><img loading=\"lazy\" decoding=\"async\" src=\"https:\/\/newsinfoco.com.br\/inicio\/wp-content\/uploads\/2025\/10\/SAVE_20251006_221555-rotated.jpg\" alt=\"\"  srcset=\"https:\/\/newsinfoco.com.br\/inicio\/wp-content\/uploads\/2025\/10\/SAVE_20251006_221555-rotated.jpg 1140w, https:\/\/newsinfoco.com.br\/inicio\/wp-content\/uploads\/2025\/10\/SAVE_20251006_221555-300x52.jpg 300w, https:\/\/newsinfoco.com.br\/inicio\/wp-content\/uploads\/2025\/10\/SAVE_20251006_221555-1024x177.jpg 1024w, https:\/\/newsinfoco.com.br\/inicio\/wp-content\/uploads\/2025\/10\/SAVE_20251006_221555-768x133.jpg 768w, https:\/\/newsinfoco.com.br\/inicio\/wp-content\/uploads\/2025\/10\/SAVE_20251006_221555-600x104.jpg 600w, https:\/\/newsinfoco.com.br\/inicio\/wp-content\/uploads\/2025\/10\/SAVE_20251006_221555-696x120.jpg 696w, https:\/\/newsinfoco.com.br\/inicio\/wp-content\/uploads\/2025\/10\/SAVE_20251006_221555-1068x185.jpg 1068w\" sizes=\"(max-width: 1140px) 100vw, 1140px\" width=\"1140\" height=\"197\"   \/><\/a><\/div>\n<p style=\"text-align: justify;\">O resultado da reuni\u00e3o foi positivo, segundo o prefeito Joaquim Neto. Dentre outros encaminhamentos, ficou definido que a Prefeitura ir\u00e1 montar uma mesa ampliada de discuss\u00e3o com participa\u00e7\u00f5es do Minist\u00e9rio P\u00fablico e outras entidades.<\/p>\n<p style=\"text-align: justify;\">Estiveram presentes na reuni\u00e3o,\u00a0\u00a0o coordenador -geral do Sindmetro, Mario Cl\u00e9ber, o superintendente da SMTT, Alberto Menezes, o secret\u00e1rio de Governo(SEGOV) , Gustavo Carmo, o procurador da SMTT, Hilton Ribeiro, o Diretor de Transportes, Genival Cardoso e os membros do sindicato, Gilberto Martins e Darlan Michel.<\/p>\n<h6 style=\"text-align: right;\">Secom Alagoinhas<\/h6>\n<div class='share-to-whatsapp-wrapper'><div class='share-on-whsp'>Share on: <\/div><a data-text='Prefeitura de Alagoinhas se re\u00fane com Sindmetro para discutir transporte coletivo' data-link='https:\/\/newsinfoco.com.br\/inicio\/prefeitura-de-alagoinhas-se-reune-com-sindmetro-para-discutir-transporte-coletivo\/' class='whatsapp-button whatsapp-share'>WhatsApp<\/a><div class='clear '><\/div><\/div>","protected":false},"excerpt":{"rendered":"<p>O prefeito Joaquim Neto se reuniu, na tarde desta quarta-feira (29), com representantes do Sindicato dos Trabalhadores Rodovi\u00e1rios da Regi\u00e3o Metropolitana, Alagoinhas e Paulo Afonso ( SINDMETRO) para discutir os problemas existentes no Sistema de Transporte Urbano Municipal e buscar solu\u00e7\u00f5es para o entrave nas negocia\u00e7\u00f5es salariais entre os trabalhadores e as empresas locais. Na [&hellip;]<\/p>\n","protected":false},"author":1,"featured_media":15198,"comment_status":"open","ping_status":"open","sticky":false,"template":"","format":"standard","meta":{"om_disable_all_campaigns":false,"_exactmetrics_skip_tracking":false,"_exactmetrics_sitenote_active":false,"_exactmetrics_sitenote_note":"","_exactmetrics_sitenote_category":0,"footnotes":""},"categories":[38,30],"tags":[],"class_list":["post-15197","post","type-post","status-publish","format-standard","has-post-thumbnail","hentry","category-alagoinhas-e-regiao","category-destaque"],"aioseo_notices":[],"_links":{"self":[{"href":"https:\/\/newsinfoco.com.br\/inicio\/wp-json\/wp\/v2\/posts\/15197","targetHints":{"allow":["GET"]}}],"collection":[{"href":"https:\/\/newsinfoco.com.br\/inicio\/wp-json\/wp\/v2\/posts"}],"about":[{"href":"https:\/\/newsinfoco.com.br\/inicio\/wp-json\/wp\/v2\/types\/post"}],"author":[{"embeddable":true,"href":"https:\/\/newsinfoco.com.br\/inicio\/wp-json\/wp\/v2\/users\/1"}],"replies":[{"embeddable":true,"href":"https:\/\/newsinfoco.com.br\/inicio\/wp-json\/wp\/v2\/comments?post=15197"}],"version-history":[{"count":0,"href":"https:\/\/newsinfoco.com.br\/inicio\/wp-json\/wp\/v2\/posts\/15197\/revisions"}],"wp:featuredmedia":[{"embeddable":true,"href":"https:\/\/newsinfoco.com.br\/inicio\/wp-json\/wp\/v2\/media\/15198"}],"wp:attachment":[{"href":"https:\/\/newsinfoco.com.br\/inicio\/wp-json\/wp\/v2\/media?parent=15197"}],"wp:term":[{"taxonomy":"category","embeddable":true,"href":"https:\/\/newsinfoco.com.br\/inicio\/wp-json\/wp\/v2\/categories?post=15197"},{"taxonomy":"post_tag","embeddable":true,"href":"https:\/\/newsinfoco.com.br\/inicio\/wp-json\/wp\/v2\/tags?post=15197"}],"curies":[{"name":"wp","href":"https:\/\/api.w.org\/{rel}","templated":true}]}}