{"id":15201,"date":"2019-05-31T11:02:27","date_gmt":"2019-05-31T14:02:27","guid":{"rendered":"http:\/\/newsinfoco.com.br\/?p=15201"},"modified":"2019-05-31T11:02:27","modified_gmt":"2019-05-31T14:02:27","slug":"formularios-online-para-compensacao-e-restituicao-de-taxas-do-concurso-publico-de-alagoinhas-serao-disponibilizados-a-partir-do-dia-15-de-junho","status":"publish","type":"post","link":"https:\/\/newsinfoco.com.br\/inicio\/formularios-online-para-compensacao-e-restituicao-de-taxas-do-concurso-publico-de-alagoinhas-serao-disponibilizados-a-partir-do-dia-15-de-junho\/","title":{"rendered":"Formul\u00e1rios online para compensa\u00e7\u00e3o e restitui\u00e7\u00e3o de taxas do concurso p\u00fablico de Alagoinhas ser\u00e3o disponibilizados a partir do dia 15 de junho"},"content":{"rendered":"<p style=\"text-align: justify;\">O formul\u00e1rio online para restitui\u00e7\u00e3o da taxa de inscri\u00e7\u00e3o do Concurso da Prefeitura de Alagoinhas j\u00e1 se encontra em fase de testes pela Diretoria de Tecnologia e Informa\u00e7\u00e3o (DTI). A taxa cobrada foi de R$ 44 para cargos de n\u00edvel m\u00e9dio e R$ 58 para cargos de n\u00edvel superior, e todos os candidatos que optarem por n\u00e3o participar do novo concurso p\u00fablico a ser realizado ainda este ano, dever\u00e3o solicitar a devolu\u00e7\u00e3o do valor, a partir do dia 15 de junho, no site oficial www.alagoinhas.ba.gov.br.<\/p>\n<p style=\"text-align: justify;\">A gest\u00e3o municipal informa, ainda, que a plataforma\u00a0 espec\u00edfica para os candidatos que desejarem a compensa\u00e7\u00e3o da taxa de inscri\u00e7\u00e3o para o novo concurso, tamb\u00e9m j\u00e1 est\u00e1 sendo constru\u00edda.Os candidatos precisar\u00e3o apenas atualizar os seus dados cadastrais com a nova empresa que ser\u00e1 respons\u00e1vel pela condu\u00e7\u00e3o do certame.<\/p><div class=\"newsi-conteudo_19\" id=\"newsi-2269799089\"><a href=\"https:\/\/www.instagram.com\/prefeituraalagoinhas?igsh=YzgzdDJ1bWR3aWI4\" aria-label=\"SAVE_20251006_221555\"><img loading=\"lazy\" decoding=\"async\" src=\"https:\/\/newsinfoco.com.br\/inicio\/wp-content\/uploads\/2025\/10\/SAVE_20251006_221555-rotated.jpg\" alt=\"\"  srcset=\"https:\/\/newsinfoco.com.br\/inicio\/wp-content\/uploads\/2025\/10\/SAVE_20251006_221555-rotated.jpg 1140w, https:\/\/newsinfoco.com.br\/inicio\/wp-content\/uploads\/2025\/10\/SAVE_20251006_221555-300x52.jpg 300w, https:\/\/newsinfoco.com.br\/inicio\/wp-content\/uploads\/2025\/10\/SAVE_20251006_221555-1024x177.jpg 1024w, https:\/\/newsinfoco.com.br\/inicio\/wp-content\/uploads\/2025\/10\/SAVE_20251006_221555-768x133.jpg 768w, https:\/\/newsinfoco.com.br\/inicio\/wp-content\/uploads\/2025\/10\/SAVE_20251006_221555-600x104.jpg 600w, https:\/\/newsinfoco.com.br\/inicio\/wp-content\/uploads\/2025\/10\/SAVE_20251006_221555-696x120.jpg 696w, https:\/\/newsinfoco.com.br\/inicio\/wp-content\/uploads\/2025\/10\/SAVE_20251006_221555-1068x185.jpg 1068w\" sizes=\"(max-width: 1140px) 100vw, 1140px\" width=\"1140\" height=\"197\"   \/><\/a><\/div>\n<p style=\"text-align: justify;\">Todas as informa\u00e7\u00f5es referentes ao edital do novo concurso, preenchimento dos formul\u00e1rios, bem como o cronograma de atividades ser\u00e3o disponibilizadas, oportunamente, nas m\u00eddias oficiais da prefeitura.<\/p>\n<h6 style=\"text-align: right;\">Secom Alagoinhas<\/h6>\n<div class='share-to-whatsapp-wrapper'><div class='share-on-whsp'>Share on: <\/div><a data-text='Formul\u00e1rios online para compensa\u00e7\u00e3o e restitui\u00e7\u00e3o de taxas do concurso p\u00fablico de Alagoinhas ser\u00e3o disponibilizados a partir do dia 15 de junho' data-link='https:\/\/newsinfoco.com.br\/inicio\/formularios-online-para-compensacao-e-restituicao-de-taxas-do-concurso-publico-de-alagoinhas-serao-disponibilizados-a-partir-do-dia-15-de-junho\/' class='whatsapp-button whatsapp-share'>WhatsApp<\/a><div class='clear '><\/div><\/div>","protected":false},"excerpt":{"rendered":"<p>O formul\u00e1rio online para restitui\u00e7\u00e3o da taxa de inscri\u00e7\u00e3o do Concurso da Prefeitura de Alagoinhas j\u00e1 se encontra em fase de testes pela Diretoria de Tecnologia e Informa\u00e7\u00e3o (DTI). A taxa cobrada foi de R$ 44 para cargos de n\u00edvel m\u00e9dio e R$ 58 para cargos de n\u00edvel superior, e todos os candidatos que optarem [&hellip;]<\/p>\n","protected":false},"author":1,"featured_media":13657,"comment_status":"open","ping_status":"open","sticky":false,"template":"","format":"standard","meta":{"om_disable_all_campaigns":false,"_exactmetrics_skip_tracking":false,"_exactmetrics_sitenote_active":false,"_exactmetrics_sitenote_note":"","_exactmetrics_sitenote_category":0,"footnotes":""},"categories":[38],"tags":[],"class_list":["post-15201","post","type-post","status-publish","format-standard","has-post-thumbnail","hentry","category-alagoinhas-e-regiao"],"aioseo_notices":[],"_links":{"self":[{"href":"https:\/\/newsinfoco.com.br\/inicio\/wp-json\/wp\/v2\/posts\/15201","targetHints":{"allow":["GET"]}}],"collection":[{"href":"https:\/\/newsinfoco.com.br\/inicio\/wp-json\/wp\/v2\/posts"}],"about":[{"href":"https:\/\/newsinfoco.com.br\/inicio\/wp-json\/wp\/v2\/types\/post"}],"author":[{"embeddable":true,"href":"https:\/\/newsinfoco.com.br\/inicio\/wp-json\/wp\/v2\/users\/1"}],"replies":[{"embeddable":true,"href":"https:\/\/newsinfoco.com.br\/inicio\/wp-json\/wp\/v2\/comments?post=15201"}],"version-history":[{"count":0,"href":"https:\/\/newsinfoco.com.br\/inicio\/wp-json\/wp\/v2\/posts\/15201\/revisions"}],"wp:featuredmedia":[{"embeddable":true,"href":"https:\/\/newsinfoco.com.br\/inicio\/wp-json\/wp\/v2\/media\/13657"}],"wp:attachment":[{"href":"https:\/\/newsinfoco.com.br\/inicio\/wp-json\/wp\/v2\/media?parent=15201"}],"wp:term":[{"taxonomy":"category","embeddable":true,"href":"https:\/\/newsinfoco.com.br\/inicio\/wp-json\/wp\/v2\/categories?post=15201"},{"taxonomy":"post_tag","embeddable":true,"href":"https:\/\/newsinfoco.com.br\/inicio\/wp-json\/wp\/v2\/tags?post=15201"}],"curies":[{"name":"wp","href":"https:\/\/api.w.org\/{rel}","templated":true}]}}