{"id":15203,"date":"2019-05-31T12:02:18","date_gmt":"2019-05-31T15:02:18","guid":{"rendered":"http:\/\/newsinfoco.com.br\/?p=15203"},"modified":"2019-05-31T12:02:18","modified_gmt":"2019-05-31T15:02:18","slug":"prefeitura-de-alagoinhas-divulga-calendario-de-oficinas-profissionalizantes-para-junho-inscricoes-devem-ser-feitas-na-sedea","status":"publish","type":"post","link":"https:\/\/newsinfoco.com.br\/inicio\/prefeitura-de-alagoinhas-divulga-calendario-de-oficinas-profissionalizantes-para-junho-inscricoes-devem-ser-feitas-na-sedea\/","title":{"rendered":"Prefeitura de Alagoinhas divulga calend\u00e1rio de oficinas profissionalizantes para junho; inscri\u00e7\u00f5es devem ser feitas na SEDEA"},"content":{"rendered":"<p style=\"text-align: justify;\">Com foco na qualifica\u00e7\u00e3o profissional de jovens e adultos, a Prefeitura promove, desde 2017, de forma cont\u00ednua, cursos, palestras, oficinas e atividades multidisciplinares como parte do programa \u201cPrepare-se\u201d, desenvolvido pela Secretaria Municipal de Desenvolvimento Econ\u00f4mico e Meio Ambiente (SEDEA).<\/p>\n<p style=\"text-align: justify;\">O objetivo principal, segundo a secretaria, \u00e9 oferecer capacita\u00e7\u00e3o t\u00e9cnica e subs\u00eddios que contribuam n\u00e3o apenas para a inser\u00e7\u00e3o do cidad\u00e3o no mercado de trabalho, mas tamb\u00e9m para a gera\u00e7\u00e3o de renda a partir de iniciativas empreendedoras.<\/p><div class=\"newsi-conteudo_19\" id=\"newsi-1377649677\"><a href=\"https:\/\/www.instagram.com\/prefeituraalagoinhas?igsh=YzgzdDJ1bWR3aWI4\" aria-label=\"SAVE_20251006_221555\"><img loading=\"lazy\" decoding=\"async\" src=\"https:\/\/newsinfoco.com.br\/inicio\/wp-content\/uploads\/2025\/10\/SAVE_20251006_221555-rotated.jpg\" alt=\"\"  srcset=\"https:\/\/newsinfoco.com.br\/inicio\/wp-content\/uploads\/2025\/10\/SAVE_20251006_221555-rotated.jpg 1140w, https:\/\/newsinfoco.com.br\/inicio\/wp-content\/uploads\/2025\/10\/SAVE_20251006_221555-300x52.jpg 300w, https:\/\/newsinfoco.com.br\/inicio\/wp-content\/uploads\/2025\/10\/SAVE_20251006_221555-1024x177.jpg 1024w, https:\/\/newsinfoco.com.br\/inicio\/wp-content\/uploads\/2025\/10\/SAVE_20251006_221555-768x133.jpg 768w, https:\/\/newsinfoco.com.br\/inicio\/wp-content\/uploads\/2025\/10\/SAVE_20251006_221555-600x104.jpg 600w, https:\/\/newsinfoco.com.br\/inicio\/wp-content\/uploads\/2025\/10\/SAVE_20251006_221555-696x120.jpg 696w, https:\/\/newsinfoco.com.br\/inicio\/wp-content\/uploads\/2025\/10\/SAVE_20251006_221555-1068x185.jpg 1068w\" sizes=\"(max-width: 1140px) 100vw, 1140px\" width=\"1140\" height=\"197\"   \/><\/a><\/div>\n<p style=\"text-align: justify;\">S\u00f3 entre abril de 2017 e julho de 2018, 1.548 pessoas receberam certificado de qualifica\u00e7\u00e3o profissional pelo programa e, no ano passado, foram contabilizadas 49 oficinas de aprimoramento profissional oferecidas \u00e0 popula\u00e7\u00e3o.<\/p>\n<p style=\"text-align: justify;\">As atividades s\u00e3o gratuitas e qualquer pessoa acima de 16 anos pode participar. Para fazer a inscri\u00e7\u00e3o, basta apresentar documento de identidade e comprovante de resid\u00eancia na sede da secretaria, localizada na Rua Soror Joana Ang\u00e9lica, ao lado do pr\u00e9dio da L\u00e2mpada, no centro de Alagoinhas. Para o m\u00eas de junho, as vagas est\u00e3o abertas.<\/p>\n<p style=\"text-align: justify;\"><strong>Confira a programa\u00e7\u00e3o:<\/strong><\/p>\n<p><a href=\"http:\/\/newsinfoco.com.br\/wp-content\/uploads\/2019\/05\/sedea-1.jpeg\"><img loading=\"lazy\" decoding=\"async\" class=\"aligncenter size-full wp-image-15204\" src=\"http:\/\/newsinfoco.com.br\/wp-content\/uploads\/2019\/05\/sedea-1.jpeg\" alt=\"\" width=\"768\" height=\"768\" srcset=\"https:\/\/newsinfoco.com.br\/inicio\/wp-content\/uploads\/2019\/05\/sedea-1.jpeg 768w, https:\/\/newsinfoco.com.br\/inicio\/wp-content\/uploads\/2019\/05\/sedea-1-150x150.jpeg 150w, https:\/\/newsinfoco.com.br\/inicio\/wp-content\/uploads\/2019\/05\/sedea-1-300x300.jpeg 300w, https:\/\/newsinfoco.com.br\/inicio\/wp-content\/uploads\/2019\/05\/sedea-1-600x600.jpeg 600w, https:\/\/newsinfoco.com.br\/inicio\/wp-content\/uploads\/2019\/05\/sedea-1-696x696.jpeg 696w, https:\/\/newsinfoco.com.br\/inicio\/wp-content\/uploads\/2019\/05\/sedea-1-420x420.jpeg 420w\" sizes=\"auto, (max-width: 768px) 100vw, 768px\" \/><\/a><a href=\"http:\/\/newsinfoco.com.br\/wp-content\/uploads\/2019\/05\/sedea-2.jpeg\"><img loading=\"lazy\" decoding=\"async\" class=\"aligncenter size-full wp-image-15205\" src=\"http:\/\/newsinfoco.com.br\/wp-content\/uploads\/2019\/05\/sedea-2.jpeg\" alt=\"\" width=\"768\" height=\"768\" srcset=\"https:\/\/newsinfoco.com.br\/inicio\/wp-content\/uploads\/2019\/05\/sedea-2.jpeg 768w, https:\/\/newsinfoco.com.br\/inicio\/wp-content\/uploads\/2019\/05\/sedea-2-150x150.jpeg 150w, https:\/\/newsinfoco.com.br\/inicio\/wp-content\/uploads\/2019\/05\/sedea-2-300x300.jpeg 300w, https:\/\/newsinfoco.com.br\/inicio\/wp-content\/uploads\/2019\/05\/sedea-2-600x600.jpeg 600w, https:\/\/newsinfoco.com.br\/inicio\/wp-content\/uploads\/2019\/05\/sedea-2-696x696.jpeg 696w, https:\/\/newsinfoco.com.br\/inicio\/wp-content\/uploads\/2019\/05\/sedea-2-420x420.jpeg 420w\" sizes=\"auto, (max-width: 768px) 100vw, 768px\" \/><\/a><\/p>\n<p style=\"text-align: right;\">Secom Alagoinhas<\/p>\n<p>&nbsp;<\/p>\n<div class='share-to-whatsapp-wrapper'><div class='share-on-whsp'>Share on: <\/div><a data-text='Prefeitura de Alagoinhas divulga calend\u00e1rio de oficinas profissionalizantes para junho; inscri\u00e7\u00f5es devem ser feitas na SEDEA' data-link='https:\/\/newsinfoco.com.br\/inicio\/prefeitura-de-alagoinhas-divulga-calendario-de-oficinas-profissionalizantes-para-junho-inscricoes-devem-ser-feitas-na-sedea\/' class='whatsapp-button whatsapp-share'>WhatsApp<\/a><div class='clear '><\/div><\/div>","protected":false},"excerpt":{"rendered":"<p>Com foco na qualifica\u00e7\u00e3o profissional de jovens e adultos, a Prefeitura promove, desde 2017, de forma cont\u00ednua, cursos, palestras, oficinas e atividades multidisciplinares como parte do programa \u201cPrepare-se\u201d, desenvolvido pela Secretaria Municipal de Desenvolvimento Econ\u00f4mico e Meio Ambiente (SEDEA). O objetivo principal, segundo a secretaria, \u00e9 oferecer capacita\u00e7\u00e3o t\u00e9cnica e subs\u00eddios que contribuam n\u00e3o apenas [&hellip;]<\/p>\n","protected":false},"author":1,"featured_media":15206,"comment_status":"open","ping_status":"open","sticky":false,"template":"","format":"standard","meta":{"om_disable_all_campaigns":false,"_exactmetrics_skip_tracking":false,"_exactmetrics_sitenote_active":false,"_exactmetrics_sitenote_note":"","_exactmetrics_sitenote_category":0,"footnotes":""},"categories":[38],"tags":[],"class_list":["post-15203","post","type-post","status-publish","format-standard","has-post-thumbnail","hentry","category-alagoinhas-e-regiao"],"aioseo_notices":[],"_links":{"self":[{"href":"https:\/\/newsinfoco.com.br\/inicio\/wp-json\/wp\/v2\/posts\/15203","targetHints":{"allow":["GET"]}}],"collection":[{"href":"https:\/\/newsinfoco.com.br\/inicio\/wp-json\/wp\/v2\/posts"}],"about":[{"href":"https:\/\/newsinfoco.com.br\/inicio\/wp-json\/wp\/v2\/types\/post"}],"author":[{"embeddable":true,"href":"https:\/\/newsinfoco.com.br\/inicio\/wp-json\/wp\/v2\/users\/1"}],"replies":[{"embeddable":true,"href":"https:\/\/newsinfoco.com.br\/inicio\/wp-json\/wp\/v2\/comments?post=15203"}],"version-history":[{"count":0,"href":"https:\/\/newsinfoco.com.br\/inicio\/wp-json\/wp\/v2\/posts\/15203\/revisions"}],"wp:featuredmedia":[{"embeddable":true,"href":"https:\/\/newsinfoco.com.br\/inicio\/wp-json\/wp\/v2\/media\/15206"}],"wp:attachment":[{"href":"https:\/\/newsinfoco.com.br\/inicio\/wp-json\/wp\/v2\/media?parent=15203"}],"wp:term":[{"taxonomy":"category","embeddable":true,"href":"https:\/\/newsinfoco.com.br\/inicio\/wp-json\/wp\/v2\/categories?post=15203"},{"taxonomy":"post_tag","embeddable":true,"href":"https:\/\/newsinfoco.com.br\/inicio\/wp-json\/wp\/v2\/tags?post=15203"}],"curies":[{"name":"wp","href":"https:\/\/api.w.org\/{rel}","templated":true}]}}