{"id":15211,"date":"2019-05-31T12:45:48","date_gmt":"2019-05-31T15:45:48","guid":{"rendered":"http:\/\/newsinfoco.com.br\/?p=15211"},"modified":"2019-05-31T12:45:48","modified_gmt":"2019-05-31T15:45:48","slug":"fachin-nega-pedido-de-suspeicao-de-lula-contra-moro","status":"publish","type":"post","link":"https:\/\/newsinfoco.com.br\/inicio\/fachin-nega-pedido-de-suspeicao-de-lula-contra-moro\/","title":{"rendered":"Fachin nega pedido de suspei\u00e7\u00e3o de Lula contra Moro"},"content":{"rendered":"<p style=\"text-align: justify;\">O ministro Edson Fachin, do Supremo Tribunal Federal, rejeitou pedido de suspei\u00e7\u00e3o movido pelo ex-presidente Luiz In\u00e1cio Lula da Silva, contra o ex-juiz federal S\u00e9rgio Moro, atual ministro da Justi\u00e7a e da Seguran\u00e7a P\u00fablica. O pedido de Lula se deu no \u00e2mbito da a\u00e7\u00e3o penal em que Moro o condenou no caso triplex, a 9 anos e 6 meses de pris\u00e3o. A pena chegou a ser aumentada para 12 anos e um m\u00eas pelo Tribunal Regional Federal da 4.\u00aa Regi\u00e3o, e reduzida pelo Superior Tribunal de Justi\u00e7a, para 8 anos e 10 meses.<\/p>\n<p style=\"text-align: justify;\">O pedido de suspei\u00e7\u00e3o de Lula contra Moro foi rejeitado no TRF-4. O Tribunal tamb\u00e9m inadmitiu que, contra sua decis\u00e3o, seja movido recurso extraordin\u00e1rio \u2013 destinado ao STF -, em setembro do ano passado. A defesa de Lula recorreu. \u201cVerifico que o ac\u00f3rd\u00e3o recorrido encontra-se fundamentado, ainda que suas raz\u00f5es sejam contr\u00e1rias aos interesses do recorrente, de modo que n\u00e3o h\u00e1 como acolher a alega\u00e7\u00e3o de negativa de jurisdi\u00e7\u00e3o decorrente da alegada aus\u00eancia de motiva\u00e7\u00e3o\u201d, anotou Fachin.<\/p><div class=\"newsi-conteudo_19\" id=\"newsi-3420034989\"><a href=\"https:\/\/www.instagram.com\/prefeituraalagoinhas?igsh=YzgzdDJ1bWR3aWI4\" aria-label=\"SAVE_20251006_221555\"><img loading=\"lazy\" decoding=\"async\" src=\"https:\/\/newsinfoco.com.br\/inicio\/wp-content\/uploads\/2025\/10\/SAVE_20251006_221555-rotated.jpg\" alt=\"\"  srcset=\"https:\/\/newsinfoco.com.br\/inicio\/wp-content\/uploads\/2025\/10\/SAVE_20251006_221555-rotated.jpg 1140w, https:\/\/newsinfoco.com.br\/inicio\/wp-content\/uploads\/2025\/10\/SAVE_20251006_221555-300x52.jpg 300w, https:\/\/newsinfoco.com.br\/inicio\/wp-content\/uploads\/2025\/10\/SAVE_20251006_221555-1024x177.jpg 1024w, https:\/\/newsinfoco.com.br\/inicio\/wp-content\/uploads\/2025\/10\/SAVE_20251006_221555-768x133.jpg 768w, https:\/\/newsinfoco.com.br\/inicio\/wp-content\/uploads\/2025\/10\/SAVE_20251006_221555-600x104.jpg 600w, https:\/\/newsinfoco.com.br\/inicio\/wp-content\/uploads\/2025\/10\/SAVE_20251006_221555-696x120.jpg 696w, https:\/\/newsinfoco.com.br\/inicio\/wp-content\/uploads\/2025\/10\/SAVE_20251006_221555-1068x185.jpg 1068w\" sizes=\"(max-width: 1140px) 100vw, 1140px\" width=\"1140\" height=\"197\"   \/><\/a><\/div>\n<p style=\"text-align: justify;\">\u201cSob a \u00f3ptica do devido processo legal, cl\u00e1usula que compreende a imposi\u00e7\u00e3o de observ\u00e2ncia do juiz natural, a verifica\u00e7\u00e3o da efetiva parcialidade do julgador imprescindiria, no caso concreto, da pr\u00e9via an\u00e1lise do C\u00f3digo de Processo Penal, circunst\u00e2ncia a revelar que a ofensa \u00e0 Constitui\u00e7\u00e3o, se existente, seria meramente reflexa, o que impede o conhecimento do recurso extraordin\u00e1rio\u201d, escreve.<\/p>\n<h6 style=\"text-align: right;\">Estadao<\/h6>\n<div class='share-to-whatsapp-wrapper'><div class='share-on-whsp'>Share on: <\/div><a data-text='Fachin nega pedido de suspei\u00e7\u00e3o de Lula contra Moro' data-link='https:\/\/newsinfoco.com.br\/inicio\/fachin-nega-pedido-de-suspeicao-de-lula-contra-moro\/' class='whatsapp-button whatsapp-share'>WhatsApp<\/a><div class='clear '><\/div><\/div>","protected":false},"excerpt":{"rendered":"<p>O ministro Edson Fachin, do Supremo Tribunal Federal, rejeitou pedido de suspei\u00e7\u00e3o movido pelo ex-presidente Luiz In\u00e1cio Lula da Silva, contra o ex-juiz federal S\u00e9rgio Moro, atual ministro da Justi\u00e7a e da Seguran\u00e7a P\u00fablica. O pedido de Lula se deu no \u00e2mbito da a\u00e7\u00e3o penal em que Moro o condenou no caso triplex, a 9 [&hellip;]<\/p>\n","protected":false},"author":1,"featured_media":12045,"comment_status":"open","ping_status":"open","sticky":false,"template":"","format":"standard","meta":{"om_disable_all_campaigns":false,"_exactmetrics_skip_tracking":false,"_exactmetrics_sitenote_active":false,"_exactmetrics_sitenote_note":"","_exactmetrics_sitenote_category":0,"footnotes":""},"categories":[21,30],"tags":[],"class_list":["post-15211","post","type-post","status-publish","format-standard","has-post-thumbnail","hentry","category-brasil","category-destaque"],"aioseo_notices":[],"_links":{"self":[{"href":"https:\/\/newsinfoco.com.br\/inicio\/wp-json\/wp\/v2\/posts\/15211","targetHints":{"allow":["GET"]}}],"collection":[{"href":"https:\/\/newsinfoco.com.br\/inicio\/wp-json\/wp\/v2\/posts"}],"about":[{"href":"https:\/\/newsinfoco.com.br\/inicio\/wp-json\/wp\/v2\/types\/post"}],"author":[{"embeddable":true,"href":"https:\/\/newsinfoco.com.br\/inicio\/wp-json\/wp\/v2\/users\/1"}],"replies":[{"embeddable":true,"href":"https:\/\/newsinfoco.com.br\/inicio\/wp-json\/wp\/v2\/comments?post=15211"}],"version-history":[{"count":0,"href":"https:\/\/newsinfoco.com.br\/inicio\/wp-json\/wp\/v2\/posts\/15211\/revisions"}],"wp:featuredmedia":[{"embeddable":true,"href":"https:\/\/newsinfoco.com.br\/inicio\/wp-json\/wp\/v2\/media\/12045"}],"wp:attachment":[{"href":"https:\/\/newsinfoco.com.br\/inicio\/wp-json\/wp\/v2\/media?parent=15211"}],"wp:term":[{"taxonomy":"category","embeddable":true,"href":"https:\/\/newsinfoco.com.br\/inicio\/wp-json\/wp\/v2\/categories?post=15211"},{"taxonomy":"post_tag","embeddable":true,"href":"https:\/\/newsinfoco.com.br\/inicio\/wp-json\/wp\/v2\/tags?post=15211"}],"curies":[{"name":"wp","href":"https:\/\/api.w.org\/{rel}","templated":true}]}}