{"id":15213,"date":"2019-05-31T12:54:03","date_gmt":"2019-05-31T15:54:03","guid":{"rendered":"http:\/\/newsinfoco.com.br\/?p=15213"},"modified":"2019-05-31T12:54:03","modified_gmt":"2019-05-31T15:54:03","slug":"dem-faz-ato-com-indiretas-a-bolsonaro-e-evita-apoio-formal-ao-governo-federal","status":"publish","type":"post","link":"https:\/\/newsinfoco.com.br\/inicio\/dem-faz-ato-com-indiretas-a-bolsonaro-e-evita-apoio-formal-ao-governo-federal\/","title":{"rendered":"DEM faz ato com indiretas a Bolsonaro e evita apoio formal ao governo federal"},"content":{"rendered":"<p style=\"text-align: justify;\">Em uma conven\u00e7\u00e3o com v\u00e1rias indiretas ao presidente Jair Bolsonaro (PSL) nesta quinta-feira (30), o DEM evitou dar apoio formal ao governo, comprometendo-se apenas com a agenda de reformas econ\u00f4micas defendidas pelo Pal\u00e1cio do Planalto. Na titularidade das pastas da Casa Civil, da Sa\u00fade e da Agricultura e nas presid\u00eancias da C\u00e2mara e do Senado, alcan\u00e7adas com apoio do governo, o partido tem sido alvo de cr\u00edticas de correligion\u00e1rios e apoiadores de Bolsonaro, que cobram uma declara\u00e7\u00e3o expl\u00edcita de ades\u00e3o.<\/p>\n<p style=\"text-align: justify;\">De dentro do DEM, as cobran\u00e7as foram vocalizadas pelo ministro Onyx Lorenzoni (Casa Civil) e pelo governador de Goi\u00e1s, Ronaldo Caiado. \u201cO presidente da Rep\u00fablica precisa do apoio do Democratas. N\u00e3o \u00e9 apoio ao presidente, \u00e9 apoio ao pa\u00eds. Eu pe\u00e7o: vamos assumir o governo para sairmos da crise e mostrarmos que temos como ajudar a popula\u00e7\u00e3o brasileira\u201d, disse Caiado.<\/p><div class=\"newsi-conteudo_19\" id=\"newsi-1084027739\"><a href=\"https:\/\/www.instagram.com\/prefeituraalagoinhas?igsh=YzgzdDJ1bWR3aWI4\" aria-label=\"SAVE_20251006_221555\"><img loading=\"lazy\" decoding=\"async\" src=\"https:\/\/newsinfoco.com.br\/inicio\/wp-content\/uploads\/2025\/10\/SAVE_20251006_221555-rotated.jpg\" alt=\"\"  srcset=\"https:\/\/newsinfoco.com.br\/inicio\/wp-content\/uploads\/2025\/10\/SAVE_20251006_221555-rotated.jpg 1140w, https:\/\/newsinfoco.com.br\/inicio\/wp-content\/uploads\/2025\/10\/SAVE_20251006_221555-300x52.jpg 300w, https:\/\/newsinfoco.com.br\/inicio\/wp-content\/uploads\/2025\/10\/SAVE_20251006_221555-1024x177.jpg 1024w, https:\/\/newsinfoco.com.br\/inicio\/wp-content\/uploads\/2025\/10\/SAVE_20251006_221555-768x133.jpg 768w, https:\/\/newsinfoco.com.br\/inicio\/wp-content\/uploads\/2025\/10\/SAVE_20251006_221555-600x104.jpg 600w, https:\/\/newsinfoco.com.br\/inicio\/wp-content\/uploads\/2025\/10\/SAVE_20251006_221555-696x120.jpg 696w, https:\/\/newsinfoco.com.br\/inicio\/wp-content\/uploads\/2025\/10\/SAVE_20251006_221555-1068x185.jpg 1068w\" sizes=\"(max-width: 1140px) 100vw, 1140px\" width=\"1140\" height=\"197\"   \/><\/a><\/div>\n<p style=\"text-align: justify;\">Onyx foi al\u00e9m e especulou sobre a volta de Bolsonaro ao DEM. O presidente integrou os quadros do PSL (antigo nome do Democratas) em 2005, mas, no mesmo ano, migrou para o PP. \u201cN\u00f3s vencemos e hoje temos a Presid\u00eancia. Um ex-filiado do PFL, um ex-filiado do Democratas e que olha para o nosso partido com imenso respeito e, por que n\u00e3o dizer, com o olho de quem sabe gostaria de voltar para casa\u201d, disse o ministro em seu discurso. Quando lhe foi perguntado pela reportagem, ap\u00f3s o evento, se havia alguma sinaliza\u00e7\u00e3o do presidente nesse sentido, Onyx respondeu rindo: \u201cEu vejo nos olhos dele\u201d.<\/p>\n<p style=\"text-align: justify;\">Mas os demais oradores foram em outra dire\u00e7\u00e3o. Antes mesmo do in\u00edcio da conven\u00e7\u00e3o, o presidente nacional do DEM e prefeito de Salvador, ACM Neto, disse que o prop\u00f3sito do ato n\u00e3o era definir apoio ao governo. \u201cTemos compromisso com a agenda do pa\u00eds, independentemente de compor uma base formal\u201d, disse Neto em entrevista. Indagado sobre as cr\u00edticas dos aliados de Bolsonaro, afirmou que n\u00e3o cairia em provoca\u00e7\u00f5es. \u201cN\u00e3o acho que \u00e9 o momento de alimentar esse tipo de pol\u00eamica ou discuss\u00e3o. Honestamente, quem tem preocupa\u00e7\u00e3o com o andamento da agenda do pa\u00eds deve somar esfor\u00e7os, e n\u00e3o utilizar redes sociais ou mesmo o plen\u00e1rio da C\u00e2mara ou do Senado para provoca\u00e7\u00f5es\u201d, disse o prefeito de Salvador.<\/p>\n<p style=\"text-align: justify;\">\u201cN\u00e3o digo que essa seja uma quest\u00e3o do governo, mas alguns aliados do governo perdem tempo com fogo amigo. Poderiam estar somando esfor\u00e7os e concentrando energia no que \u00e9 importante, que \u00e9 o avan\u00e7o dessas reformas, principalmente na C\u00e2mara dos Deputados, com rela\u00e7\u00e3o \u00e0 reforma da Previd\u00eancia\u201d, afirmou ACM Neto. Logo em seguida, em discurso, o presidente do DEM defendeu a democracia e os respeitos \u00e0s institui\u00e7\u00f5es, em especial o Congresso, alvo constante de ataques de Bolsonaro e de seus seguidores na pol\u00edtica e nas ruas. Ele tamb\u00e9m falou a favor da pol\u00edtica, \u201cque existe para evitar a guerra\u201d. \u201cPrego a conviv\u00eancia e o respeito com a diferen\u00e7a. N\u00e3o \u00e9 porque o outro n\u00e3o pensa igual a mim que eu tenho que demonizar o outro, condenar o outro\u201d, afirmou.<\/p>\n<p style=\"text-align: justify;\">O presidente do DEM disse que os eleitores \u201cn\u00e3o foram \u00e0s urnas para defender radicalismos \u00e0 direita ou \u00e0 esquerda\u201d e falou da legitimidade dos Poderes. \u201cReconhecemos a autoridade e a legitimidade do presidente, que n\u00e3o foi dada por nenhum partido, foi dada pelas ruas, pelo povo brasileiro nas urnas. Mesma legitimidade que foi concedida ao Parlamento brasileiro, aos deputados e senadores\u201d, disse ACM Neto, pregando uni\u00e3o entre Legislativo e Executivo. Ainda rebatendo indiretamente cr\u00edticas feitas pelo presidente e seu entorno, refutou a pecha de fisiologista. \u201cNosso partido jamais aceitou qualquer tipo de proposta. Nunca admitimos o troca-troca da velha pol\u00edtica. Este partido n\u00e3o se guia nem se pauta por circunst\u00e2ncias ou conveni\u00eancias. O Democratas n\u00e3o aceita r\u00f3tulos ou muito menos carimbos\u201d, afirmou.<\/p>\n<p style=\"text-align: justify;\">O DEM tenta se livrar do t\u00edtulo de l\u00edder do centr\u00e3o, grupo de partidos na C\u00e2mara que \u00e9 conhecido por pressionar governos em troca de cargos e libera\u00e7\u00e3o de emendas. \u201cO DEM implodiu o centr\u00e3o. Talvez algumas pessoas enganadas tentem nos rotular. Mas n\u00e3o h\u00e1 como se brigar com a hist\u00f3ria. O centr\u00e3o foi destru\u00eddo exatamente pelo deputado Rodrigo Maia\u201d, disse o l\u00edder do Democratas na C\u00e2mara, Elmar Nascimento (BA). \u201cA forma pejorativa que muitas vezes tratam o Democratas e outros partidos \u00e9 o caminho do enfraquecimento n\u00e3o destes partidos, mas da democracia\u201d, fez coro o presidente da C\u00e2mara, Rodrigo Maia (RJ). O deputado tamb\u00e9m minimizou a falta de apoio formal da sua legenda ao governo Bolsonaro. \u201cSer ou n\u00e3o ser governo n\u00e3o \u00e9 o mais importante. O mais importante \u00e9 ser a favor de uma agenda que construa um futuro melhor para a popula\u00e7\u00e3o brasileira\u201d. Rodrigo Maia tamb\u00e9m rebateu, indiretamente, a tentativa de Bolsonaro de atribuir ao Congresso suas dificuldades. \u201cN\u00e3o \u00e9 tudo responsabilidade do Parlamento. Vamos separar as responsabilidades. N\u00e3o podem transferir todas as responsabilidades e todos os males do Brasil para a C\u00e2mara\u201d, disse o presidente da C\u00e2mara Rodrigo Maia tamb\u00e9m cobrou racionalidade e equil\u00edbrio, mas n\u00e3o citou nomes. \u201cO Brasil est\u00e1 precisando de racionalidade, de equil\u00edbrio. Menos discurso para fora e mais compromisso com a pauta de mudan\u00e7as que este Brasil tanto precisa\u201d, afirmou.<\/p>\n<p style=\"text-align: justify;\">O presidente do Senado, Davi Alcolumbre (DEM-AP), ressaltou o apoio que sua legenda j\u00e1 d\u00e1 ao governo. \u201cN\u00e3o sei que outro partido tem ajudado mais o governo, muitas vezes mais at\u00e9 que o partido do presidente da Rep\u00fablica\u201d, afirmou.<\/p>\n<p style=\"text-align: justify;\">ACM Neto foi reconduzido \u00e0 presid\u00eancia do DEM na manh\u00e3 desta quinta-feira. Chegou ao comando do partido em mar\u00e7o do ano passado, substituindo o ex-senador Agripino Maia (RN). Prefeito de Salvador no segundo mandato e prov\u00e1vel candidato ao governo da Bahia em 2022, Antonio Carlos Peixoto de Magalh\u00e3es Neto, 40, \u00e9 formado em direito e assumiu o primeiro mandato de deputado federal em 2003. No partido desde 1997, \u00e9 neto do senador Antonio Carlos Magalh\u00e3es (1927-2007). O DEM chamou-se PFL (Partido da Frente Liberal) at\u00e9 2007. O partido s\u00f3 teve candidato a presidente da Rep\u00fablica uma vez, em 1989, quando ainda se chamava PFL. O candidato foi o ex-ministro Aureliano Chaves. Em 1994 e em 1998, elegeu Marco Maciel vice-presidente de Fernando Henrique Cardoso (PSDB). No ano passado, Rodrigo Maia ensaiou uma candidatura ao Pal\u00e1cio do Planalto, mas a ideia n\u00e3o decolou. O DEM apoiou a candidatura derrotada de Geraldo Alckmin (PSDB) no primeiro turno e alguns dos seus principais nomes abra\u00e7aram o nome de Jair Bolsonaro (PSL) no segundo, embora a sigla n\u00e3o tenha dado apoio formal a ningu\u00e9m.<\/p>\n<h6 style=\"text-align: right;\">Folhapress<\/h6>\n<div class='share-to-whatsapp-wrapper'><div class='share-on-whsp'>Share on: <\/div><a data-text='DEM faz ato com indiretas a Bolsonaro e evita apoio formal ao governo federal' data-link='https:\/\/newsinfoco.com.br\/inicio\/dem-faz-ato-com-indiretas-a-bolsonaro-e-evita-apoio-formal-ao-governo-federal\/' class='whatsapp-button whatsapp-share'>WhatsApp<\/a><div class='clear '><\/div><\/div>","protected":false},"excerpt":{"rendered":"<p>Em uma conven\u00e7\u00e3o com v\u00e1rias indiretas ao presidente Jair Bolsonaro (PSL) nesta quinta-feira (30), o DEM evitou dar apoio formal ao governo, comprometendo-se apenas com a agenda de reformas econ\u00f4micas defendidas pelo Pal\u00e1cio do Planalto. Na titularidade das pastas da Casa Civil, da Sa\u00fade e da Agricultura e nas presid\u00eancias da C\u00e2mara e do Senado, [&hellip;]<\/p>\n","protected":false},"author":1,"featured_media":15214,"comment_status":"open","ping_status":"open","sticky":false,"template":"","format":"standard","meta":{"om_disable_all_campaigns":false,"_exactmetrics_skip_tracking":false,"_exactmetrics_sitenote_active":false,"_exactmetrics_sitenote_note":"","_exactmetrics_sitenote_category":0,"footnotes":""},"categories":[21,30],"tags":[],"class_list":["post-15213","post","type-post","status-publish","format-standard","has-post-thumbnail","hentry","category-brasil","category-destaque"],"aioseo_notices":[],"_links":{"self":[{"href":"https:\/\/newsinfoco.com.br\/inicio\/wp-json\/wp\/v2\/posts\/15213","targetHints":{"allow":["GET"]}}],"collection":[{"href":"https:\/\/newsinfoco.com.br\/inicio\/wp-json\/wp\/v2\/posts"}],"about":[{"href":"https:\/\/newsinfoco.com.br\/inicio\/wp-json\/wp\/v2\/types\/post"}],"author":[{"embeddable":true,"href":"https:\/\/newsinfoco.com.br\/inicio\/wp-json\/wp\/v2\/users\/1"}],"replies":[{"embeddable":true,"href":"https:\/\/newsinfoco.com.br\/inicio\/wp-json\/wp\/v2\/comments?post=15213"}],"version-history":[{"count":0,"href":"https:\/\/newsinfoco.com.br\/inicio\/wp-json\/wp\/v2\/posts\/15213\/revisions"}],"wp:featuredmedia":[{"embeddable":true,"href":"https:\/\/newsinfoco.com.br\/inicio\/wp-json\/wp\/v2\/media\/15214"}],"wp:attachment":[{"href":"https:\/\/newsinfoco.com.br\/inicio\/wp-json\/wp\/v2\/media?parent=15213"}],"wp:term":[{"taxonomy":"category","embeddable":true,"href":"https:\/\/newsinfoco.com.br\/inicio\/wp-json\/wp\/v2\/categories?post=15213"},{"taxonomy":"post_tag","embeddable":true,"href":"https:\/\/newsinfoco.com.br\/inicio\/wp-json\/wp\/v2\/tags?post=15213"}],"curies":[{"name":"wp","href":"https:\/\/api.w.org\/{rel}","templated":true}]}}