{"id":15216,"date":"2019-05-31T13:01:48","date_gmt":"2019-05-31T16:01:48","guid":{"rendered":"http:\/\/newsinfoco.com.br\/?p=15216"},"modified":"2019-05-31T13:01:48","modified_gmt":"2019-05-31T16:01:48","slug":"se-reforma-da-previdencia-nao-for-aprovada-o-brasil-quebra-diz-bolsonaro-ao-sbt","status":"publish","type":"post","link":"https:\/\/newsinfoco.com.br\/inicio\/se-reforma-da-previdencia-nao-for-aprovada-o-brasil-quebra-diz-bolsonaro-ao-sbt\/","title":{"rendered":"Se reforma da Previd\u00eancia n\u00e3o for aprovada, o Brasil quebra, diz Bolsonaro ao SBT"},"content":{"rendered":"<p style=\"text-align: justify;\">Em entrevista ao programa The Noite, apresentado por Danilo Gentili, no SBT, na madrugada desta sexta-feira (31), o presidente Jair Bolsonaro (PSL) defendeu a reforma da Previd\u00eancia e afirmou que se n\u00e3o for aprovada h\u00e1 chances do Brasil quebrar em 2022. \u201cAprovando a Previd\u00eancia daqui a dois, tr\u00eas meses o pa\u00eds come\u00e7ar\u00e1 a andar. N\u00f3s n\u00e3o temos outra alternativa. N\u00e3o d\u00e1 mais para inchar a m\u00e1quina p\u00fablica\u201d, disse o presidente.<\/p>\n<p style=\"text-align: justify;\">Ao ser questionado sobre o porqu\u00ea de a Previd\u00eancia ser reformada, o presidente disse que a longevidade cresce de forma r\u00e1pida e, se n\u00e3o houver a reforma, h\u00e1 chances do Brasil quebrar a ponto de o cidad\u00e3o ir ao banco para receber o sal\u00e1rio e n\u00e3o ter dinheiro. Ainda sobre o tema, afirmou que um governo n\u00e3o se sustenta com uma economia razo\u00e1vel e que \u00e9 preciso mostrar para os investidores que eles podem confiar no pa\u00eds. Afirmou ainda que a infla\u00e7\u00e3o pode disparar, e que o pa\u00eds corre o risco de voltar a viver uma crise inflacion\u00e1ria. As manifesta\u00e7\u00f5es pr\u00f3-governo, que aconteceram no dia 26 de Maio, foram uma forma do povo mostrar que quer mudan\u00e7a, segundo o presidente. \u201cFoi espont\u00e2nea, com pauta definida, que deu um sinal de alerta para todos os pol\u00edticos. A classe pol\u00edtica precisa estar afinada com as necessidades da popula\u00e7\u00e3o\u201d, afirmou.<\/p><div class=\"newsi-conteudo_19\" id=\"newsi-565939479\"><a href=\"https:\/\/www.instagram.com\/prefeituraalagoinhas?igsh=YzgzdDJ1bWR3aWI4\" aria-label=\"SAVE_20251006_221555\"><img loading=\"lazy\" decoding=\"async\" src=\"https:\/\/newsinfoco.com.br\/inicio\/wp-content\/uploads\/2025\/10\/SAVE_20251006_221555-rotated.jpg\" alt=\"\"  srcset=\"https:\/\/newsinfoco.com.br\/inicio\/wp-content\/uploads\/2025\/10\/SAVE_20251006_221555-rotated.jpg 1140w, https:\/\/newsinfoco.com.br\/inicio\/wp-content\/uploads\/2025\/10\/SAVE_20251006_221555-300x52.jpg 300w, https:\/\/newsinfoco.com.br\/inicio\/wp-content\/uploads\/2025\/10\/SAVE_20251006_221555-1024x177.jpg 1024w, https:\/\/newsinfoco.com.br\/inicio\/wp-content\/uploads\/2025\/10\/SAVE_20251006_221555-768x133.jpg 768w, https:\/\/newsinfoco.com.br\/inicio\/wp-content\/uploads\/2025\/10\/SAVE_20251006_221555-600x104.jpg 600w, https:\/\/newsinfoco.com.br\/inicio\/wp-content\/uploads\/2025\/10\/SAVE_20251006_221555-696x120.jpg 696w, https:\/\/newsinfoco.com.br\/inicio\/wp-content\/uploads\/2025\/10\/SAVE_20251006_221555-1068x185.jpg 1068w\" sizes=\"(max-width: 1140px) 100vw, 1140px\" width=\"1140\" height=\"197\"   \/><\/a><\/div>\n<p style=\"text-align: justify;\">Sobre ter chamado de \u201cidiota \u00fatil e massa de manobra\u201d os jovens que se manifestaram contra o corte de verba na educa\u00e7\u00e3o no dia 15 de Maio reafirmou que o certo seria falar \u201cinocentes \u00fateis\u201d. \u201cA maioria da garotada que estava presente n\u00e3o sabia o que estava fazendo. H\u00e1 uma minoria de professores espertalh\u00f5es que est\u00e3o manipulando estes jovens\u201d, completou.<\/p>\n<p style=\"text-align: justify;\">Perguntado se existia uma tens\u00e3o interna no governo entre olavistas, militares e liberais, Bolsonaro afirmou que n\u00e3o h\u00e1 essa divis\u00e3o sistem\u00e1tica. \u201cA imprensa em grande parte n\u00e3o gosta de mim e potencializa\u201d. J\u00e1 em rela\u00e7\u00e3o ao porte de arma, o apresentador perguntou se o presidente confiava no brasileiro para ter uma em casa. Bolsonaro disse que sim, afirmando ainda que a certeza que o criminoso tem de que vai encontrar o cidad\u00e3o desarmado \u00e9 o que faz a viol\u00eancia aumentar. \u201cA arma \u00e9 como uma extens\u00e3o do teu corpo. Se voc\u00ea fizer uma besteira vai estar l\u00e1 onde voc\u00ea a comprou\u201d, disse.<\/p>\n<p style=\"text-align: justify;\">Na entrevista, o presidente tamb\u00e9m falou sobre a facada que levou quando fazia campanha em Juiz de Fora (MG), no dia 6 de Setembro. Quando chegou na cidade mineira disse ter comunicado aos seguran\u00e7as que aquela seria a \u00faltima vez que estaria no meio do povo daquela forma. Ao levar a facada disse que a dor foi parecida com a de uma bolada ou um soco. \u201cQuando eu levantei a camisa eu pensei que tinha sido um soco porque n\u00e3o sangrava\u201d, afirmou.<\/p>\n<p style=\"text-align: right;\">Folha de S. Paulo<\/p>\n<div class='share-to-whatsapp-wrapper'><div class='share-on-whsp'>Share on: <\/div><a data-text='Se reforma da Previd\u00eancia n\u00e3o for aprovada, o Brasil quebra, diz Bolsonaro ao SBT' data-link='https:\/\/newsinfoco.com.br\/inicio\/se-reforma-da-previdencia-nao-for-aprovada-o-brasil-quebra-diz-bolsonaro-ao-sbt\/' class='whatsapp-button whatsapp-share'>WhatsApp<\/a><div class='clear '><\/div><\/div>","protected":false},"excerpt":{"rendered":"<p>Em entrevista ao programa The Noite, apresentado por Danilo Gentili, no SBT, na madrugada desta sexta-feira (31), o presidente Jair Bolsonaro (PSL) defendeu a reforma da Previd\u00eancia e afirmou que se n\u00e3o for aprovada h\u00e1 chances do Brasil quebrar em 2022. \u201cAprovando a Previd\u00eancia daqui a dois, tr\u00eas meses o pa\u00eds come\u00e7ar\u00e1 a andar. N\u00f3s [&hellip;]<\/p>\n","protected":false},"author":1,"featured_media":15217,"comment_status":"open","ping_status":"open","sticky":false,"template":"","format":"standard","meta":{"om_disable_all_campaigns":false,"_exactmetrics_skip_tracking":false,"_exactmetrics_sitenote_active":false,"_exactmetrics_sitenote_note":"","_exactmetrics_sitenote_category":0,"footnotes":""},"categories":[21,30],"tags":[],"class_list":["post-15216","post","type-post","status-publish","format-standard","has-post-thumbnail","hentry","category-brasil","category-destaque"],"aioseo_notices":[],"_links":{"self":[{"href":"https:\/\/newsinfoco.com.br\/inicio\/wp-json\/wp\/v2\/posts\/15216","targetHints":{"allow":["GET"]}}],"collection":[{"href":"https:\/\/newsinfoco.com.br\/inicio\/wp-json\/wp\/v2\/posts"}],"about":[{"href":"https:\/\/newsinfoco.com.br\/inicio\/wp-json\/wp\/v2\/types\/post"}],"author":[{"embeddable":true,"href":"https:\/\/newsinfoco.com.br\/inicio\/wp-json\/wp\/v2\/users\/1"}],"replies":[{"embeddable":true,"href":"https:\/\/newsinfoco.com.br\/inicio\/wp-json\/wp\/v2\/comments?post=15216"}],"version-history":[{"count":0,"href":"https:\/\/newsinfoco.com.br\/inicio\/wp-json\/wp\/v2\/posts\/15216\/revisions"}],"wp:featuredmedia":[{"embeddable":true,"href":"https:\/\/newsinfoco.com.br\/inicio\/wp-json\/wp\/v2\/media\/15217"}],"wp:attachment":[{"href":"https:\/\/newsinfoco.com.br\/inicio\/wp-json\/wp\/v2\/media?parent=15216"}],"wp:term":[{"taxonomy":"category","embeddable":true,"href":"https:\/\/newsinfoco.com.br\/inicio\/wp-json\/wp\/v2\/categories?post=15216"},{"taxonomy":"post_tag","embeddable":true,"href":"https:\/\/newsinfoco.com.br\/inicio\/wp-json\/wp\/v2\/tags?post=15216"}],"curies":[{"name":"wp","href":"https:\/\/api.w.org\/{rel}","templated":true}]}}