{"id":15219,"date":"2019-05-31T21:14:38","date_gmt":"2019-06-01T00:14:38","guid":{"rendered":"http:\/\/newsinfoco.com.br\/?p=15219"},"modified":"2019-05-31T21:35:19","modified_gmt":"2019-06-01T00:35:19","slug":"em-alagoinhas-contra-cortes-na-educacao-esquerda-passa-pelo-constrangimento-de-ter-que-criticar-o-governo-do-pt-por-caio-pimenta","status":"publish","type":"post","link":"https:\/\/newsinfoco.com.br\/inicio\/em-alagoinhas-contra-cortes-na-educacao-esquerda-passa-pelo-constrangimento-de-ter-que-criticar-o-governo-do-pt-por-caio-pimenta\/","title":{"rendered":"Em Alagoinhas, contra cortes na educa\u00e7\u00e3o, esquerda passa pelo constrangimento de ter que criticar o governo do PT &#8211; Por Caio Pimenta"},"content":{"rendered":"<p style=\"text-align: justify;\">No dia de ontem(30), manifestantes foram \u00e0s ruas do pa\u00eds contra o contingenciamento de recursos do MEC anunciados pelo Governo Federal. Capitaneados pela UNE, UBES e outras entidades da esquerda que det\u00e9m ineg\u00e1vel domina\u00e7\u00e3o dos n\u00facleos de representa\u00e7\u00e3o estudantil do pa\u00eds, estudantes e professores levaram cartazes, bradaram palavras de ordem contra o Governo Bolsonaro e exigiram maior aten\u00e7\u00e3o a educa\u00e7\u00e3o.<\/p>\n<p style=\"text-align: justify;\">Diante da in\u00e9rcia e conformismo que esses movimentos praticaram durante os governos petistas, leia-se Lula e Dilma, que tamb\u00e9m contingenciaram or\u00e7amentos da educa\u00e7\u00e3o sem nenhum questionamento destes mesmo movimentos, a opini\u00e3o p\u00fablica n\u00e3o comprou esse repentino &#8216;despertar&#8217; da esquerda. O resultado foi o fiasco destas manifesta\u00e7\u00f5es como um todo.<\/p><div class=\"newsi-conteudo_19\" id=\"newsi-3691932630\"><a href=\"https:\/\/www.instagram.com\/prefeituraalagoinhas?igsh=YzgzdDJ1bWR3aWI4\" aria-label=\"SAVE_20251006_221555\"><img loading=\"lazy\" decoding=\"async\" src=\"https:\/\/newsinfoco.com.br\/inicio\/wp-content\/uploads\/2025\/10\/SAVE_20251006_221555-rotated.jpg\" alt=\"\"  srcset=\"https:\/\/newsinfoco.com.br\/inicio\/wp-content\/uploads\/2025\/10\/SAVE_20251006_221555-rotated.jpg 1140w, https:\/\/newsinfoco.com.br\/inicio\/wp-content\/uploads\/2025\/10\/SAVE_20251006_221555-300x52.jpg 300w, https:\/\/newsinfoco.com.br\/inicio\/wp-content\/uploads\/2025\/10\/SAVE_20251006_221555-1024x177.jpg 1024w, https:\/\/newsinfoco.com.br\/inicio\/wp-content\/uploads\/2025\/10\/SAVE_20251006_221555-768x133.jpg 768w, https:\/\/newsinfoco.com.br\/inicio\/wp-content\/uploads\/2025\/10\/SAVE_20251006_221555-600x104.jpg 600w, https:\/\/newsinfoco.com.br\/inicio\/wp-content\/uploads\/2025\/10\/SAVE_20251006_221555-696x120.jpg 696w, https:\/\/newsinfoco.com.br\/inicio\/wp-content\/uploads\/2025\/10\/SAVE_20251006_221555-1068x185.jpg 1068w\" sizes=\"(max-width: 1140px) 100vw, 1140px\" width=\"1140\" height=\"197\"   \/><\/a><\/div>\n<p style=\"text-align: justify;\">Apesar do resultado geral ter sido ruim, aqui em Alagoinhas, em especial, algo curioso me chamou aten\u00e7\u00e3o. Em defesa da educa\u00e7\u00e3o, e contra os cortes na \u00e1rea, os manifestantes n\u00e3o s\u00f3 criticavam o governo Bolsonaro, como tamb\u00e9m o governo Rui Costa, do PT. A coer\u00eancia no que tange a cobran\u00e7a de ambos os governos merecem verdadeiros aplausos. Sinal que j\u00e1 se inicia uma especie de auto-critica de posturas equivocadas do passado recente.<\/p>\n<p style=\"text-align: justify;\">Quero aqui reproduzir uma das palavras de ordem que foram entoadas por esses manifestantes como exemplo. &#8216;Bolsonaro seu fascistinha, os estudantes v\u00e3o colocar voc\u00ea na linha. Rui Costa seu fascistinha os estudantes v\u00e3o colocar voc\u00ea na linha&#8217;. N\u00e3o vou aqui discutir o que \u00e9 fascismo, e se realmente essa qualidade cabe aos dois, Rui Costa e Bolsonaro, s\u00f3 pe\u00e7o que os senhores leitores observem que os dois s\u00e3o colocados em posi\u00e7\u00e3o de igualdade pelos manifestantes.<\/p>\n<p style=\"text-align: justify;\">No mais, n\u00e3o podemos deixar de chamar a aten\u00e7\u00e3o tamb\u00e9m para o constrangimento que se observa em ver a esquerda sendo obrigada a protestar contra um governo comandado por um partido de esquerda, no caso o PT. Se a n\u00edvel nacional os estudantes reclamam de contingenciamento, aqui na Bahia, s\u00f3 para resumir, as universidades permanecem em greve, o que vem afetando de forma negativa a vida de professores e alunos.<\/p>\n<p style=\"text-align: justify;\">\u00c9 constrangedor ver muito daqueles que defenderam o PT contra o carlismo, ou a volta dele, ter que se voltar agora contra um governo petista. &#8216;Ah, na \u00e9poca do carlismo era pior&#8217;, dizem alguns defensores do petismo na Bahia. Ora, se antes era pior, por que as greves? Me parece uma verdadeira contradi\u00e7\u00e3o.<\/p>\n<p style=\"text-align: justify;\">Mas n\u00e3o quero que esse artigo seja utilizado como um culto ao carlismo. Muito pelo contr\u00e1rio, concordo em parte com esses defensores, o carlismo em termos de comprometimento com a educa\u00e7\u00e3o na Bahia foi um fracasso e suas a\u00e7\u00f5es demonstravam que n\u00e3o tinham entre suas prioridades esta \u00e1rea. Por\u00e9m, olhemos o governo do PT, quantos ex-carlistas hein&#8230;. Vai a\u00ed mais uma contradi\u00e7\u00e3o.<\/p>\n<p style=\"text-align: justify;\">Essas contradi\u00e7\u00f5es \u00e9 que levam ao constrangimento. O constrangimento de se propagar a exist\u00eancia de um governo de esquerda que na verdade h\u00e1 muito deixou a ess\u00eancia desse espectro politico e se rendeu as pr\u00e1ticas e a\u00e7\u00f5es daqueles que criticavam. A\u00ed cabe uma reflex\u00e3o aos estudantes e professores, em especial, que engrossaram as fileiras destas manifesta\u00e7\u00f5es. Primeiro para que n\u00e3o sirvam de massa de manobra de pessoas que possuem apenas o oportunismo politico como ess\u00eancia; segundo para que, caso convictos de seu posicionamento politico, possam refletir a quem verdadeiramente est\u00e3o a defender ou atacar a depender do momento.<\/p>\n<p style=\"text-align: justify;\">A incoer\u00eancia sempre foi sinal de posturas equivocadas.<\/p>\n<p style=\"text-align: justify;\"><strong>*Caio Pimenta \u00e9 produtor do Programa Primeira M\u00e3o, da r\u00e1dio 95,7 FM de Alagoinhas, al\u00e9m de ser editor-chefe do site News Infoco.<\/strong><\/p>\n<div class=\"share-to-whatsapp-wrapper\"><\/div>\n<div class=\"share-to-whatsapp-wrapper\"><\/div>\n<div class=\"share-to-whatsapp-wrapper\"><\/div>\n<div class='share-to-whatsapp-wrapper'><div class='share-on-whsp'>Share on: <\/div><a data-text='Em Alagoinhas, contra cortes na educa\u00e7\u00e3o, esquerda passa pelo constrangimento de ter que criticar o governo do PT - Por Caio Pimenta' data-link='https:\/\/newsinfoco.com.br\/inicio\/em-alagoinhas-contra-cortes-na-educacao-esquerda-passa-pelo-constrangimento-de-ter-que-criticar-o-governo-do-pt-por-caio-pimenta\/' class='whatsapp-button whatsapp-share'>WhatsApp<\/a><div class='clear '><\/div><\/div>","protected":false},"excerpt":{"rendered":"<p>No dia de ontem(30), manifestantes foram \u00e0s ruas do pa\u00eds contra o contingenciamento de recursos do MEC anunciados pelo Governo Federal. Capitaneados pela UNE, UBES e outras entidades da esquerda que det\u00e9m ineg\u00e1vel domina\u00e7\u00e3o dos n\u00facleos de representa\u00e7\u00e3o estudantil do pa\u00eds, estudantes e professores levaram cartazes, bradaram palavras de ordem contra o Governo Bolsonaro e [&hellip;]<\/p>\n","protected":false},"author":1,"featured_media":14750,"comment_status":"open","ping_status":"open","sticky":false,"template":"","format":"standard","meta":{"om_disable_all_campaigns":false,"_exactmetrics_skip_tracking":false,"_exactmetrics_sitenote_active":false,"_exactmetrics_sitenote_note":"","_exactmetrics_sitenote_category":0,"footnotes":""},"categories":[26],"tags":[],"class_list":["post-15219","post","type-post","status-publish","format-standard","has-post-thumbnail","hentry","category-caio-pimenta"],"aioseo_notices":[],"_links":{"self":[{"href":"https:\/\/newsinfoco.com.br\/inicio\/wp-json\/wp\/v2\/posts\/15219","targetHints":{"allow":["GET"]}}],"collection":[{"href":"https:\/\/newsinfoco.com.br\/inicio\/wp-json\/wp\/v2\/posts"}],"about":[{"href":"https:\/\/newsinfoco.com.br\/inicio\/wp-json\/wp\/v2\/types\/post"}],"author":[{"embeddable":true,"href":"https:\/\/newsinfoco.com.br\/inicio\/wp-json\/wp\/v2\/users\/1"}],"replies":[{"embeddable":true,"href":"https:\/\/newsinfoco.com.br\/inicio\/wp-json\/wp\/v2\/comments?post=15219"}],"version-history":[{"count":0,"href":"https:\/\/newsinfoco.com.br\/inicio\/wp-json\/wp\/v2\/posts\/15219\/revisions"}],"wp:featuredmedia":[{"embeddable":true,"href":"https:\/\/newsinfoco.com.br\/inicio\/wp-json\/wp\/v2\/media\/14750"}],"wp:attachment":[{"href":"https:\/\/newsinfoco.com.br\/inicio\/wp-json\/wp\/v2\/media?parent=15219"}],"wp:term":[{"taxonomy":"category","embeddable":true,"href":"https:\/\/newsinfoco.com.br\/inicio\/wp-json\/wp\/v2\/categories?post=15219"},{"taxonomy":"post_tag","embeddable":true,"href":"https:\/\/newsinfoco.com.br\/inicio\/wp-json\/wp\/v2\/tags?post=15219"}],"curies":[{"name":"wp","href":"https:\/\/api.w.org\/{rel}","templated":true}]}}