{"id":1523,"date":"2018-03-23T11:15:03","date_gmt":"2018-03-23T14:15:03","guid":{"rendered":"http:\/\/newsinfoco.com.br\/?p=1523"},"modified":"2018-03-23T11:15:03","modified_gmt":"2018-03-23T14:15:03","slug":"dia-mundial-da-agua-saae-lanca-projeto-de-educacao-ambiental-em-parceria-com-a-secretaria-municipal-de-educacao-de-alagoinhas","status":"publish","type":"post","link":"https:\/\/newsinfoco.com.br\/inicio\/dia-mundial-da-agua-saae-lanca-projeto-de-educacao-ambiental-em-parceria-com-a-secretaria-municipal-de-educacao-de-alagoinhas\/","title":{"rendered":"DIA MUNDIAL DA \u00c1GUA: SAAE lan\u00e7a projeto de Educa\u00e7\u00e3o Ambiental em parceria com a Secretaria Municipal de Educa\u00e7\u00e3o de Alagoinhas"},"content":{"rendered":"<p style=\"text-align: justify;\"><span style=\"color: #000000;\">Nesta quinta-feira (22), quando se comemora o Dia Mundial da \u00c1gua, o Servi\u00e7o Aut\u00f4nomo de \u00c1gua e Esgoto (SAAE) Alagoinhas lan\u00e7a, em parceria com a Secretaria Municipal de Educa\u00e7\u00e3o (SEDUC), o \u201cAmigos da \u00c1gua\u201d, projeto de educa\u00e7\u00e3o ambiental com foco no uso racional da \u00e1gua entre crian\u00e7as e adolescentes.<\/span><\/p>\n<p style=\"text-align: justify;\"><span style=\"color: #000000;\">Por meio de visitas guiadas na Capta\u00e7\u00e3o Soboco, o projeto vai possibilitar que estudantes da rede municipal conhe\u00e7am o sistema de abastecimento de Alagoinhas. Atualmente, cerca de 12 mil alunos est\u00e3o matriculados nas 82 unidades que integram a rede ( entre creche, pr\u00e9 escola e ensino fundamental \u2013 do 1\u00b0 ao 9\u00b0 ano).<\/span><\/p><div class=\"newsi-conteudo_19\" id=\"newsi-4240951625\"><a href=\"https:\/\/www.instagram.com\/prefeituraalagoinhas?igsh=YzgzdDJ1bWR3aWI4\" aria-label=\"SAVE_20251006_221555\"><img loading=\"lazy\" decoding=\"async\" src=\"https:\/\/newsinfoco.com.br\/inicio\/wp-content\/uploads\/2025\/10\/SAVE_20251006_221555-rotated.jpg\" alt=\"\"  srcset=\"https:\/\/newsinfoco.com.br\/inicio\/wp-content\/uploads\/2025\/10\/SAVE_20251006_221555-rotated.jpg 1140w, https:\/\/newsinfoco.com.br\/inicio\/wp-content\/uploads\/2025\/10\/SAVE_20251006_221555-300x52.jpg 300w, https:\/\/newsinfoco.com.br\/inicio\/wp-content\/uploads\/2025\/10\/SAVE_20251006_221555-1024x177.jpg 1024w, https:\/\/newsinfoco.com.br\/inicio\/wp-content\/uploads\/2025\/10\/SAVE_20251006_221555-768x133.jpg 768w, https:\/\/newsinfoco.com.br\/inicio\/wp-content\/uploads\/2025\/10\/SAVE_20251006_221555-600x104.jpg 600w, https:\/\/newsinfoco.com.br\/inicio\/wp-content\/uploads\/2025\/10\/SAVE_20251006_221555-696x120.jpg 696w, https:\/\/newsinfoco.com.br\/inicio\/wp-content\/uploads\/2025\/10\/SAVE_20251006_221555-1068x185.jpg 1068w\" sizes=\"(max-width: 1140px) 100vw, 1140px\" width=\"1140\" height=\"197\"   \/><\/a><\/div>\n<p style=\"text-align: justify;\"><span style=\"color: #000000;\">A expectativa \u00e9 de que at\u00e9 o final de 2018, com pelo menos uma visita por m\u00eas, a autarquia receba cerca de 10 escolas. A primeira visita acontece j\u00e1 nesta quinta-feira (22), a partir das 8h, com estudantes do 5\u00b0 ano da Escola Municipal Roberto Santos.<\/span><\/p>\n<p style=\"text-align: justify;\"><span style=\"color: #000000;\">Segundo a diretora geral do SAAE, Maria das Gra\u00e7as Reis, o objetivo da a\u00e7\u00e3o \u00e9 contribuir para o processo de forma\u00e7\u00e3o dos nossos futuros adultos. \u201cSe, desde cedo, eles entendem a import\u00e2ncia da preserva\u00e7\u00e3o dos nossos recursos naturais, a exemplo da \u00e1gua, que \u00e9 um recurso finito, eles se tornar\u00e3o adultos mais conscientes e engajados com os problemas ambientais\u201d, afirma a diretora geral.<\/span><\/p>\n<p style=\"text-align: justify;\"><span style=\"color: #000000;\">Para Diretora de Apoio e Ensino Pedag\u00f3gico da SEDUC, Keite Maria Lima, o projeto \u00e9 importante para refor\u00e7ar o aprendizado, tamb\u00e9m, fora da sala de aula. \u00c9 a valoriza\u00e7\u00e3o de uma educa\u00e7\u00e3o diversificada, para al\u00e9m do livro did\u00e1tico e na perspectiva da forma\u00e7\u00e3o de crian\u00e7as e jovens mais conscientes.<\/span><\/p>\n<p style=\"text-align: justify;\"><span style=\"color: #000000;\">O projeto \u00e9 uma realiza\u00e7\u00e3o da Assessoria de Comunica\u00e7\u00e3o (ASCOM) do SAAE, com suporte da Assessoria de Integra\u00e7\u00e3o Social ( AIC) e da Diretoria T\u00e9cnica da autarquia.<\/span><\/p>\n<p style=\"text-align: justify;\"><a class=\"group1 cboxElement\" href=\"https:\/\/www.alagoinhas.ba.gov.br\/wp-content\/uploads\/2018\/03\/saae2.jpeg\"><img loading=\"lazy\" decoding=\"async\" class=\"aligncenter size-large wp-image-18158\" src=\"https:\/\/www.alagoinhas.ba.gov.br\/wp-content\/uploads\/2018\/03\/saae2-1024x393.jpeg\" sizes=\"auto, (max-width: 800px) 100vw, 800px\" srcset=\"https:\/\/www.alagoinhas.ba.gov.br\/wp-content\/uploads\/2018\/03\/saae2-1024x393.jpeg 1024w, https:\/\/www.alagoinhas.ba.gov.br\/wp-content\/uploads\/2018\/03\/saae2-300x115.jpeg 300w, https:\/\/www.alagoinhas.ba.gov.br\/wp-content\/uploads\/2018\/03\/saae2-768x295.jpeg 768w, https:\/\/www.alagoinhas.ba.gov.br\/wp-content\/uploads\/2018\/03\/saae2.jpeg 1280w\" alt=\"\" width=\"800\" height=\"307\" \/><\/a><\/p>\n<p style=\"text-align: justify;\"><a class=\"group1 cboxElement\" href=\"https:\/\/www.alagoinhas.ba.gov.br\/wp-content\/uploads\/2018\/03\/saae1.jpeg\"><img loading=\"lazy\" decoding=\"async\" class=\"aligncenter size-large wp-image-18159\" src=\"https:\/\/www.alagoinhas.ba.gov.br\/wp-content\/uploads\/2018\/03\/saae1-1024x768.jpeg\" sizes=\"auto, (max-width: 800px) 100vw, 800px\" srcset=\"https:\/\/www.alagoinhas.ba.gov.br\/wp-content\/uploads\/2018\/03\/saae1-1024x768.jpeg 1024w, https:\/\/www.alagoinhas.ba.gov.br\/wp-content\/uploads\/2018\/03\/saae1-300x225.jpeg 300w, https:\/\/www.alagoinhas.ba.gov.br\/wp-content\/uploads\/2018\/03\/saae1-768x576.jpeg 768w, https:\/\/www.alagoinhas.ba.gov.br\/wp-content\/uploads\/2018\/03\/saae1.jpeg 1032w\" alt=\"\" width=\"800\" height=\"600\" \/><\/a><\/p>\n<p style=\"text-align: justify;\">CONTATOS DE ATENDIMENTO AO USU\u00c1RIO<br \/>\nWhatsApp: (75) 981804500<br \/>\nCall Center: 0800 702 7065<br \/>\nOuvidoria: ouvidoria@alagoinhas.ba.gov.br<\/p>\n<p style=\"text-align: justify;\">ASCOM<br \/>\nServi\u00e7o Aut\u00f4nomo de \u00c1gua e Esgoto \u2013 SAAE Alagoinhas<br \/>\nE-mail: ascom.saae@alagoinhas.ba.gov.br<br \/>\nTelefone: (75) 31826031<\/p>\n<p style=\"text-align: justify;\">Redes Sociais<br \/>\nFacebook: www.facebook.com\/saaedealagoinhas<br \/>\nInstagram: www.instagram.com\/saaealagoinhas<br \/>\nSite: saae.alagoinhas.ba.gov.br<\/p>\n<p>&nbsp;<\/p>\n<h6 style=\"text-align: right;\"><span style=\"color: #999999;\">fonte:SECOM,SAAE,SEDUC,AIC,ASCOM,Prefeitura\u00a0<\/span><\/h6>\n<div class='share-to-whatsapp-wrapper'><div class='share-on-whsp'>Share on: <\/div><a data-text='DIA MUNDIAL DA \u00c1GUA: SAAE lan\u00e7a projeto de Educa\u00e7\u00e3o Ambiental em parceria com a Secretaria Municipal de Educa\u00e7\u00e3o de Alagoinhas' data-link='https:\/\/newsinfoco.com.br\/inicio\/dia-mundial-da-agua-saae-lanca-projeto-de-educacao-ambiental-em-parceria-com-a-secretaria-municipal-de-educacao-de-alagoinhas\/' class='whatsapp-button whatsapp-share'>WhatsApp<\/a><div class='clear '><\/div><\/div>","protected":false},"excerpt":{"rendered":"<p>Nesta quinta-feira (22), quando se comemora o Dia Mundial da \u00c1gua, o Servi\u00e7o Aut\u00f4nomo de \u00c1gua e Esgoto (SAAE) Alagoinhas lan\u00e7a, em parceria com a Secretaria Municipal de Educa\u00e7\u00e3o (SEDUC), o \u201cAmigos da \u00c1gua\u201d, projeto de educa\u00e7\u00e3o ambiental com foco no uso racional da \u00e1gua entre crian\u00e7as e adolescentes. Por meio de visitas guiadas na [&hellip;]<\/p>\n","protected":false},"author":1,"featured_media":1524,"comment_status":"open","ping_status":"open","sticky":false,"template":"","format":"standard","meta":{"om_disable_all_campaigns":false,"_exactmetrics_skip_tracking":false,"_exactmetrics_sitenote_active":false,"_exactmetrics_sitenote_note":"","_exactmetrics_sitenote_category":0,"footnotes":""},"categories":[38,30],"tags":[75,53,76,54,55,64],"class_list":["post-1523","post","type-post","status-publish","format-standard","has-post-thumbnail","hentry","category-alagoinhas-e-regiao","category-destaque","tag-aic","tag-alagoinhas","tag-ascom","tag-prefeitura","tag-saae","tag-seduc"],"aioseo_notices":[],"_links":{"self":[{"href":"https:\/\/newsinfoco.com.br\/inicio\/wp-json\/wp\/v2\/posts\/1523","targetHints":{"allow":["GET"]}}],"collection":[{"href":"https:\/\/newsinfoco.com.br\/inicio\/wp-json\/wp\/v2\/posts"}],"about":[{"href":"https:\/\/newsinfoco.com.br\/inicio\/wp-json\/wp\/v2\/types\/post"}],"author":[{"embeddable":true,"href":"https:\/\/newsinfoco.com.br\/inicio\/wp-json\/wp\/v2\/users\/1"}],"replies":[{"embeddable":true,"href":"https:\/\/newsinfoco.com.br\/inicio\/wp-json\/wp\/v2\/comments?post=1523"}],"version-history":[{"count":0,"href":"https:\/\/newsinfoco.com.br\/inicio\/wp-json\/wp\/v2\/posts\/1523\/revisions"}],"wp:featuredmedia":[{"embeddable":true,"href":"https:\/\/newsinfoco.com.br\/inicio\/wp-json\/wp\/v2\/media\/1524"}],"wp:attachment":[{"href":"https:\/\/newsinfoco.com.br\/inicio\/wp-json\/wp\/v2\/media?parent=1523"}],"wp:term":[{"taxonomy":"category","embeddable":true,"href":"https:\/\/newsinfoco.com.br\/inicio\/wp-json\/wp\/v2\/categories?post=1523"},{"taxonomy":"post_tag","embeddable":true,"href":"https:\/\/newsinfoco.com.br\/inicio\/wp-json\/wp\/v2\/tags?post=1523"}],"curies":[{"name":"wp","href":"https:\/\/api.w.org\/{rel}","templated":true}]}}