{"id":15232,"date":"2019-06-03T18:33:44","date_gmt":"2019-06-03T21:33:44","guid":{"rendered":"http:\/\/newsinfoco.com.br\/?p=15232"},"modified":"2019-06-03T18:35:22","modified_gmt":"2019-06-03T21:35:22","slug":"salvador-trocara-cartela-de-papel-por-sistema-digital-na-zona-azul-em-alagoinhas-sistema-digital-ja-vigora","status":"publish","type":"post","link":"https:\/\/newsinfoco.com.br\/inicio\/salvador-trocara-cartela-de-papel-por-sistema-digital-na-zona-azul-em-alagoinhas-sistema-digital-ja-vigora\/","title":{"rendered":"Salvador trocar\u00e1 cartela de papel por sistema digital na zona azul; em Alagoinhas sistema digital j\u00e1 vigora"},"content":{"rendered":"<div class=\"entry-content\">\n<p style=\"text-align: justify;\">A partir desta ter\u00e7a-feira (4), a Zona Azul de Salvador dar\u00e1 in\u00edcio a mais uma evolu\u00e7\u00e3o: a extin\u00e7\u00e3o das cartelas de papel para dar lugar \u00e0 cobran\u00e7a em formato eletr\u00f4nico, com aceita\u00e7\u00e3o de pagamento atrav\u00e9s de dinheiro ou cart\u00f5es de d\u00e9bito e cr\u00e9dito pelos guardadores de ve\u00edculos, que se tornar\u00e3o operadores de vagas. A iniciativa municipal teve os detalhes apresentados pelo prefeito ACM Neto e pelo superintendente de Tr\u00e2nsito de Salvador (Transalvador), Fabrizzio Muller, nesta segunda-feira (3), no Pal\u00e1cio Thom\u00e9 de Souza. A medida \u00e9 parte integrante do programa Salvador 360, eixo Cidade Inteligente.<\/p>\n<p style=\"text-align: justify;\">Desenvolvido em parceria com o Sindicato dos Guardadores de Ve\u00edculos do Estado da Bahia (Sindguarda), o sistema, que surge ap\u00f3s a implanta\u00e7\u00e3o da Zona Azul Digital, funcionando j\u00e1 com 11 aplicativos cadastrados, atende a uma demanda da pr\u00f3pria categoria profissional e tamb\u00e9m da popula\u00e7\u00e3o. As duas primeiras \u00e1reas a extinguirem a cartela f\u00edsica ser\u00e3o a Barra e o Rio Vermelho. A previs\u00e3o \u00e9 de que, at\u00e9 outubro deste ano, a medida seja aplicada em todas as \u00e1reas da cidade. Nos primeiros 20 dias, a cobran\u00e7a ser\u00e1 feita apenas em dinheiro, enquanto \u00e9 finalizado o ajuste das m\u00e1quinas ao sistema banc\u00e1rio.<\/p><div class=\"newsi-conteudo_19\" id=\"newsi-149416963\"><a href=\"https:\/\/www.instagram.com\/prefeituraalagoinhas?igsh=YzgzdDJ1bWR3aWI4\" aria-label=\"SAVE_20251006_221555\"><img loading=\"lazy\" decoding=\"async\" src=\"https:\/\/newsinfoco.com.br\/inicio\/wp-content\/uploads\/2025\/10\/SAVE_20251006_221555-rotated.jpg\" alt=\"\"  srcset=\"https:\/\/newsinfoco.com.br\/inicio\/wp-content\/uploads\/2025\/10\/SAVE_20251006_221555-rotated.jpg 1140w, https:\/\/newsinfoco.com.br\/inicio\/wp-content\/uploads\/2025\/10\/SAVE_20251006_221555-300x52.jpg 300w, https:\/\/newsinfoco.com.br\/inicio\/wp-content\/uploads\/2025\/10\/SAVE_20251006_221555-1024x177.jpg 1024w, https:\/\/newsinfoco.com.br\/inicio\/wp-content\/uploads\/2025\/10\/SAVE_20251006_221555-768x133.jpg 768w, https:\/\/newsinfoco.com.br\/inicio\/wp-content\/uploads\/2025\/10\/SAVE_20251006_221555-600x104.jpg 600w, https:\/\/newsinfoco.com.br\/inicio\/wp-content\/uploads\/2025\/10\/SAVE_20251006_221555-696x120.jpg 696w, https:\/\/newsinfoco.com.br\/inicio\/wp-content\/uploads\/2025\/10\/SAVE_20251006_221555-1068x185.jpg 1068w\" sizes=\"(max-width: 1140px) 100vw, 1140px\" width=\"1140\" height=\"197\"   \/><\/a><\/div>\n<p style=\"text-align: justify;\">Implantada no centro de Alagoinhas desde fevereiro, o sistema digital vigora na zona azul da cidade desde o inicio de sua implanta\u00e7\u00e3o, justamente pela comodidade que o usu\u00e1rio possui para o pagamento da vaga. No munic\u00edpio o sistema \u00e9 regido pelo aplicativo digipare, dispon\u00edvel em todos os sistemas android e IOS.<\/p>\n<h6 style=\"text-align: right;\"><\/h6>\n<\/div>\n<div class=\"social cf\" style=\"text-align: justify;\"><\/div>\n<div class='share-to-whatsapp-wrapper'><div class='share-on-whsp'>Share on: <\/div><a data-text='Salvador trocar\u00e1 cartela de papel por sistema digital na zona azul; em Alagoinhas sistema digital j\u00e1 vigora' data-link='https:\/\/newsinfoco.com.br\/inicio\/salvador-trocara-cartela-de-papel-por-sistema-digital-na-zona-azul-em-alagoinhas-sistema-digital-ja-vigora\/' class='whatsapp-button whatsapp-share'>WhatsApp<\/a><div class='clear '><\/div><\/div>","protected":false},"excerpt":{"rendered":"<p>A partir desta ter\u00e7a-feira (4), a Zona Azul de Salvador dar\u00e1 in\u00edcio a mais uma evolu\u00e7\u00e3o: a extin\u00e7\u00e3o das cartelas de papel para dar lugar \u00e0 cobran\u00e7a em formato eletr\u00f4nico, com aceita\u00e7\u00e3o de pagamento atrav\u00e9s de dinheiro ou cart\u00f5es de d\u00e9bito e cr\u00e9dito pelos guardadores de ve\u00edculos, que se tornar\u00e3o operadores de vagas. A iniciativa [&hellip;]<\/p>\n","protected":false},"author":1,"featured_media":13513,"comment_status":"open","ping_status":"open","sticky":false,"template":"","format":"standard","meta":{"om_disable_all_campaigns":false,"_exactmetrics_skip_tracking":false,"_exactmetrics_sitenote_active":false,"_exactmetrics_sitenote_note":"","_exactmetrics_sitenote_category":0,"footnotes":""},"categories":[19,30],"tags":[],"class_list":["post-15232","post","type-post","status-publish","format-standard","has-post-thumbnail","hentry","category-bahia","category-destaque"],"aioseo_notices":[],"_links":{"self":[{"href":"https:\/\/newsinfoco.com.br\/inicio\/wp-json\/wp\/v2\/posts\/15232","targetHints":{"allow":["GET"]}}],"collection":[{"href":"https:\/\/newsinfoco.com.br\/inicio\/wp-json\/wp\/v2\/posts"}],"about":[{"href":"https:\/\/newsinfoco.com.br\/inicio\/wp-json\/wp\/v2\/types\/post"}],"author":[{"embeddable":true,"href":"https:\/\/newsinfoco.com.br\/inicio\/wp-json\/wp\/v2\/users\/1"}],"replies":[{"embeddable":true,"href":"https:\/\/newsinfoco.com.br\/inicio\/wp-json\/wp\/v2\/comments?post=15232"}],"version-history":[{"count":0,"href":"https:\/\/newsinfoco.com.br\/inicio\/wp-json\/wp\/v2\/posts\/15232\/revisions"}],"wp:featuredmedia":[{"embeddable":true,"href":"https:\/\/newsinfoco.com.br\/inicio\/wp-json\/wp\/v2\/media\/13513"}],"wp:attachment":[{"href":"https:\/\/newsinfoco.com.br\/inicio\/wp-json\/wp\/v2\/media?parent=15232"}],"wp:term":[{"taxonomy":"category","embeddable":true,"href":"https:\/\/newsinfoco.com.br\/inicio\/wp-json\/wp\/v2\/categories?post=15232"},{"taxonomy":"post_tag","embeddable":true,"href":"https:\/\/newsinfoco.com.br\/inicio\/wp-json\/wp\/v2\/tags?post=15232"}],"curies":[{"name":"wp","href":"https:\/\/api.w.org\/{rel}","templated":true}]}}