{"id":15238,"date":"2019-06-03T19:58:16","date_gmt":"2019-06-03T22:58:16","guid":{"rendered":"http:\/\/newsinfoco.com.br\/?p=15238"},"modified":"2019-06-03T20:04:04","modified_gmt":"2019-06-03T23:04:04","slug":"eleicoes-no-atletico-de-alagoinhas-raimundo-queiroz-sera-candidato","status":"publish","type":"post","link":"https:\/\/newsinfoco.com.br\/inicio\/eleicoes-no-atletico-de-alagoinhas-raimundo-queiroz-sera-candidato\/","title":{"rendered":"Elei\u00e7\u00f5es no Atl\u00e9tico de Alagoinhas: Raimundo Queiroz ser\u00e1 candidato?"},"content":{"rendered":"<p dir=\"auto\" style=\"text-align: justify;\">As elei\u00e7\u00f5es no Alagoinhas Atl\u00e9tico Clube devem ser antecipadas para o m\u00eas de Julho, segundo o diretor George Carmo. O motivo da antecipa\u00e7\u00e3o seria para n\u00e3o prejudicar a programa\u00e7\u00e3o da equipe Carcar\u00e1 para a temporada 2020, j\u00e1 que no pr\u00f3ximo ano o Atl\u00e9tico ter\u00e1 uma agenda bem preenchida: disputa da serie A do Campeonato baiano, Copa do Brasil e s\u00e9rie D do Campeonato brasileiro.<\/p>\n<p dir=\"auto\" style=\"text-align: justify;\">Quem vai disputar as elei\u00e7\u00f5es do time mais amado do interior da Bahia? Bem, at\u00e9 o momento s\u00f3 temos especula\u00e7\u00f5es, o certo mesmo \u00e9 que o atual presidente Raimundo Queiroz j\u00e1 declarou \u00e0 imprensa local que n\u00e3o tem interesse em concorrer as elei\u00e7\u00f5es do Carcar\u00e1. Com a desist\u00eancia do atual presidente em concorrer, surge naturalmente alguns nomes, dentre eles o do diretor George Carmo, que n\u00e3o se sabe ainda se teria o apoio do atual presidente.<\/p><div class=\"newsi-conteudo_19\" id=\"newsi-2723104105\"><a href=\"https:\/\/www.instagram.com\/prefeituraalagoinhas?igsh=YzgzdDJ1bWR3aWI4\" aria-label=\"SAVE_20251006_221555\"><img loading=\"lazy\" decoding=\"async\" src=\"https:\/\/newsinfoco.com.br\/inicio\/wp-content\/uploads\/2025\/10\/SAVE_20251006_221555-rotated.jpg\" alt=\"\"  srcset=\"https:\/\/newsinfoco.com.br\/inicio\/wp-content\/uploads\/2025\/10\/SAVE_20251006_221555-rotated.jpg 1140w, https:\/\/newsinfoco.com.br\/inicio\/wp-content\/uploads\/2025\/10\/SAVE_20251006_221555-300x52.jpg 300w, https:\/\/newsinfoco.com.br\/inicio\/wp-content\/uploads\/2025\/10\/SAVE_20251006_221555-1024x177.jpg 1024w, https:\/\/newsinfoco.com.br\/inicio\/wp-content\/uploads\/2025\/10\/SAVE_20251006_221555-768x133.jpg 768w, https:\/\/newsinfoco.com.br\/inicio\/wp-content\/uploads\/2025\/10\/SAVE_20251006_221555-600x104.jpg 600w, https:\/\/newsinfoco.com.br\/inicio\/wp-content\/uploads\/2025\/10\/SAVE_20251006_221555-696x120.jpg 696w, https:\/\/newsinfoco.com.br\/inicio\/wp-content\/uploads\/2025\/10\/SAVE_20251006_221555-1068x185.jpg 1068w\" sizes=\"(max-width: 1140px) 100vw, 1140px\" width=\"1140\" height=\"197\"   \/><\/a><\/div>\n<p dir=\"auto\" style=\"text-align: justify;\">Outro nome que \u00e9 sempre lembrado \u00e9 o do ex-presidente do Atl\u00e9tico, Albino Leite, o \u201ccamisa humana\u201d, que tem seu nome sempre lembrado pela torcida e pela impressa local. Fala-se no bastidores tamb\u00e9m do nome do empres\u00e1rio George Cabor\u00e9, ligado ao ramo de entretenimento, inclusive o pr\u00f3prio Cabor\u00e9 confirmou a este News Infoco que \u00e9 pr\u00e9-candidato a presid\u00eancia do Clube.<\/p>\n<p dir=\"auto\" style=\"text-align: justify;\">Por\u00e9m, uma informa\u00e7\u00e3o ao qual o News Infoco teve acesso, pode mudar por completo todas as proje\u00e7\u00f5es. \u00c9 que segundo uma fonte, existe um grupo que tenta fazer com que Raimundo Queiroz siga como presidente do Atletico. Para isso, mesmo sendo presidente, Queiroz teria que concorrer as elei\u00e7\u00f5es do Carcara.<\/p>\n<p dir=\"auto\" style=\"text-align: justify;\">Aguardemos o desfecho dessa hist\u00f3ria, j\u00e1 que o ano que vem ser\u00e1 um ano bastante movimento para a cidade de Alagoinhas, principalmente no tocante ao futebol profissional.<\/p>\n<h6 dir=\"auto\" style=\"text-align: right;\">Por Andr\u00e9 Luiz para o News Infoco<\/h6>\n<div class='share-to-whatsapp-wrapper'><div class='share-on-whsp'>Share on: <\/div><a data-text='Elei\u00e7\u00f5es no Atl\u00e9tico de Alagoinhas: Raimundo Queiroz ser\u00e1 candidato?' data-link='https:\/\/newsinfoco.com.br\/inicio\/eleicoes-no-atletico-de-alagoinhas-raimundo-queiroz-sera-candidato\/' class='whatsapp-button whatsapp-share'>WhatsApp<\/a><div class='clear '><\/div><\/div>","protected":false},"excerpt":{"rendered":"<p>As elei\u00e7\u00f5es no Alagoinhas Atl\u00e9tico Clube devem ser antecipadas para o m\u00eas de Julho, segundo o diretor George Carmo. O motivo da antecipa\u00e7\u00e3o seria para n\u00e3o prejudicar a programa\u00e7\u00e3o da equipe Carcar\u00e1 para a temporada 2020, j\u00e1 que no pr\u00f3ximo ano o Atl\u00e9tico ter\u00e1 uma agenda bem preenchida: disputa da serie A do Campeonato baiano, [&hellip;]<\/p>\n","protected":false},"author":1,"featured_media":11766,"comment_status":"open","ping_status":"open","sticky":false,"template":"","format":"standard","meta":{"om_disable_all_campaigns":false,"_exactmetrics_skip_tracking":false,"_exactmetrics_sitenote_active":false,"_exactmetrics_sitenote_note":"","_exactmetrics_sitenote_category":0,"footnotes":""},"categories":[30,36],"tags":[],"class_list":["post-15238","post","type-post","status-publish","format-standard","has-post-thumbnail","hentry","category-destaque","category-esporte"],"aioseo_notices":[],"_links":{"self":[{"href":"https:\/\/newsinfoco.com.br\/inicio\/wp-json\/wp\/v2\/posts\/15238","targetHints":{"allow":["GET"]}}],"collection":[{"href":"https:\/\/newsinfoco.com.br\/inicio\/wp-json\/wp\/v2\/posts"}],"about":[{"href":"https:\/\/newsinfoco.com.br\/inicio\/wp-json\/wp\/v2\/types\/post"}],"author":[{"embeddable":true,"href":"https:\/\/newsinfoco.com.br\/inicio\/wp-json\/wp\/v2\/users\/1"}],"replies":[{"embeddable":true,"href":"https:\/\/newsinfoco.com.br\/inicio\/wp-json\/wp\/v2\/comments?post=15238"}],"version-history":[{"count":0,"href":"https:\/\/newsinfoco.com.br\/inicio\/wp-json\/wp\/v2\/posts\/15238\/revisions"}],"wp:featuredmedia":[{"embeddable":true,"href":"https:\/\/newsinfoco.com.br\/inicio\/wp-json\/wp\/v2\/media\/11766"}],"wp:attachment":[{"href":"https:\/\/newsinfoco.com.br\/inicio\/wp-json\/wp\/v2\/media?parent=15238"}],"wp:term":[{"taxonomy":"category","embeddable":true,"href":"https:\/\/newsinfoco.com.br\/inicio\/wp-json\/wp\/v2\/categories?post=15238"},{"taxonomy":"post_tag","embeddable":true,"href":"https:\/\/newsinfoco.com.br\/inicio\/wp-json\/wp\/v2\/tags?post=15238"}],"curies":[{"name":"wp","href":"https:\/\/api.w.org\/{rel}","templated":true}]}}