{"id":15242,"date":"2019-06-04T18:14:07","date_gmt":"2019-06-04T21:14:07","guid":{"rendered":"http:\/\/newsinfoco.com.br\/?p=15242"},"modified":"2019-06-04T18:16:31","modified_gmt":"2019-06-04T21:16:31","slug":"sem-acordo-entre-prefeitura-e-sindicato-servidores-municipais-de-alagoinhas-anunciam-paralisacao-nesta-quarta-feira05","status":"publish","type":"post","link":"https:\/\/newsinfoco.com.br\/inicio\/sem-acordo-entre-prefeitura-e-sindicato-servidores-municipais-de-alagoinhas-anunciam-paralisacao-nesta-quarta-feira05\/","title":{"rendered":"Sem acordo entre prefeitura e sindicato, servidores municipais de Alagoinhas anunciam paralisa\u00e7\u00e3o nesta quarta-feira(05)"},"content":{"rendered":"<p style=\"text-align: justify;\">O Sindicato dos Trabalhadores do Servi\u00e7o Publico Municipal de Alagoinhas(SINPA) anunciou o inicio de uma paralisa\u00e7\u00e3o da categoria a partir de amanh\u00e3, quarta-feira(05), no munic\u00edpio de Alagoinhas. A convoca\u00e7\u00e3o de greve acontece ap\u00f3s a categoria recha\u00e7ar em assembleia a proposta do governo municipal.<\/p>\n<p style=\"text-align: justify;\">De acordo com a diretoria do SINPA, a categoria pede um reajuste salarial de 5,75% a todos os servidores, al\u00e9m do reajuste para professores e pedagogos de 1,83%. Como contraproposta a prefeitura ofereceu um reajuste de 3,75%, sendo 2,63% agora e 1,12% em seis parcelas retroativas a partir de janeiro de 2020. A categoria n\u00e3o aceitou e a a paralisa\u00e7\u00e3o foi anunciada. Segundo o News Infoco apurou, a escala de greve j\u00e1 estaria, inclusive, pronta.<\/p><div class=\"newsi-conteudo_19\" id=\"newsi-3200549768\"><a href=\"https:\/\/www.instagram.com\/prefeituraalagoinhas?igsh=YzgzdDJ1bWR3aWI4\" aria-label=\"SAVE_20251006_221555\"><img loading=\"lazy\" decoding=\"async\" src=\"https:\/\/newsinfoco.com.br\/inicio\/wp-content\/uploads\/2025\/10\/SAVE_20251006_221555-rotated.jpg\" alt=\"\"  srcset=\"https:\/\/newsinfoco.com.br\/inicio\/wp-content\/uploads\/2025\/10\/SAVE_20251006_221555-rotated.jpg 1140w, https:\/\/newsinfoco.com.br\/inicio\/wp-content\/uploads\/2025\/10\/SAVE_20251006_221555-300x52.jpg 300w, https:\/\/newsinfoco.com.br\/inicio\/wp-content\/uploads\/2025\/10\/SAVE_20251006_221555-1024x177.jpg 1024w, https:\/\/newsinfoco.com.br\/inicio\/wp-content\/uploads\/2025\/10\/SAVE_20251006_221555-768x133.jpg 768w, https:\/\/newsinfoco.com.br\/inicio\/wp-content\/uploads\/2025\/10\/SAVE_20251006_221555-600x104.jpg 600w, https:\/\/newsinfoco.com.br\/inicio\/wp-content\/uploads\/2025\/10\/SAVE_20251006_221555-696x120.jpg 696w, https:\/\/newsinfoco.com.br\/inicio\/wp-content\/uploads\/2025\/10\/SAVE_20251006_221555-1068x185.jpg 1068w\" sizes=\"(max-width: 1140px) 100vw, 1140px\" width=\"1140\" height=\"197\"   \/><\/a><\/div>\n<p style=\"text-align: justify;\">Ainda segundo informa\u00e7\u00f5es obtidas pelo News Infoco, uma reuni\u00e3o iniciada as 17:30 entre o governo e sindicato est\u00e1 ocorrendo neste momento. Uma nova assembleia da categoria est\u00e1 marcada para as 7:30 da manh\u00e3 desta quarta-feira(05), onde o resultado desta reuni\u00e3o ser\u00e1 discutida. \u00c9 esperada que a prefeitura fa\u00e7a uma nova proposta.<\/p>\n<p style=\"text-align: justify;\">Entramos em contato com a secretaria de comunica\u00e7\u00e3o da prefeitura de Alagoinhas para se pronunciar sobre o anuncio de paralisa\u00e7\u00e3o dos servidores municipais, mas at\u00e9 o fechamento da mat\u00e9ria nenhuma nota foi emitida.<\/p>\n<h6 style=\"text-align: right;\">Por Caio Pimenta para o News Infoco<\/h6>\n<p style=\"text-align: justify;\">\n<div class='share-to-whatsapp-wrapper'><div class='share-on-whsp'>Share on: <\/div><a data-text='Sem acordo entre prefeitura e sindicato, servidores municipais de Alagoinhas anunciam paralisa\u00e7\u00e3o nesta quarta-feira(05)' data-link='https:\/\/newsinfoco.com.br\/inicio\/sem-acordo-entre-prefeitura-e-sindicato-servidores-municipais-de-alagoinhas-anunciam-paralisacao-nesta-quarta-feira05\/' class='whatsapp-button whatsapp-share'>WhatsApp<\/a><div class='clear '><\/div><\/div>","protected":false},"excerpt":{"rendered":"<p>O Sindicato dos Trabalhadores do Servi\u00e7o Publico Municipal de Alagoinhas(SINPA) anunciou o inicio de uma paralisa\u00e7\u00e3o da categoria a partir de amanh\u00e3, quarta-feira(05), no munic\u00edpio de Alagoinhas. A convoca\u00e7\u00e3o de greve acontece ap\u00f3s a categoria recha\u00e7ar em assembleia a proposta do governo municipal. De acordo com a diretoria do SINPA, a categoria pede um reajuste [&hellip;]<\/p>\n","protected":false},"author":1,"featured_media":10659,"comment_status":"open","ping_status":"open","sticky":false,"template":"","format":"standard","meta":{"om_disable_all_campaigns":false,"_exactmetrics_skip_tracking":false,"_exactmetrics_sitenote_active":false,"_exactmetrics_sitenote_note":"","_exactmetrics_sitenote_category":0,"footnotes":""},"categories":[38,30],"tags":[],"class_list":["post-15242","post","type-post","status-publish","format-standard","has-post-thumbnail","hentry","category-alagoinhas-e-regiao","category-destaque"],"aioseo_notices":[],"_links":{"self":[{"href":"https:\/\/newsinfoco.com.br\/inicio\/wp-json\/wp\/v2\/posts\/15242","targetHints":{"allow":["GET"]}}],"collection":[{"href":"https:\/\/newsinfoco.com.br\/inicio\/wp-json\/wp\/v2\/posts"}],"about":[{"href":"https:\/\/newsinfoco.com.br\/inicio\/wp-json\/wp\/v2\/types\/post"}],"author":[{"embeddable":true,"href":"https:\/\/newsinfoco.com.br\/inicio\/wp-json\/wp\/v2\/users\/1"}],"replies":[{"embeddable":true,"href":"https:\/\/newsinfoco.com.br\/inicio\/wp-json\/wp\/v2\/comments?post=15242"}],"version-history":[{"count":0,"href":"https:\/\/newsinfoco.com.br\/inicio\/wp-json\/wp\/v2\/posts\/15242\/revisions"}],"wp:featuredmedia":[{"embeddable":true,"href":"https:\/\/newsinfoco.com.br\/inicio\/wp-json\/wp\/v2\/media\/10659"}],"wp:attachment":[{"href":"https:\/\/newsinfoco.com.br\/inicio\/wp-json\/wp\/v2\/media?parent=15242"}],"wp:term":[{"taxonomy":"category","embeddable":true,"href":"https:\/\/newsinfoco.com.br\/inicio\/wp-json\/wp\/v2\/categories?post=15242"},{"taxonomy":"post_tag","embeddable":true,"href":"https:\/\/newsinfoco.com.br\/inicio\/wp-json\/wp\/v2\/tags?post=15242"}],"curies":[{"name":"wp","href":"https:\/\/api.w.org\/{rel}","templated":true}]}}