{"id":15248,"date":"2019-06-04T19:25:37","date_gmt":"2019-06-04T22:25:37","guid":{"rendered":"http:\/\/newsinfoco.com.br\/?p=15248"},"modified":"2019-06-04T19:43:42","modified_gmt":"2019-06-04T22:43:42","slug":"comeca-nesta-quarta-feira-05-a-troca-dos-ingressos-para-o-trem-do-forro-em-alagoinhas","status":"publish","type":"post","link":"https:\/\/newsinfoco.com.br\/inicio\/comeca-nesta-quarta-feira-05-a-troca-dos-ingressos-para-o-trem-do-forro-em-alagoinhas\/","title":{"rendered":"Come\u00e7a nesta quarta-feira (05) a troca dos ingressos para o Trem do Forr\u00f3, em Alagoinhas"},"content":{"rendered":"<p style=\"text-align: justify;\">Os ingressos para o tradicional \u201cTrem do Forr\u00f3\u201d, que agita o \u201carrasta p\u00e9\u201d em Alagoinhas, de 12 a 16 de junho, podem ser retirados a partir desta quarta-feira (05), das 8h \u00e0s 13h, na Secretaria Municipal de Cultura, Esporte e Turismo (SECET), respons\u00e1vel pela iniciativa.<\/p>\n<p style=\"text-align: justify;\">O valor da passagem \u00e9 simb\u00f3lico: uma lata de leite ou um pacote de fraldas geri\u00e1tricas para o percurso de 40 minutos com sa\u00edda da esta\u00e7\u00e3o S\u00e3o Francisco ao embalo da sanfona e da zabumba das bandas locais. A SECET informou que a causa \u00e9 solid\u00e1ria e que as doa\u00e7\u00f5es ser\u00e3o encaminhadas a institui\u00e7\u00f5es de caridade do munic\u00edpio.<\/p><div class=\"newsi-conteudo_19\" id=\"newsi-2688493133\"><a href=\"https:\/\/www.instagram.com\/prefeituraalagoinhas?igsh=YzgzdDJ1bWR3aWI4\" aria-label=\"SAVE_20251006_221555\"><img loading=\"lazy\" decoding=\"async\" src=\"https:\/\/newsinfoco.com.br\/inicio\/wp-content\/uploads\/2025\/10\/SAVE_20251006_221555-rotated.jpg\" alt=\"\"  srcset=\"https:\/\/newsinfoco.com.br\/inicio\/wp-content\/uploads\/2025\/10\/SAVE_20251006_221555-rotated.jpg 1140w, https:\/\/newsinfoco.com.br\/inicio\/wp-content\/uploads\/2025\/10\/SAVE_20251006_221555-300x52.jpg 300w, https:\/\/newsinfoco.com.br\/inicio\/wp-content\/uploads\/2025\/10\/SAVE_20251006_221555-1024x177.jpg 1024w, https:\/\/newsinfoco.com.br\/inicio\/wp-content\/uploads\/2025\/10\/SAVE_20251006_221555-768x133.jpg 768w, https:\/\/newsinfoco.com.br\/inicio\/wp-content\/uploads\/2025\/10\/SAVE_20251006_221555-600x104.jpg 600w, https:\/\/newsinfoco.com.br\/inicio\/wp-content\/uploads\/2025\/10\/SAVE_20251006_221555-696x120.jpg 696w, https:\/\/newsinfoco.com.br\/inicio\/wp-content\/uploads\/2025\/10\/SAVE_20251006_221555-1068x185.jpg 1068w\" sizes=\"(max-width: 1140px) 100vw, 1140px\" width=\"1140\" height=\"197\"   \/><\/a><\/div>\n<p style=\"text-align: justify;\">No total, a previs\u00e3o \u00e9 de que 22 viagens sejam realizadas como parte da programa\u00e7\u00e3o, que este ano conta ainda com um diferencial: nova classe integral de passageiros. De acordo com a SECET, s\u00e3o esperadas cerca de 100 pessoas a cada embarque do trem.<\/p>\n<h2 style=\"text-align: justify;\">Servi\u00e7o:<\/h2>\n<p style=\"text-align: justify;\">INGRESSOS TREM DO FORR\u00d3<br \/>\n1 lata de leite ou 1 pacote de fraldas geri\u00e1tricas<br \/>\nRetirada: SECET (Rua Elvira D\u00f3rea, centro de Alagoinhas) \u2013 pr\u00e9dio da Biblioteca P\u00fablica Municipal \u2013 Das 8h \u00e0s 13h<\/p>\n<h2 style=\"text-align: justify;\">Grade de viagens:<\/h2>\n<p style=\"text-align: justify;\">\u2013 12\/06: Alunos da rede p\u00fablica municipal e de escolas particulares (manh\u00e3 e tarde)\/ Usu\u00e1rios e profissionais do CAPS III (manh\u00e3)<br \/>\n\u2013 13\/06: Funcion\u00e1rios da VLI (manh\u00e3) e p\u00fablico em geral (tarde)<br \/>\n\u2013 14\/06: Institui\u00e7\u00f5es filantr\u00f3picas (manh\u00e3) e funcion\u00e1rios p\u00fablicos (tarde)<br \/>\n\u2013 15\/06: Popula\u00e7\u00e3o em geral<br \/>\n\u2013 16\/06: Grupo de mulheres do Jardim Petrolar\/ Pol\u00edcia Militar encerrando com a torcida atleticana padronizada<\/p>\n<div style=\"text-align: right;\" align=\"right\">Secom Alagoinhas<\/div>\n<div class='share-to-whatsapp-wrapper'><div class='share-on-whsp'>Share on: <\/div><a data-text='Come\u00e7a nesta quarta-feira (05) a troca dos ingressos para o Trem do Forr\u00f3, em Alagoinhas' data-link='https:\/\/newsinfoco.com.br\/inicio\/comeca-nesta-quarta-feira-05-a-troca-dos-ingressos-para-o-trem-do-forro-em-alagoinhas\/' class='whatsapp-button whatsapp-share'>WhatsApp<\/a><div class='clear '><\/div><\/div>","protected":false},"excerpt":{"rendered":"<p>Os ingressos para o tradicional \u201cTrem do Forr\u00f3\u201d, que agita o \u201carrasta p\u00e9\u201d em Alagoinhas, de 12 a 16 de junho, podem ser retirados a partir desta quarta-feira (05), das 8h \u00e0s 13h, na Secretaria Municipal de Cultura, Esporte e Turismo (SECET), respons\u00e1vel pela iniciativa. O valor da passagem \u00e9 simb\u00f3lico: uma lata de leite [&hellip;]<\/p>\n","protected":false},"author":1,"featured_media":15195,"comment_status":"open","ping_status":"open","sticky":false,"template":"","format":"standard","meta":{"om_disable_all_campaigns":false,"_exactmetrics_skip_tracking":false,"_exactmetrics_sitenote_active":false,"_exactmetrics_sitenote_note":"","_exactmetrics_sitenote_category":0,"footnotes":""},"categories":[38,30],"tags":[],"class_list":["post-15248","post","type-post","status-publish","format-standard","has-post-thumbnail","hentry","category-alagoinhas-e-regiao","category-destaque"],"aioseo_notices":[],"_links":{"self":[{"href":"https:\/\/newsinfoco.com.br\/inicio\/wp-json\/wp\/v2\/posts\/15248","targetHints":{"allow":["GET"]}}],"collection":[{"href":"https:\/\/newsinfoco.com.br\/inicio\/wp-json\/wp\/v2\/posts"}],"about":[{"href":"https:\/\/newsinfoco.com.br\/inicio\/wp-json\/wp\/v2\/types\/post"}],"author":[{"embeddable":true,"href":"https:\/\/newsinfoco.com.br\/inicio\/wp-json\/wp\/v2\/users\/1"}],"replies":[{"embeddable":true,"href":"https:\/\/newsinfoco.com.br\/inicio\/wp-json\/wp\/v2\/comments?post=15248"}],"version-history":[{"count":0,"href":"https:\/\/newsinfoco.com.br\/inicio\/wp-json\/wp\/v2\/posts\/15248\/revisions"}],"wp:featuredmedia":[{"embeddable":true,"href":"https:\/\/newsinfoco.com.br\/inicio\/wp-json\/wp\/v2\/media\/15195"}],"wp:attachment":[{"href":"https:\/\/newsinfoco.com.br\/inicio\/wp-json\/wp\/v2\/media?parent=15248"}],"wp:term":[{"taxonomy":"category","embeddable":true,"href":"https:\/\/newsinfoco.com.br\/inicio\/wp-json\/wp\/v2\/categories?post=15248"},{"taxonomy":"post_tag","embeddable":true,"href":"https:\/\/newsinfoco.com.br\/inicio\/wp-json\/wp\/v2\/tags?post=15248"}],"curies":[{"name":"wp","href":"https:\/\/api.w.org\/{rel}","templated":true}]}}