{"id":15312,"date":"2019-06-11T16:04:09","date_gmt":"2019-06-11T19:04:09","guid":{"rendered":"http:\/\/newsinfoco.com.br\/?p=15312"},"modified":"2019-06-11T16:04:09","modified_gmt":"2019-06-11T19:04:09","slug":"provas-colhidas-ilegalmente-podem-ser-usadas-afirma-gilmar-sobre-caso-moro","status":"publish","type":"post","link":"https:\/\/newsinfoco.com.br\/inicio\/provas-colhidas-ilegalmente-podem-ser-usadas-afirma-gilmar-sobre-caso-moro\/","title":{"rendered":"Provas colhidas ilegalmente podem ser usadas, afirma Gilmar sobre caso Moro"},"content":{"rendered":"<p style=\"text-align: justify;\">O ministro Gilmar Mendes, do Supremo Tribunal Federal, disse nesta ter\u00e7a-feira, 11, que provas colhidas ilegalmente podem ser usadas em processos, ao ser indagado sobre reportagens publicadas no site The Intercept Brasil de supostas mensagens vazadas trocadas por Moro e o coordenador da for\u00e7a-tarefa da Lava Jato em Curitiba, procurador Deltan Dallagnol.<\/p>\n<p style=\"text-align: justify;\">As conversas supostamente mostrariam que Moro teria orientado investiga\u00e7\u00f5es da Lava Jato por meio de mensagens trocadas no aplicativo Telegram. O site afirmou que recebeu de fonte an\u00f4nima o material. Indagado se eventuais provas colhidas ilegalmente poderiam ser anuladas, Gilmar respondeu: \u201cN\u00e3o necessariamente, porque se amanh\u00e3 algu\u00e9m tiver sido alvo de uma condena\u00e7\u00e3o, por exemplo, por assassinato e a\u00ed se descobriu por alguma prova ilegal que ele n\u00e3o \u00e9 o autor do crime, se diz em geral que essa prova \u00e9 v\u00e1lida\u201d.<\/p><div class=\"newsi-conteudo_19\" id=\"newsi-2577949174\"><a href=\"https:\/\/www.instagram.com\/prefeituraalagoinhas?igsh=YzgzdDJ1bWR3aWI4\" aria-label=\"SAVE_20251006_221555\"><img loading=\"lazy\" decoding=\"async\" src=\"https:\/\/newsinfoco.com.br\/inicio\/wp-content\/uploads\/2025\/10\/SAVE_20251006_221555-rotated.jpg\" alt=\"\"  srcset=\"https:\/\/newsinfoco.com.br\/inicio\/wp-content\/uploads\/2025\/10\/SAVE_20251006_221555-rotated.jpg 1140w, https:\/\/newsinfoco.com.br\/inicio\/wp-content\/uploads\/2025\/10\/SAVE_20251006_221555-300x52.jpg 300w, https:\/\/newsinfoco.com.br\/inicio\/wp-content\/uploads\/2025\/10\/SAVE_20251006_221555-1024x177.jpg 1024w, https:\/\/newsinfoco.com.br\/inicio\/wp-content\/uploads\/2025\/10\/SAVE_20251006_221555-768x133.jpg 768w, https:\/\/newsinfoco.com.br\/inicio\/wp-content\/uploads\/2025\/10\/SAVE_20251006_221555-600x104.jpg 600w, https:\/\/newsinfoco.com.br\/inicio\/wp-content\/uploads\/2025\/10\/SAVE_20251006_221555-696x120.jpg 696w, https:\/\/newsinfoco.com.br\/inicio\/wp-content\/uploads\/2025\/10\/SAVE_20251006_221555-1068x185.jpg 1068w\" sizes=\"(max-width: 1140px) 100vw, 1140px\" width=\"1140\" height=\"197\"   \/><\/a><\/div>\n<p style=\"text-align: justify;\">Para o PT, a troca de mensagens entre Moro e procuradores da Lava Jato, entre eles o coordenador da for\u00e7a-tarefa Deltan Dallagnol, mostra que houve uma \u2018farsa judicial\u2019, \u2018forjando acusa\u00e7\u00f5es com o objetivo pol\u00edtico de impedir a vit\u00f3ria de Lula e do PT nas elei\u00e7\u00f5es presidenciais\u2019.<\/p>\n<p style=\"text-align: justify;\">Ao chegar para a sess\u00e3o da Primeira Turma nesta ter\u00e7a-feira, 11, o ministro Marco Aur\u00e9lio Mello tamb\u00e9m comentou. Para ele, Moro ficar\u00e1 \u2018sendo acuado todo esse tempo\u2019 at\u00e9 abrir uma vaga no STF, em novembro de 2020, com a aposentadoria compuls\u00f3ria do ministro Celso de Mello. \u201cCoitado do juiz Moro. O presidente (Jair Bolsonaro) o colocou numa sabatina permanente quando anunciou que houvera um acordo para ele deixar uma cadeira efetiva (de juiz federal), abandonando 22 anos de magistratura, para vir pra Esplanada e ser auxiliar dele, colocando-o na vitrine\u201d, comentou. \u201cE a\u00ed quem est\u00e1 na vitrine, o estilingue funciona\u201d, completou o ministro.<\/p>\n<p style=\"text-align: right;\">Estadao<\/p>\n<div class='share-to-whatsapp-wrapper'><div class='share-on-whsp'>Share on: <\/div><a data-text='Provas colhidas ilegalmente podem ser usadas, afirma Gilmar sobre caso Moro' data-link='https:\/\/newsinfoco.com.br\/inicio\/provas-colhidas-ilegalmente-podem-ser-usadas-afirma-gilmar-sobre-caso-moro\/' class='whatsapp-button whatsapp-share'>WhatsApp<\/a><div class='clear '><\/div><\/div>","protected":false},"excerpt":{"rendered":"<p>O ministro Gilmar Mendes, do Supremo Tribunal Federal, disse nesta ter\u00e7a-feira, 11, que provas colhidas ilegalmente podem ser usadas em processos, ao ser indagado sobre reportagens publicadas no site The Intercept Brasil de supostas mensagens vazadas trocadas por Moro e o coordenador da for\u00e7a-tarefa da Lava Jato em Curitiba, procurador Deltan Dallagnol. As conversas supostamente [&hellip;]<\/p>\n","protected":false},"author":1,"featured_media":15313,"comment_status":"open","ping_status":"open","sticky":false,"template":"","format":"standard","meta":{"om_disable_all_campaigns":false,"_exactmetrics_skip_tracking":false,"_exactmetrics_sitenote_active":false,"_exactmetrics_sitenote_note":"","_exactmetrics_sitenote_category":0,"footnotes":""},"categories":[21,30],"tags":[],"class_list":["post-15312","post","type-post","status-publish","format-standard","has-post-thumbnail","hentry","category-brasil","category-destaque"],"aioseo_notices":[],"_links":{"self":[{"href":"https:\/\/newsinfoco.com.br\/inicio\/wp-json\/wp\/v2\/posts\/15312","targetHints":{"allow":["GET"]}}],"collection":[{"href":"https:\/\/newsinfoco.com.br\/inicio\/wp-json\/wp\/v2\/posts"}],"about":[{"href":"https:\/\/newsinfoco.com.br\/inicio\/wp-json\/wp\/v2\/types\/post"}],"author":[{"embeddable":true,"href":"https:\/\/newsinfoco.com.br\/inicio\/wp-json\/wp\/v2\/users\/1"}],"replies":[{"embeddable":true,"href":"https:\/\/newsinfoco.com.br\/inicio\/wp-json\/wp\/v2\/comments?post=15312"}],"version-history":[{"count":0,"href":"https:\/\/newsinfoco.com.br\/inicio\/wp-json\/wp\/v2\/posts\/15312\/revisions"}],"wp:featuredmedia":[{"embeddable":true,"href":"https:\/\/newsinfoco.com.br\/inicio\/wp-json\/wp\/v2\/media\/15313"}],"wp:attachment":[{"href":"https:\/\/newsinfoco.com.br\/inicio\/wp-json\/wp\/v2\/media?parent=15312"}],"wp:term":[{"taxonomy":"category","embeddable":true,"href":"https:\/\/newsinfoco.com.br\/inicio\/wp-json\/wp\/v2\/categories?post=15312"},{"taxonomy":"post_tag","embeddable":true,"href":"https:\/\/newsinfoco.com.br\/inicio\/wp-json\/wp\/v2\/tags?post=15312"}],"curies":[{"name":"wp","href":"https:\/\/api.w.org\/{rel}","templated":true}]}}