{"id":15315,"date":"2019-06-11T16:08:56","date_gmt":"2019-06-11T19:08:56","guid":{"rendered":"http:\/\/newsinfoco.com.br\/?p=15315"},"modified":"2019-06-11T16:10:06","modified_gmt":"2019-06-11T19:10:06","slug":"apoio-a-reforma-sera-condicionado-a-exclusao-de-pontos-dizem-governadores","status":"publish","type":"post","link":"https:\/\/newsinfoco.com.br\/inicio\/apoio-a-reforma-sera-condicionado-a-exclusao-de-pontos-dizem-governadores\/","title":{"rendered":"Apoio \u00e0 reforma ser\u00e1 condicionado \u00e0 exclus\u00e3o de pontos, dizem governadores"},"content":{"rendered":"<p style=\"text-align: justify;\">Em reuni\u00e3o com o relator da reforma da Previd\u00eancia, deputado Samuel Moreira (PSDB-SP), governadores condicionaram o apoio \u00e0 proposta \u00e0 exclus\u00e3o de quatro pontos do texto do governo, al\u00e9m de altera\u00e7\u00e3o em outros dois trechos do projeto. Representantes de 25 estados se encontraram nesta ter\u00e7a-feira (11) em Bras\u00edlia.<\/p>\n<p style=\"text-align: justify;\">Ap\u00f3s declararem, na \u00faltima semana, que apoiam a inclus\u00e3o dos governos regionais na reforma, agora costuram altera\u00e7\u00f5es na mat\u00e9ria. Ficou decidido que os governadores s\u00f3 buscar\u00e3o votos em apoio \u00e0 proposta ap\u00f3s a retirada das mudan\u00e7as nas aposentadorias rurais e no BPC (Benef\u00edcio de Presta\u00e7\u00e3o Continuada), pago a idosos em situa\u00e7\u00e3o de mis\u00e9ria. Tamb\u00e9m exigem a exclus\u00e3o do trecho que autoriza a cria\u00e7\u00e3o de um regime de capitaliza\u00e7\u00e3o e dos pontos que retiram da Constitui\u00e7\u00e3o a defini\u00e7\u00e3o de regras da aposentadoria. Foi colocado ainda ao relator que os governadores querem uma redu\u00e7\u00e3o da idade m\u00ednima de aposentadoria das professoras que est\u00e3o na ativa para 55 anos. O projeto do governo estabelece idade m\u00ednima de 60 anos.<\/p><div class=\"newsi-conteudo_19\" id=\"newsi-3037194122\"><a href=\"https:\/\/www.instagram.com\/prefeituraalagoinhas?igsh=YzgzdDJ1bWR3aWI4\" aria-label=\"SAVE_20251006_221555\"><img loading=\"lazy\" decoding=\"async\" src=\"https:\/\/newsinfoco.com.br\/inicio\/wp-content\/uploads\/2025\/10\/SAVE_20251006_221555-rotated.jpg\" alt=\"\"  srcset=\"https:\/\/newsinfoco.com.br\/inicio\/wp-content\/uploads\/2025\/10\/SAVE_20251006_221555-rotated.jpg 1140w, https:\/\/newsinfoco.com.br\/inicio\/wp-content\/uploads\/2025\/10\/SAVE_20251006_221555-300x52.jpg 300w, https:\/\/newsinfoco.com.br\/inicio\/wp-content\/uploads\/2025\/10\/SAVE_20251006_221555-1024x177.jpg 1024w, https:\/\/newsinfoco.com.br\/inicio\/wp-content\/uploads\/2025\/10\/SAVE_20251006_221555-768x133.jpg 768w, https:\/\/newsinfoco.com.br\/inicio\/wp-content\/uploads\/2025\/10\/SAVE_20251006_221555-600x104.jpg 600w, https:\/\/newsinfoco.com.br\/inicio\/wp-content\/uploads\/2025\/10\/SAVE_20251006_221555-696x120.jpg 696w, https:\/\/newsinfoco.com.br\/inicio\/wp-content\/uploads\/2025\/10\/SAVE_20251006_221555-1068x185.jpg 1068w\" sizes=\"(max-width: 1140px) 100vw, 1140px\" width=\"1140\" height=\"197\"   \/><\/a><\/div>\n<p style=\"text-align: justify;\">Outro trecho a ser alterado est\u00e1 no projeto de lei que tramita separadamente e traz novas regras para militares. Os governadores querem liberdade para que seus policiais militares, bombeiros e agentes penitenci\u00e1rios continuem pagando al\u00edquotas mais altas do que as propostas pelo governo. A proposta de Bolsonaro estabelece al\u00edquotas que ir\u00e3o de 8,5% em 2020 a 10,5% a partir de 2022. Governadores argumentam que militares j\u00e1 pagam 14% de contribui\u00e7\u00e3o em 11 estados, que perderiam recursos se a proposta for aprovada.<\/p>\n<p style=\"text-align: justify;\">\u201cO relator se mostrou sens\u00edvel aos pontos apresentados pelos governadores\u201d, afirmou o governador de S\u00e3o Paulo, Jo\u00e3o Doria (PSDB), ponderando que o deputado n\u00e3o se manifestou de forma definitiva sobre as altera\u00e7\u00f5es. Segundo ele, a maior parte das mudan\u00e7as foi proposta por governadores do Nordeste, mas acabou acatada de forma solid\u00e1ria pelos outros representantes dos estados.<\/p>\n<p style=\"text-align: justify;\">Coordenador do f\u00f3rum, o governador do Distrito Federal, Ibaneis Rocha (MDB), afirmou que ser\u00e1 elaborado um documento elencando todas as exig\u00eancias. Ao fim da reuni\u00e3o, o governador do Piau\u00ed, Wellington Dias (PT), disse que o relator prometeu dar passos na dire\u00e7\u00e3o das reivindica\u00e7\u00f5es. Para ele, com as mudan\u00e7as, o governo ganhar\u00e1 votos tamb\u00e9m na oposi\u00e7\u00e3o.<\/p>\n<p style=\"text-align: right;\">Folhapress<\/p>\n<div class='share-to-whatsapp-wrapper'><div class='share-on-whsp'>Share on: <\/div><a data-text='Apoio \u00e0 reforma ser\u00e1 condicionado \u00e0 exclus\u00e3o de pontos, dizem governadores' data-link='https:\/\/newsinfoco.com.br\/inicio\/apoio-a-reforma-sera-condicionado-a-exclusao-de-pontos-dizem-governadores\/' class='whatsapp-button whatsapp-share'>WhatsApp<\/a><div class='clear '><\/div><\/div>","protected":false},"excerpt":{"rendered":"<p>Em reuni\u00e3o com o relator da reforma da Previd\u00eancia, deputado Samuel Moreira (PSDB-SP), governadores condicionaram o apoio \u00e0 proposta \u00e0 exclus\u00e3o de quatro pontos do texto do governo, al\u00e9m de altera\u00e7\u00e3o em outros dois trechos do projeto. Representantes de 25 estados se encontraram nesta ter\u00e7a-feira (11) em Bras\u00edlia. Ap\u00f3s declararem, na \u00faltima semana, que apoiam [&hellip;]<\/p>\n","protected":false},"author":1,"featured_media":15316,"comment_status":"open","ping_status":"open","sticky":false,"template":"","format":"standard","meta":{"om_disable_all_campaigns":false,"_exactmetrics_skip_tracking":false,"_exactmetrics_sitenote_active":false,"_exactmetrics_sitenote_note":"","_exactmetrics_sitenote_category":0,"footnotes":""},"categories":[21],"tags":[],"class_list":["post-15315","post","type-post","status-publish","format-standard","has-post-thumbnail","hentry","category-brasil"],"aioseo_notices":[],"_links":{"self":[{"href":"https:\/\/newsinfoco.com.br\/inicio\/wp-json\/wp\/v2\/posts\/15315","targetHints":{"allow":["GET"]}}],"collection":[{"href":"https:\/\/newsinfoco.com.br\/inicio\/wp-json\/wp\/v2\/posts"}],"about":[{"href":"https:\/\/newsinfoco.com.br\/inicio\/wp-json\/wp\/v2\/types\/post"}],"author":[{"embeddable":true,"href":"https:\/\/newsinfoco.com.br\/inicio\/wp-json\/wp\/v2\/users\/1"}],"replies":[{"embeddable":true,"href":"https:\/\/newsinfoco.com.br\/inicio\/wp-json\/wp\/v2\/comments?post=15315"}],"version-history":[{"count":0,"href":"https:\/\/newsinfoco.com.br\/inicio\/wp-json\/wp\/v2\/posts\/15315\/revisions"}],"wp:featuredmedia":[{"embeddable":true,"href":"https:\/\/newsinfoco.com.br\/inicio\/wp-json\/wp\/v2\/media\/15316"}],"wp:attachment":[{"href":"https:\/\/newsinfoco.com.br\/inicio\/wp-json\/wp\/v2\/media?parent=15315"}],"wp:term":[{"taxonomy":"category","embeddable":true,"href":"https:\/\/newsinfoco.com.br\/inicio\/wp-json\/wp\/v2\/categories?post=15315"},{"taxonomy":"post_tag","embeddable":true,"href":"https:\/\/newsinfoco.com.br\/inicio\/wp-json\/wp\/v2\/tags?post=15315"}],"curies":[{"name":"wp","href":"https:\/\/api.w.org\/{rel}","templated":true}]}}