{"id":15319,"date":"2019-06-11T16:27:11","date_gmt":"2019-06-11T19:27:11","guid":{"rendered":"http:\/\/newsinfoco.com.br\/?p=15319"},"modified":"2019-06-11T16:27:11","modified_gmt":"2019-06-11T19:27:11","slug":"processo-de-agressor-de-bolsonaro-esta-pronto-para-sentenca","status":"publish","type":"post","link":"https:\/\/newsinfoco.com.br\/inicio\/processo-de-agressor-de-bolsonaro-esta-pronto-para-sentenca\/","title":{"rendered":"Processo de agressor de Bolsonaro est\u00e1 pronto para senten\u00e7a"},"content":{"rendered":"<p style=\"text-align: justify;\">O processo que envolve o agressor de Jair Bolsonaro, Ad\u00e9lio Bispo de Oliveira, est\u00e1 pronto para ser sentenciado pelo juiz Bruno Savino, da 3.\u00aa Vara da Justi\u00e7a Federal na Juiz de Fora (MG). A fase de instru\u00e7\u00e3o que apura o atentado sofrido por Bolsonaro durante a campanha eleitoral de 2018 foi encerrada nesta segunda-feira, 10. Bolsonaro foi intimado a depor no processo. A Procuradoria enviou cinco perguntas ao presidente, que poderia respond\u00ea-las pessoalmente ou por of\u00edcio at\u00e9 a \u00faltima sexta-feira, 7. Entre as perguntas, estavam questionamentos sobre quando o ent\u00e3o candidato decidiu ir a Juiz de Fora e se Bolsonaro havia percebido a aproxima\u00e7\u00e3o do agressor.<\/p>\n<p style=\"text-align: justify;\">Na audi\u00eancia desta segunda-feira, foram apresentados ainda laudos feitos sobre a sanidade mental do autor do atentado \u2013 Ad\u00e9lio esfaqueou Bolsonaro no abd\u00f4men durante ato de campanha no centro da cidade. Os laudos mostram que Ad\u00e9lio \u00e9 portador de Transtorno Delirante Persistente. Por causa da doen\u00e7a, o autor do atentado contra Bolsonaro foi considerado inimput\u00e1vel, ou seja, n\u00e3o pode ser punido criminalmente. Ad\u00e9lio, no entanto, poder\u00e1 ter imputada medida de seguran\u00e7a, como interna\u00e7\u00e3o em manic\u00f4mio, por per\u00edodo de at\u00e9 20 anos. O autor do atentado contra Bolsonaro est\u00e1 preso em Campo Grande (MS). \u201cA expectativa \u00e9 que a senten\u00e7a saia at\u00e9 a pr\u00f3xima semana\u201d, afirma o advogado de Ad\u00e9lio Bispo, Zanone Manuel de Oliveira.<\/p><div class=\"newsi-conteudo_19\" id=\"newsi-1159470088\"><a href=\"https:\/\/www.instagram.com\/prefeituraalagoinhas?igsh=YzgzdDJ1bWR3aWI4\" aria-label=\"SAVE_20251006_221555\"><img loading=\"lazy\" decoding=\"async\" src=\"https:\/\/newsinfoco.com.br\/inicio\/wp-content\/uploads\/2025\/10\/SAVE_20251006_221555-rotated.jpg\" alt=\"\"  srcset=\"https:\/\/newsinfoco.com.br\/inicio\/wp-content\/uploads\/2025\/10\/SAVE_20251006_221555-rotated.jpg 1140w, https:\/\/newsinfoco.com.br\/inicio\/wp-content\/uploads\/2025\/10\/SAVE_20251006_221555-300x52.jpg 300w, https:\/\/newsinfoco.com.br\/inicio\/wp-content\/uploads\/2025\/10\/SAVE_20251006_221555-1024x177.jpg 1024w, https:\/\/newsinfoco.com.br\/inicio\/wp-content\/uploads\/2025\/10\/SAVE_20251006_221555-768x133.jpg 768w, https:\/\/newsinfoco.com.br\/inicio\/wp-content\/uploads\/2025\/10\/SAVE_20251006_221555-600x104.jpg 600w, https:\/\/newsinfoco.com.br\/inicio\/wp-content\/uploads\/2025\/10\/SAVE_20251006_221555-696x120.jpg 696w, https:\/\/newsinfoco.com.br\/inicio\/wp-content\/uploads\/2025\/10\/SAVE_20251006_221555-1068x185.jpg 1068w\" sizes=\"(max-width: 1140px) 100vw, 1140px\" width=\"1140\" height=\"197\"   \/><\/a><\/div>\n<p style=\"text-align: justify;\">Em nota, a Justi\u00e7a Federal em Juiz de Fora disse que \u201ca audi\u00eancia de instru\u00e7\u00e3o teve por finalidade colher o depoimento das testemunhas de acusa\u00e7\u00e3o. Na mesma oportunidade, as partes tiveram ci\u00eancia do laudo de exame de corpo de delito complementar e do teor do of\u00edcio encaminhado pelo Excelent\u00edssimo Senhor Presidente da Rep\u00fablica com as respostas \u00e0s perguntas do Minist\u00e9rio P\u00fablico Federal\u201d. Conforme o texto, encerrada a fase de produ\u00e7\u00e3o de provas, as partes apresentaram ainda alega\u00e7\u00f5es finais orais.<\/p>\n<h6 style=\"text-align: right;\">Estadao<\/h6>\n<p>&nbsp;<\/p>\n<div class='share-to-whatsapp-wrapper'><div class='share-on-whsp'>Share on: <\/div><a data-text='Processo de agressor de Bolsonaro est\u00e1 pronto para senten\u00e7a' data-link='https:\/\/newsinfoco.com.br\/inicio\/processo-de-agressor-de-bolsonaro-esta-pronto-para-sentenca\/' class='whatsapp-button whatsapp-share'>WhatsApp<\/a><div class='clear '><\/div><\/div>","protected":false},"excerpt":{"rendered":"<p>O processo que envolve o agressor de Jair Bolsonaro, Ad\u00e9lio Bispo de Oliveira, est\u00e1 pronto para ser sentenciado pelo juiz Bruno Savino, da 3.\u00aa Vara da Justi\u00e7a Federal na Juiz de Fora (MG). A fase de instru\u00e7\u00e3o que apura o atentado sofrido por Bolsonaro durante a campanha eleitoral de 2018 foi encerrada nesta segunda-feira, 10. [&hellip;]<\/p>\n","protected":false},"author":1,"featured_media":15320,"comment_status":"open","ping_status":"open","sticky":false,"template":"","format":"standard","meta":{"om_disable_all_campaigns":false,"_exactmetrics_skip_tracking":false,"_exactmetrics_sitenote_active":false,"_exactmetrics_sitenote_note":"","_exactmetrics_sitenote_category":0,"footnotes":""},"categories":[21],"tags":[],"class_list":["post-15319","post","type-post","status-publish","format-standard","has-post-thumbnail","hentry","category-brasil"],"aioseo_notices":[],"_links":{"self":[{"href":"https:\/\/newsinfoco.com.br\/inicio\/wp-json\/wp\/v2\/posts\/15319","targetHints":{"allow":["GET"]}}],"collection":[{"href":"https:\/\/newsinfoco.com.br\/inicio\/wp-json\/wp\/v2\/posts"}],"about":[{"href":"https:\/\/newsinfoco.com.br\/inicio\/wp-json\/wp\/v2\/types\/post"}],"author":[{"embeddable":true,"href":"https:\/\/newsinfoco.com.br\/inicio\/wp-json\/wp\/v2\/users\/1"}],"replies":[{"embeddable":true,"href":"https:\/\/newsinfoco.com.br\/inicio\/wp-json\/wp\/v2\/comments?post=15319"}],"version-history":[{"count":0,"href":"https:\/\/newsinfoco.com.br\/inicio\/wp-json\/wp\/v2\/posts\/15319\/revisions"}],"wp:featuredmedia":[{"embeddable":true,"href":"https:\/\/newsinfoco.com.br\/inicio\/wp-json\/wp\/v2\/media\/15320"}],"wp:attachment":[{"href":"https:\/\/newsinfoco.com.br\/inicio\/wp-json\/wp\/v2\/media?parent=15319"}],"wp:term":[{"taxonomy":"category","embeddable":true,"href":"https:\/\/newsinfoco.com.br\/inicio\/wp-json\/wp\/v2\/categories?post=15319"},{"taxonomy":"post_tag","embeddable":true,"href":"https:\/\/newsinfoco.com.br\/inicio\/wp-json\/wp\/v2\/tags?post=15319"}],"curies":[{"name":"wp","href":"https:\/\/api.w.org\/{rel}","templated":true}]}}