{"id":15322,"date":"2019-06-11T16:33:02","date_gmt":"2019-06-11T19:33:02","guid":{"rendered":"http:\/\/newsinfoco.com.br\/?p=15322"},"modified":"2019-06-11T16:33:02","modified_gmt":"2019-06-11T19:33:02","slug":"rodrigo-maia-diz-que-blindara-camara-e-reformas-de-qualquer-crise","status":"publish","type":"post","link":"https:\/\/newsinfoco.com.br\/inicio\/rodrigo-maia-diz-que-blindara-camara-e-reformas-de-qualquer-crise\/","title":{"rendered":"Rodrigo Maia diz que blindar\u00e1 C\u00e2mara e reformas de qualquer crise"},"content":{"rendered":"<p style=\"text-align: justify;\">O presidente da C\u00e2mara, Rodrigo Maia (DEM-RJ), afirmou nesta ter\u00e7a-feira (11) que ir\u00e1 \u201cblindar a C\u00e2mara de qualquer crise\u201d. Sem fazer refer\u00eancia direta ao caso das mensagens entre o ministro Sergio Moro (Justi\u00e7a) e procuradores da Lava Jato na \u00e9poca que era juiz, o deputado diz que o foco da Casa s\u00e3o as reformas. \u201cVamos blindar a C\u00e2mara de qualquer crise. Nosso esfor\u00e7o e nosso foco est\u00e1 na aprova\u00e7\u00e3o das reformas e de todos os projetos que s\u00e3o essenciais para o Brasil. Nada \u00e9 mais importante do que o resgate da confian\u00e7a, com o equil\u00edbrio das contas p\u00fablicas e a gera\u00e7\u00e3o de empregos no pa\u00eds\u201d, escreveu Maia no Twitter. O presidente ainda n\u00e3o havia se pronunciado sobre a crise envolvendo o ministro da Justi\u00e7a.<\/p>\n<p style=\"text-align: justify;\">A oposi\u00e7\u00e3o na C\u00e2mara anunciou na segunda-feira (10) que ir\u00e1 obstruir todas as vota\u00e7\u00f5es no Congresso, pleiteando que Moro seja afastado do cargo. A semana \u00e9 crucial para o governo no Legislativo: ele precisa aprovar um cr\u00e9dito suplementar de R$ 248 bilh\u00f5es em sess\u00e3o do Congresso, e o relat\u00f3rio final da Previd\u00eancia deve ser apresentado \u00e0 comiss\u00e3o especial na quinta-feira (13).<\/p><div class=\"newsi-conteudo_19\" id=\"newsi-690402231\"><a href=\"https:\/\/www.instagram.com\/prefeituraalagoinhas?igsh=YzgzdDJ1bWR3aWI4\" aria-label=\"SAVE_20251006_221555\"><img loading=\"lazy\" decoding=\"async\" src=\"https:\/\/newsinfoco.com.br\/inicio\/wp-content\/uploads\/2025\/10\/SAVE_20251006_221555-rotated.jpg\" alt=\"\"  srcset=\"https:\/\/newsinfoco.com.br\/inicio\/wp-content\/uploads\/2025\/10\/SAVE_20251006_221555-rotated.jpg 1140w, https:\/\/newsinfoco.com.br\/inicio\/wp-content\/uploads\/2025\/10\/SAVE_20251006_221555-300x52.jpg 300w, https:\/\/newsinfoco.com.br\/inicio\/wp-content\/uploads\/2025\/10\/SAVE_20251006_221555-1024x177.jpg 1024w, https:\/\/newsinfoco.com.br\/inicio\/wp-content\/uploads\/2025\/10\/SAVE_20251006_221555-768x133.jpg 768w, https:\/\/newsinfoco.com.br\/inicio\/wp-content\/uploads\/2025\/10\/SAVE_20251006_221555-600x104.jpg 600w, https:\/\/newsinfoco.com.br\/inicio\/wp-content\/uploads\/2025\/10\/SAVE_20251006_221555-696x120.jpg 696w, https:\/\/newsinfoco.com.br\/inicio\/wp-content\/uploads\/2025\/10\/SAVE_20251006_221555-1068x185.jpg 1068w\" sizes=\"(max-width: 1140px) 100vw, 1140px\" width=\"1140\" height=\"197\"   \/><\/a><\/div>\n<p style=\"text-align: justify;\">De acordo com os di\u00e1logos revelados pelo site The Intercept Brasil, Moro e Deltan Dallagnol trocavam colabora\u00e7\u00f5es sobre casos. Nas conversas, membros da for\u00e7a-tarefa fazem refer\u00eancias ao caso que levou \u00e0 pris\u00e3o do ex-presidente Lula por causa do tr\u00edplex de Guaruj\u00e1. Nele, o petista \u00e9 acusado de receber R$ 3,7 milh\u00f5es de propina da empreiteira OAS em decorr\u00eancia de contratos da empresa com a Petrobras.<\/p>\n<p style=\"text-align: right;\">Folha de S. Paulo<\/p>\n<div class='share-to-whatsapp-wrapper'><div class='share-on-whsp'>Share on: <\/div><a data-text='Rodrigo Maia diz que blindar\u00e1 C\u00e2mara e reformas de qualquer crise' data-link='https:\/\/newsinfoco.com.br\/inicio\/rodrigo-maia-diz-que-blindara-camara-e-reformas-de-qualquer-crise\/' class='whatsapp-button whatsapp-share'>WhatsApp<\/a><div class='clear '><\/div><\/div>","protected":false},"excerpt":{"rendered":"<p>O presidente da C\u00e2mara, Rodrigo Maia (DEM-RJ), afirmou nesta ter\u00e7a-feira (11) que ir\u00e1 \u201cblindar a C\u00e2mara de qualquer crise\u201d. Sem fazer refer\u00eancia direta ao caso das mensagens entre o ministro Sergio Moro (Justi\u00e7a) e procuradores da Lava Jato na \u00e9poca que era juiz, o deputado diz que o foco da Casa s\u00e3o as reformas. \u201cVamos [&hellip;]<\/p>\n","protected":false},"author":1,"featured_media":15323,"comment_status":"open","ping_status":"open","sticky":false,"template":"","format":"standard","meta":{"om_disable_all_campaigns":false,"_exactmetrics_skip_tracking":false,"_exactmetrics_sitenote_active":false,"_exactmetrics_sitenote_note":"","_exactmetrics_sitenote_category":0,"footnotes":""},"categories":[21],"tags":[],"class_list":["post-15322","post","type-post","status-publish","format-standard","has-post-thumbnail","hentry","category-brasil"],"aioseo_notices":[],"_links":{"self":[{"href":"https:\/\/newsinfoco.com.br\/inicio\/wp-json\/wp\/v2\/posts\/15322","targetHints":{"allow":["GET"]}}],"collection":[{"href":"https:\/\/newsinfoco.com.br\/inicio\/wp-json\/wp\/v2\/posts"}],"about":[{"href":"https:\/\/newsinfoco.com.br\/inicio\/wp-json\/wp\/v2\/types\/post"}],"author":[{"embeddable":true,"href":"https:\/\/newsinfoco.com.br\/inicio\/wp-json\/wp\/v2\/users\/1"}],"replies":[{"embeddable":true,"href":"https:\/\/newsinfoco.com.br\/inicio\/wp-json\/wp\/v2\/comments?post=15322"}],"version-history":[{"count":0,"href":"https:\/\/newsinfoco.com.br\/inicio\/wp-json\/wp\/v2\/posts\/15322\/revisions"}],"wp:featuredmedia":[{"embeddable":true,"href":"https:\/\/newsinfoco.com.br\/inicio\/wp-json\/wp\/v2\/media\/15323"}],"wp:attachment":[{"href":"https:\/\/newsinfoco.com.br\/inicio\/wp-json\/wp\/v2\/media?parent=15322"}],"wp:term":[{"taxonomy":"category","embeddable":true,"href":"https:\/\/newsinfoco.com.br\/inicio\/wp-json\/wp\/v2\/categories?post=15322"},{"taxonomy":"post_tag","embeddable":true,"href":"https:\/\/newsinfoco.com.br\/inicio\/wp-json\/wp\/v2\/tags?post=15322"}],"curies":[{"name":"wp","href":"https:\/\/api.w.org\/{rel}","templated":true}]}}