{"id":15331,"date":"2019-06-11T16:52:40","date_gmt":"2019-06-11T19:52:40","guid":{"rendered":"http:\/\/newsinfoco.com.br\/?p=15331"},"modified":"2019-06-11T16:52:40","modified_gmt":"2019-06-11T19:52:40","slug":"greve-de-universidades-estaduais-nao-chegou-ao-fim-dizem-professores-definicao-so-saira-apos-assembleias","status":"publish","type":"post","link":"https:\/\/newsinfoco.com.br\/inicio\/greve-de-universidades-estaduais-nao-chegou-ao-fim-dizem-professores-definicao-so-saira-apos-assembleias\/","title":{"rendered":"Greve de universidades estaduais n\u00e3o chegou ao fim dizem professores; defini\u00e7\u00e3o s\u00f3 sair\u00e1 ap\u00f3s assembleias"},"content":{"rendered":"<div class=\"entry-content\">\n<p style=\"text-align: justify;\">Ao contr\u00e1rio do que foi divulgado pelo Governo Estadual, os professores das universidades estaduais devem definir somente ap\u00f3s assembleias, que ocorrem ao longo desta ter\u00e7a-feira, se ir\u00e3o encerrar a greve nas institui\u00e7\u00f5es.<\/p>\n<p style=\"text-align: justify;\">O governo estadual havia divulgado que um termo de compromisso com medidas em que se comprometiam adotar resultaria no fim do movimento. No entanto, segundo a categoria, o documento se trata, de uma ata apenas e que ainda seria debatida com a categoria. \u201cFoi assinada apenas uma ata com compromissos assumidos com o governo, que tem o que j\u00e1 foi amplamente divulgado. O que tem de diferente \u00e9 a instala\u00e7\u00e3o de uma mesa de negocia\u00e7\u00e3o\u201d, assegurou a presidente da Associa\u00e7\u00e3o de Docentes da Uneb (Aduneb), Ronalda Barreto.<\/p><div class=\"newsi-conteudo_19\" id=\"newsi-2653575138\"><a href=\"https:\/\/www.instagram.com\/prefeituraalagoinhas?igsh=YzgzdDJ1bWR3aWI4\" aria-label=\"SAVE_20251006_221555\"><img loading=\"lazy\" decoding=\"async\" src=\"https:\/\/newsinfoco.com.br\/inicio\/wp-content\/uploads\/2025\/10\/SAVE_20251006_221555-rotated.jpg\" alt=\"\"  srcset=\"https:\/\/newsinfoco.com.br\/inicio\/wp-content\/uploads\/2025\/10\/SAVE_20251006_221555-rotated.jpg 1140w, https:\/\/newsinfoco.com.br\/inicio\/wp-content\/uploads\/2025\/10\/SAVE_20251006_221555-300x52.jpg 300w, https:\/\/newsinfoco.com.br\/inicio\/wp-content\/uploads\/2025\/10\/SAVE_20251006_221555-1024x177.jpg 1024w, https:\/\/newsinfoco.com.br\/inicio\/wp-content\/uploads\/2025\/10\/SAVE_20251006_221555-768x133.jpg 768w, https:\/\/newsinfoco.com.br\/inicio\/wp-content\/uploads\/2025\/10\/SAVE_20251006_221555-600x104.jpg 600w, https:\/\/newsinfoco.com.br\/inicio\/wp-content\/uploads\/2025\/10\/SAVE_20251006_221555-696x120.jpg 696w, https:\/\/newsinfoco.com.br\/inicio\/wp-content\/uploads\/2025\/10\/SAVE_20251006_221555-1068x185.jpg 1068w\" sizes=\"(max-width: 1140px) 100vw, 1140px\" width=\"1140\" height=\"197\"   \/><\/a><\/div>\n<p style=\"text-align: justify;\">Segundo ela, o pagamento dos sal\u00e1rios cortados, por exemplo, n\u00e3o avan\u00e7ou como divulgado. \u201cTem ainda de parte de abril e do m\u00eas de maio\u201d, frisou.<\/p>\n<\/div>\n<div class=\"social cf\" style=\"text-align: justify;\"><\/div>\n<div class='share-to-whatsapp-wrapper'><div class='share-on-whsp'>Share on: <\/div><a data-text='Greve de universidades estaduais n\u00e3o chegou ao fim dizem professores; defini\u00e7\u00e3o s\u00f3 sair\u00e1 ap\u00f3s assembleias' data-link='https:\/\/newsinfoco.com.br\/inicio\/greve-de-universidades-estaduais-nao-chegou-ao-fim-dizem-professores-definicao-so-saira-apos-assembleias\/' class='whatsapp-button whatsapp-share'>WhatsApp<\/a><div class='clear '><\/div><\/div>","protected":false},"excerpt":{"rendered":"<p>Ao contr\u00e1rio do que foi divulgado pelo Governo Estadual, os professores das universidades estaduais devem definir somente ap\u00f3s assembleias, que ocorrem ao longo desta ter\u00e7a-feira, se ir\u00e3o encerrar a greve nas institui\u00e7\u00f5es. O governo estadual havia divulgado que um termo de compromisso com medidas em que se comprometiam adotar resultaria no fim do movimento. No [&hellip;]<\/p>\n","protected":false},"author":1,"featured_media":15332,"comment_status":"open","ping_status":"open","sticky":false,"template":"","format":"standard","meta":{"om_disable_all_campaigns":false,"_exactmetrics_skip_tracking":false,"_exactmetrics_sitenote_active":false,"_exactmetrics_sitenote_note":"","_exactmetrics_sitenote_category":0,"footnotes":""},"categories":[19],"tags":[],"class_list":["post-15331","post","type-post","status-publish","format-standard","has-post-thumbnail","hentry","category-bahia"],"aioseo_notices":[],"_links":{"self":[{"href":"https:\/\/newsinfoco.com.br\/inicio\/wp-json\/wp\/v2\/posts\/15331","targetHints":{"allow":["GET"]}}],"collection":[{"href":"https:\/\/newsinfoco.com.br\/inicio\/wp-json\/wp\/v2\/posts"}],"about":[{"href":"https:\/\/newsinfoco.com.br\/inicio\/wp-json\/wp\/v2\/types\/post"}],"author":[{"embeddable":true,"href":"https:\/\/newsinfoco.com.br\/inicio\/wp-json\/wp\/v2\/users\/1"}],"replies":[{"embeddable":true,"href":"https:\/\/newsinfoco.com.br\/inicio\/wp-json\/wp\/v2\/comments?post=15331"}],"version-history":[{"count":0,"href":"https:\/\/newsinfoco.com.br\/inicio\/wp-json\/wp\/v2\/posts\/15331\/revisions"}],"wp:featuredmedia":[{"embeddable":true,"href":"https:\/\/newsinfoco.com.br\/inicio\/wp-json\/wp\/v2\/media\/15332"}],"wp:attachment":[{"href":"https:\/\/newsinfoco.com.br\/inicio\/wp-json\/wp\/v2\/media?parent=15331"}],"wp:term":[{"taxonomy":"category","embeddable":true,"href":"https:\/\/newsinfoco.com.br\/inicio\/wp-json\/wp\/v2\/categories?post=15331"},{"taxonomy":"post_tag","embeddable":true,"href":"https:\/\/newsinfoco.com.br\/inicio\/wp-json\/wp\/v2\/tags?post=15331"}],"curies":[{"name":"wp","href":"https:\/\/api.w.org\/{rel}","templated":true}]}}