{"id":15334,"date":"2019-06-11T16:56:06","date_gmt":"2019-06-11T19:56:06","guid":{"rendered":"http:\/\/newsinfoco.com.br\/?p=15334"},"modified":"2019-06-11T16:56:06","modified_gmt":"2019-06-11T19:56:06","slug":"senador-otto-alencar-sugere-afastamento-de-sergio-moro-do-cargo-de-ministro","status":"publish","type":"post","link":"https:\/\/newsinfoco.com.br\/inicio\/senador-otto-alencar-sugere-afastamento-de-sergio-moro-do-cargo-de-ministro\/","title":{"rendered":"Senador Otto Alencar sugere afastamento de S\u00e9rgio Moro do cargo de ministro"},"content":{"rendered":"<p style=\"text-align: justify;\">O senador Otto Alencar (PSD) sugeriu o afastamento do ministro da Justi\u00e7a, S\u00e9rgio Moro, do cargo ap\u00f3s o vazamento de conversas dele com o procurador Deltan Dellagnol.<\/p>\n<p style=\"text-align: justify;\">Durante reuni\u00e3o da Comiss\u00e3o de Assuntos Econ\u00f4micos (CAE) do Senado, nesta ter\u00e7a-feira (11), Otto destacou que Moro n\u00e3o pode continuar ocupando o minist\u00e9rio.<\/p><div class=\"newsi-conteudo_19\" id=\"newsi-3326636723\"><a href=\"https:\/\/www.instagram.com\/prefeituraalagoinhas?igsh=YzgzdDJ1bWR3aWI4\" aria-label=\"SAVE_20251006_221555\"><img loading=\"lazy\" decoding=\"async\" src=\"https:\/\/newsinfoco.com.br\/inicio\/wp-content\/uploads\/2025\/10\/SAVE_20251006_221555-rotated.jpg\" alt=\"\"  srcset=\"https:\/\/newsinfoco.com.br\/inicio\/wp-content\/uploads\/2025\/10\/SAVE_20251006_221555-rotated.jpg 1140w, https:\/\/newsinfoco.com.br\/inicio\/wp-content\/uploads\/2025\/10\/SAVE_20251006_221555-300x52.jpg 300w, https:\/\/newsinfoco.com.br\/inicio\/wp-content\/uploads\/2025\/10\/SAVE_20251006_221555-1024x177.jpg 1024w, https:\/\/newsinfoco.com.br\/inicio\/wp-content\/uploads\/2025\/10\/SAVE_20251006_221555-768x133.jpg 768w, https:\/\/newsinfoco.com.br\/inicio\/wp-content\/uploads\/2025\/10\/SAVE_20251006_221555-600x104.jpg 600w, https:\/\/newsinfoco.com.br\/inicio\/wp-content\/uploads\/2025\/10\/SAVE_20251006_221555-696x120.jpg 696w, https:\/\/newsinfoco.com.br\/inicio\/wp-content\/uploads\/2025\/10\/SAVE_20251006_221555-1068x185.jpg 1068w\" sizes=\"(max-width: 1140px) 100vw, 1140px\" width=\"1140\" height=\"197\"   \/><\/a><\/div>\n<p style=\"text-align: justify;\">\u201cNa minha opini\u00e3o, o ministro da Justi\u00e7a n\u00e3o pode mais continuar ministro, a n\u00e3o ser que ele coloque, acima de tudo, a necessidade de ter um emprego e jogar por terra, como j\u00e1 jogou, toda sua hist\u00f3ria de magistrado, que n\u00f3s todos pens\u00e1vamos isento e imparcial, o que, pelas \u00faltimas informa\u00e7\u00f5es e not\u00edcias dadas como corretas e s\u00e9rias, n\u00e3o corresponde \u00e0 realidade\u201d, disse.<\/p>\n<p style=\"text-align: justify;\">O senador l\u00edder do PSD ainda acrescentou que houve uma articula\u00e7\u00e3o para que o ex-presidente Luiz In\u00e1cio Lula da Silva (PT) fosse condenado.<\/p>\n<p style=\"text-align: justify;\">\u201cHouve, claro, uma concord\u00e2ncia, uma inten\u00e7\u00e3o de se orientar o Minist\u00e9rio P\u00fablico na condu\u00e7\u00e3o da den\u00fancia para a pris\u00e3o do ex-presidente Lula. Eu n\u00e3o tenho a menor d\u00favida disso\u201d, afirmou.<\/p>\n<div class='share-to-whatsapp-wrapper'><div class='share-on-whsp'>Share on: <\/div><a data-text='Senador Otto Alencar sugere afastamento de S\u00e9rgio Moro do cargo de ministro' data-link='https:\/\/newsinfoco.com.br\/inicio\/senador-otto-alencar-sugere-afastamento-de-sergio-moro-do-cargo-de-ministro\/' class='whatsapp-button whatsapp-share'>WhatsApp<\/a><div class='clear '><\/div><\/div>","protected":false},"excerpt":{"rendered":"<p>O senador Otto Alencar (PSD) sugeriu o afastamento do ministro da Justi\u00e7a, S\u00e9rgio Moro, do cargo ap\u00f3s o vazamento de conversas dele com o procurador Deltan Dellagnol. Durante reuni\u00e3o da Comiss\u00e3o de Assuntos Econ\u00f4micos (CAE) do Senado, nesta ter\u00e7a-feira (11), Otto destacou que Moro n\u00e3o pode continuar ocupando o minist\u00e9rio. \u201cNa minha opini\u00e3o, o ministro [&hellip;]<\/p>\n","protected":false},"author":1,"featured_media":15335,"comment_status":"open","ping_status":"open","sticky":false,"template":"","format":"standard","meta":{"om_disable_all_campaigns":false,"_exactmetrics_skip_tracking":false,"_exactmetrics_sitenote_active":false,"_exactmetrics_sitenote_note":"","_exactmetrics_sitenote_category":0,"footnotes":""},"categories":[19],"tags":[],"class_list":["post-15334","post","type-post","status-publish","format-standard","has-post-thumbnail","hentry","category-bahia"],"aioseo_notices":[],"_links":{"self":[{"href":"https:\/\/newsinfoco.com.br\/inicio\/wp-json\/wp\/v2\/posts\/15334","targetHints":{"allow":["GET"]}}],"collection":[{"href":"https:\/\/newsinfoco.com.br\/inicio\/wp-json\/wp\/v2\/posts"}],"about":[{"href":"https:\/\/newsinfoco.com.br\/inicio\/wp-json\/wp\/v2\/types\/post"}],"author":[{"embeddable":true,"href":"https:\/\/newsinfoco.com.br\/inicio\/wp-json\/wp\/v2\/users\/1"}],"replies":[{"embeddable":true,"href":"https:\/\/newsinfoco.com.br\/inicio\/wp-json\/wp\/v2\/comments?post=15334"}],"version-history":[{"count":0,"href":"https:\/\/newsinfoco.com.br\/inicio\/wp-json\/wp\/v2\/posts\/15334\/revisions"}],"wp:featuredmedia":[{"embeddable":true,"href":"https:\/\/newsinfoco.com.br\/inicio\/wp-json\/wp\/v2\/media\/15335"}],"wp:attachment":[{"href":"https:\/\/newsinfoco.com.br\/inicio\/wp-json\/wp\/v2\/media?parent=15334"}],"wp:term":[{"taxonomy":"category","embeddable":true,"href":"https:\/\/newsinfoco.com.br\/inicio\/wp-json\/wp\/v2\/categories?post=15334"},{"taxonomy":"post_tag","embeddable":true,"href":"https:\/\/newsinfoco.com.br\/inicio\/wp-json\/wp\/v2\/tags?post=15334"}],"curies":[{"name":"wp","href":"https:\/\/api.w.org\/{rel}","templated":true}]}}