{"id":15337,"date":"2019-06-11T16:58:48","date_gmt":"2019-06-11T19:58:48","guid":{"rendered":"http:\/\/newsinfoco.com.br\/?p=15337"},"modified":"2019-06-11T16:58:48","modified_gmt":"2019-06-11T19:58:48","slug":"ze-neto-lidera-colbert-fica-em-segundo-na-disputa-pela-prefeitura-de-feira-de-santana-diz-pesquisa","status":"publish","type":"post","link":"https:\/\/newsinfoco.com.br\/inicio\/ze-neto-lidera-colbert-fica-em-segundo-na-disputa-pela-prefeitura-de-feira-de-santana-diz-pesquisa\/","title":{"rendered":"Z\u00e9 Neto lidera; Colbert fica em segundo na disputa pela prefeitura de Feira de Santana, diz pesquisa"},"content":{"rendered":"<p style=\"text-align: justify;\">Faltando mais de um ano para as elei\u00e7\u00f5es municipais, o jornal Folha do Estado divulgou nesta ter\u00e7a-feira (11), uma pesquisa sobre as inten\u00e7\u00f5es de voto para prefeito de Feira de Santana.<\/p>\n<p style=\"text-align: justify;\">O levantamento foi feito em parceria com o site Bahia na Pol\u00edtica e realizado pela empresa EQUALIP Consultoria Estat\u00edstica.<\/p><div class=\"newsi-conteudo_19\" id=\"newsi-3127087946\"><a href=\"https:\/\/www.instagram.com\/prefeituraalagoinhas?igsh=YzgzdDJ1bWR3aWI4\" aria-label=\"SAVE_20251006_221555\"><img loading=\"lazy\" decoding=\"async\" src=\"https:\/\/newsinfoco.com.br\/inicio\/wp-content\/uploads\/2025\/10\/SAVE_20251006_221555-rotated.jpg\" alt=\"\"  srcset=\"https:\/\/newsinfoco.com.br\/inicio\/wp-content\/uploads\/2025\/10\/SAVE_20251006_221555-rotated.jpg 1140w, https:\/\/newsinfoco.com.br\/inicio\/wp-content\/uploads\/2025\/10\/SAVE_20251006_221555-300x52.jpg 300w, https:\/\/newsinfoco.com.br\/inicio\/wp-content\/uploads\/2025\/10\/SAVE_20251006_221555-1024x177.jpg 1024w, https:\/\/newsinfoco.com.br\/inicio\/wp-content\/uploads\/2025\/10\/SAVE_20251006_221555-768x133.jpg 768w, https:\/\/newsinfoco.com.br\/inicio\/wp-content\/uploads\/2025\/10\/SAVE_20251006_221555-600x104.jpg 600w, https:\/\/newsinfoco.com.br\/inicio\/wp-content\/uploads\/2025\/10\/SAVE_20251006_221555-696x120.jpg 696w, https:\/\/newsinfoco.com.br\/inicio\/wp-content\/uploads\/2025\/10\/SAVE_20251006_221555-1068x185.jpg 1068w\" sizes=\"(max-width: 1140px) 100vw, 1140px\" width=\"1140\" height=\"197\"   \/><\/a><\/div>\n<p style=\"text-align: justify;\">Na pesquisa espont\u00e2nea, o deputado federal Z\u00e9 Neto (PT), candidato a prefeito 4 vezes, aparece na primeira posi\u00e7\u00e3o com 16,6% dos votos. Em segundo lugar, surge o atual prefeito, Colbert Filho (MDB), com 8,8%.<\/p>\n<p style=\"text-align: justify;\">Em terceiro lugar, registrando 6%; aparece o ex-deputado Carlos Geilson (sem partido), 2,3%; Z\u00e9 Ronaldo, 1,5%; Fernando Torres, 1%; Irm\u00e3o Lazaro, 0,7%; Jhonatas Monteiro, 0,4; Dayane Pimentel, 0,2%; Sonia e o deputado Estadual Tom tiveram a mesma pontua\u00e7\u00e3o 0,1%.<br \/>\n52,7% est\u00e3o indecisos ou n\u00e3o souberam responder. Brancos e nulos chegaram a 9,7%.<\/p>\n<p style=\"text-align: justify;\"><strong>Estimulada<\/strong><\/p>\n<p style=\"text-align: justify;\">Na pesquisa estimulada, Z\u00e9 Neto continua na primeira posi\u00e7\u00e3o com 25,5% das inten\u00e7\u00f5es de votos; Colbert Martins Filho, 13,8%; Targino Machado, 13,2%. Carlos Geilson aparece com 10,3%; Irm\u00e3o L\u00e1zaro, 3,1%; Fernando Torres, 2,9%; Dilton Coutinho, 2,3%; Dayane Pimentel, 1,2%; Jhonantas Monteiro, 1,1%; Roberto Tourinho, 1%; Tom, 0,5%; Z\u00e9 Chico, 0,1% e Angelo Almeida, 0,1%.<\/p>\n<p style=\"text-align: justify;\">Outros candidatos alcan\u00e7aram 0,6%. Brancos e Nulos 11,9%; n\u00e3o sabem e indecisos 12,4%.<\/p>\n<p style=\"text-align: justify;\">Foram ouvidos 1.006 entrevistados, entre os dias 27 de maio e 1\u00ba de junho de 2019, em 30 localidades na zona urbana e nos 5 maiores distritos da zona rural.<\/p>\n<p style=\"text-align: justify;\">A margem de erro \u00e9 de 3 pontos percentuais para mais ou para menos. O estat\u00edstico respons\u00e1vel \u00e9 Jader da Silva, sob o registro profissional CONRE: N\u00ba 7950.<\/p>\n<p>&nbsp;<\/p>\n<div class='share-to-whatsapp-wrapper'><div class='share-on-whsp'>Share on: <\/div><a data-text='Z\u00e9 Neto lidera; Colbert fica em segundo na disputa pela prefeitura de Feira de Santana, diz pesquisa' data-link='https:\/\/newsinfoco.com.br\/inicio\/ze-neto-lidera-colbert-fica-em-segundo-na-disputa-pela-prefeitura-de-feira-de-santana-diz-pesquisa\/' class='whatsapp-button whatsapp-share'>WhatsApp<\/a><div class='clear '><\/div><\/div>","protected":false},"excerpt":{"rendered":"<p>Faltando mais de um ano para as elei\u00e7\u00f5es municipais, o jornal Folha do Estado divulgou nesta ter\u00e7a-feira (11), uma pesquisa sobre as inten\u00e7\u00f5es de voto para prefeito de Feira de Santana. O levantamento foi feito em parceria com o site Bahia na Pol\u00edtica e realizado pela empresa EQUALIP Consultoria Estat\u00edstica. Na pesquisa espont\u00e2nea, o deputado [&hellip;]<\/p>\n","protected":false},"author":1,"featured_media":15338,"comment_status":"open","ping_status":"open","sticky":false,"template":"","format":"standard","meta":{"om_disable_all_campaigns":false,"_exactmetrics_skip_tracking":false,"_exactmetrics_sitenote_active":false,"_exactmetrics_sitenote_note":"","_exactmetrics_sitenote_category":0,"footnotes":""},"categories":[19],"tags":[],"class_list":["post-15337","post","type-post","status-publish","format-standard","has-post-thumbnail","hentry","category-bahia"],"aioseo_notices":[],"_links":{"self":[{"href":"https:\/\/newsinfoco.com.br\/inicio\/wp-json\/wp\/v2\/posts\/15337","targetHints":{"allow":["GET"]}}],"collection":[{"href":"https:\/\/newsinfoco.com.br\/inicio\/wp-json\/wp\/v2\/posts"}],"about":[{"href":"https:\/\/newsinfoco.com.br\/inicio\/wp-json\/wp\/v2\/types\/post"}],"author":[{"embeddable":true,"href":"https:\/\/newsinfoco.com.br\/inicio\/wp-json\/wp\/v2\/users\/1"}],"replies":[{"embeddable":true,"href":"https:\/\/newsinfoco.com.br\/inicio\/wp-json\/wp\/v2\/comments?post=15337"}],"version-history":[{"count":0,"href":"https:\/\/newsinfoco.com.br\/inicio\/wp-json\/wp\/v2\/posts\/15337\/revisions"}],"wp:featuredmedia":[{"embeddable":true,"href":"https:\/\/newsinfoco.com.br\/inicio\/wp-json\/wp\/v2\/media\/15338"}],"wp:attachment":[{"href":"https:\/\/newsinfoco.com.br\/inicio\/wp-json\/wp\/v2\/media?parent=15337"}],"wp:term":[{"taxonomy":"category","embeddable":true,"href":"https:\/\/newsinfoco.com.br\/inicio\/wp-json\/wp\/v2\/categories?post=15337"},{"taxonomy":"post_tag","embeddable":true,"href":"https:\/\/newsinfoco.com.br\/inicio\/wp-json\/wp\/v2\/tags?post=15337"}],"curies":[{"name":"wp","href":"https:\/\/api.w.org\/{rel}","templated":true}]}}