{"id":15401,"date":"2019-06-16T21:57:33","date_gmt":"2019-06-17T00:57:33","guid":{"rendered":"http:\/\/newsinfoco.com.br\/?p=15401"},"modified":"2019-06-16T21:57:33","modified_gmt":"2019-06-17T00:57:33","slug":"prefeitura-de-alagoinhas-espera-receber-50-mil-turistas-em-10-dias-de-festa-no-sao-joao-deste-ano","status":"publish","type":"post","link":"https:\/\/newsinfoco.com.br\/inicio\/prefeitura-de-alagoinhas-espera-receber-50-mil-turistas-em-10-dias-de-festa-no-sao-joao-deste-ano\/","title":{"rendered":"Prefeitura de Alagoinhas espera receber 50 mil turistas em 10 dias de festa no S\u00e3o Jo\u00e3o deste ano"},"content":{"rendered":"<p style=\"text-align: justify;\">O arrasta p\u00e9 j\u00e1 come\u00e7ou em Alagoinhas. Desde o dia 12 de junho, o tradicional Trem do Forr\u00f3 recebeu moradores e visitantes para uma viagem de 40 minutos ao embalo de forrozeiros locais, que animaram a festa sobre os trilhos at\u00e9 o dia de hoje(16), na esta\u00e7\u00e3o S\u00e3o Francisco.<\/p>\n<p style=\"text-align: justify;\">J\u00e1 nos dias 18, 19 e 21 de junho, a Vila Santo Ant\u00f4nio da Lagoinha, que re\u00fane uma programa\u00e7\u00e3o com artistas da terra, promete atrair moradores das cidades vizinhas, que chegam para aproveitar a festa tradicional.<\/p><div class=\"newsi-conteudo_19\" id=\"newsi-323004399\"><a href=\"https:\/\/www.instagram.com\/prefeituraalagoinhas?igsh=YzgzdDJ1bWR3aWI4\" aria-label=\"SAVE_20251006_221555\"><img loading=\"lazy\" decoding=\"async\" src=\"https:\/\/newsinfoco.com.br\/inicio\/wp-content\/uploads\/2025\/10\/SAVE_20251006_221555-rotated.jpg\" alt=\"\"  srcset=\"https:\/\/newsinfoco.com.br\/inicio\/wp-content\/uploads\/2025\/10\/SAVE_20251006_221555-rotated.jpg 1140w, https:\/\/newsinfoco.com.br\/inicio\/wp-content\/uploads\/2025\/10\/SAVE_20251006_221555-300x52.jpg 300w, https:\/\/newsinfoco.com.br\/inicio\/wp-content\/uploads\/2025\/10\/SAVE_20251006_221555-1024x177.jpg 1024w, https:\/\/newsinfoco.com.br\/inicio\/wp-content\/uploads\/2025\/10\/SAVE_20251006_221555-768x133.jpg 768w, https:\/\/newsinfoco.com.br\/inicio\/wp-content\/uploads\/2025\/10\/SAVE_20251006_221555-600x104.jpg 600w, https:\/\/newsinfoco.com.br\/inicio\/wp-content\/uploads\/2025\/10\/SAVE_20251006_221555-696x120.jpg 696w, https:\/\/newsinfoco.com.br\/inicio\/wp-content\/uploads\/2025\/10\/SAVE_20251006_221555-1068x185.jpg 1068w\" sizes=\"(max-width: 1140px) 100vw, 1140px\" width=\"1140\" height=\"197\"   \/><\/a><\/div>\n<p style=\"text-align: justify;\">No circuito oficial, o festejo ser\u00e1 comandado por Adelm\u00e1rio Coelho, Fl\u00e1vio Jos\u00e9, Bell Marques, Harmonia do Samba e bandas locais de forr\u00f3. A prefeitura de Alagoinhas espera receber cerca de 50 mil pessoas entre os 10 dias de festejos juninos e a estimativa de ocupa\u00e7\u00e3o da rede hoteleira, entre hot\u00e9is e pousadas, \u00e9 de 100%.<\/p>\n<p style=\"text-align: justify;\">Segundo a diretoria de turismo do munic\u00edpio, a previs\u00e3o \u00e9 de que os festejos juninos alavanquem as vendas e impulsionem o com\u00e9rcio nesta \u00e9poca do ano. De acordo com o presidente do Sicom\u00e9rcio de Alagoinhas, Benedito Vieira, a expectativa de crescimento para as vendas gira entorno dos 3% em rela\u00e7\u00e3o ao ano anterior.<\/p>\n<h6 style=\"text-align: right;\">Secom Alagoinhas<\/h6>\n<div class='share-to-whatsapp-wrapper'><div class='share-on-whsp'>Share on: <\/div><a data-text='Prefeitura de Alagoinhas espera receber 50 mil turistas em 10 dias de festa no S\u00e3o Jo\u00e3o deste ano' data-link='https:\/\/newsinfoco.com.br\/inicio\/prefeitura-de-alagoinhas-espera-receber-50-mil-turistas-em-10-dias-de-festa-no-sao-joao-deste-ano\/' class='whatsapp-button whatsapp-share'>WhatsApp<\/a><div class='clear '><\/div><\/div>","protected":false},"excerpt":{"rendered":"<p>O arrasta p\u00e9 j\u00e1 come\u00e7ou em Alagoinhas. Desde o dia 12 de junho, o tradicional Trem do Forr\u00f3 recebeu moradores e visitantes para uma viagem de 40 minutos ao embalo de forrozeiros locais, que animaram a festa sobre os trilhos at\u00e9 o dia de hoje(16), na esta\u00e7\u00e3o S\u00e3o Francisco. J\u00e1 nos dias 18, 19 e [&hellip;]<\/p>\n","protected":false},"author":1,"featured_media":15402,"comment_status":"open","ping_status":"open","sticky":false,"template":"","format":"standard","meta":{"om_disable_all_campaigns":false,"_exactmetrics_skip_tracking":false,"_exactmetrics_sitenote_active":false,"_exactmetrics_sitenote_note":"","_exactmetrics_sitenote_category":0,"footnotes":""},"categories":[38],"tags":[],"class_list":["post-15401","post","type-post","status-publish","format-standard","has-post-thumbnail","hentry","category-alagoinhas-e-regiao"],"aioseo_notices":[],"_links":{"self":[{"href":"https:\/\/newsinfoco.com.br\/inicio\/wp-json\/wp\/v2\/posts\/15401","targetHints":{"allow":["GET"]}}],"collection":[{"href":"https:\/\/newsinfoco.com.br\/inicio\/wp-json\/wp\/v2\/posts"}],"about":[{"href":"https:\/\/newsinfoco.com.br\/inicio\/wp-json\/wp\/v2\/types\/post"}],"author":[{"embeddable":true,"href":"https:\/\/newsinfoco.com.br\/inicio\/wp-json\/wp\/v2\/users\/1"}],"replies":[{"embeddable":true,"href":"https:\/\/newsinfoco.com.br\/inicio\/wp-json\/wp\/v2\/comments?post=15401"}],"version-history":[{"count":0,"href":"https:\/\/newsinfoco.com.br\/inicio\/wp-json\/wp\/v2\/posts\/15401\/revisions"}],"wp:featuredmedia":[{"embeddable":true,"href":"https:\/\/newsinfoco.com.br\/inicio\/wp-json\/wp\/v2\/media\/15402"}],"wp:attachment":[{"href":"https:\/\/newsinfoco.com.br\/inicio\/wp-json\/wp\/v2\/media?parent=15401"}],"wp:term":[{"taxonomy":"category","embeddable":true,"href":"https:\/\/newsinfoco.com.br\/inicio\/wp-json\/wp\/v2\/categories?post=15401"},{"taxonomy":"post_tag","embeddable":true,"href":"https:\/\/newsinfoco.com.br\/inicio\/wp-json\/wp\/v2\/tags?post=15401"}],"curies":[{"name":"wp","href":"https:\/\/api.w.org\/{rel}","templated":true}]}}