{"id":15404,"date":"2019-06-17T17:17:21","date_gmt":"2019-06-17T20:17:21","guid":{"rendered":"http:\/\/newsinfoco.com.br\/?p=15404"},"modified":"2019-06-17T17:17:21","modified_gmt":"2019-06-17T20:17:21","slug":"torcidas-atleticanas-fecharam-a-programacao-do-trem-do-forro-em-alagoinhas","status":"publish","type":"post","link":"https:\/\/newsinfoco.com.br\/inicio\/torcidas-atleticanas-fecharam-a-programacao-do-trem-do-forro-em-alagoinhas\/","title":{"rendered":"Torcidas atleticanas fecharam a programa\u00e7\u00e3o do Trem do Forr\u00f3 em Alagoinhas"},"content":{"rendered":"<p style=\"text-align: justify;\">A \u00faltima viagem do Trem do Forr\u00f3, neste domingo (16), misturou o embalo do forr\u00f3 p\u00e9 de serra \u00e0s cores da cidade para uma celebra\u00e7\u00e3o comandada pelo time do peito.<\/p>\n<p style=\"text-align: justify;\">Apaixonados pelo Alagoinhas Atl\u00e9tico Clube, torcedores da Jovem Coral e da Na\u00e7\u00e3o Carcar\u00e1 se uniram para cantar, em v\u00e9spera de S\u00e3o Jo\u00e3o, o amor pelo time do peito.<\/p><div class=\"newsi-conteudo_19\" id=\"newsi-776587805\"><a href=\"https:\/\/www.instagram.com\/prefeituraalagoinhas?igsh=YzgzdDJ1bWR3aWI4\" aria-label=\"SAVE_20251006_221555\"><img loading=\"lazy\" decoding=\"async\" src=\"https:\/\/newsinfoco.com.br\/inicio\/wp-content\/uploads\/2025\/10\/SAVE_20251006_221555-rotated.jpg\" alt=\"\"  srcset=\"https:\/\/newsinfoco.com.br\/inicio\/wp-content\/uploads\/2025\/10\/SAVE_20251006_221555-rotated.jpg 1140w, https:\/\/newsinfoco.com.br\/inicio\/wp-content\/uploads\/2025\/10\/SAVE_20251006_221555-300x52.jpg 300w, https:\/\/newsinfoco.com.br\/inicio\/wp-content\/uploads\/2025\/10\/SAVE_20251006_221555-1024x177.jpg 1024w, https:\/\/newsinfoco.com.br\/inicio\/wp-content\/uploads\/2025\/10\/SAVE_20251006_221555-768x133.jpg 768w, https:\/\/newsinfoco.com.br\/inicio\/wp-content\/uploads\/2025\/10\/SAVE_20251006_221555-600x104.jpg 600w, https:\/\/newsinfoco.com.br\/inicio\/wp-content\/uploads\/2025\/10\/SAVE_20251006_221555-696x120.jpg 696w, https:\/\/newsinfoco.com.br\/inicio\/wp-content\/uploads\/2025\/10\/SAVE_20251006_221555-1068x185.jpg 1068w\" sizes=\"(max-width: 1140px) 100vw, 1140px\" width=\"1140\" height=\"197\"   \/><\/a><\/div>\n<p style=\"text-align: justify;\">N\u00e3o teve sa\u00edda: o hino, que teve como um dos autores o saxofonista e maestro Benigno Bispo dos Santos, da Orquestra os Turunas, in memoriam, virou quase forr\u00f3, no arrasta p\u00e9 com zabumba e sanfona sobre os trilhos.<\/p>\n<p style=\"text-align: justify;\">Entoando \u201cAvante Alagoinhas\u201d, os torcedores, que embarcaram para a \u00faltima viagem desta edi\u00e7\u00e3o \u00e0s 16h30 de domingo (16), encerraram a programa\u00e7\u00e3o iniciada no dia 12 de junho, quando a Prefeitura deu a largada aos festejos juninos do munic\u00edpio e convidou moradores e visitantes para um percurso de 40 minutos na linha f\u00e9rrea.<\/p>\n<p style=\"text-align: justify;\">Segundo o prefeito Joaquim Neto, a anima\u00e7\u00e3o da torcida fecha com \u201cchave de ouro\u201d a grade do Trem do Forr\u00f3 que, este ano, surpreendeu a organiza\u00e7\u00e3o no envolvimento com o p\u00fablico: a marca de 3500 pessoas foi batida em 5 dias de viagens.<\/p>\n<p style=\"text-align: justify;\">\u201cEncerramos o Trem do Forr\u00f3 com sucesso total. A popula\u00e7\u00e3o abra\u00e7ou a iniciativa da SECET e o movimento foi crescendo. Em 2017, eram 3 dias de viagens sobre os trilhos. Agora, em 2019, foram 5 dias, 3 viagens extras proporcionadas pela empresa VLI, em parceria com a SECET e com o Conselho Municipal de Cultura, e o que n\u00f3s percebemos \u00e9 que no ano que vem precisaremos expandir ainda mais. No domingo, as duas classes, uma com a Na\u00e7\u00e3o Carcar\u00e1 e outra com a Jovem Coral, fecharam, com muita anima\u00e7\u00e3o, a grade prevista. A partir de agora, os festejos continuam\u201d, pontuou o gestor.<\/p>\n<p style=\"text-align: justify;\">De acordo com a vice-prefeita e secret\u00e1ria municipal de cultura, esporte e turismo, Iraci Gama, o trem recebeu, este ano, visitantes de Feira de Santana, Catu, Salvador, Ribeira do Pombal e Sergipe, que contribu\u00edram para tornar o festejo ainda maior na esta\u00e7\u00e3o.<\/p>\n<p style=\"text-align: justify;\">No que se refere \u00e0 viagem da torcida, \u00c9rica Fernanda, que faz parte da diretoria feminina do Atl\u00e9tico e participou pela 1\u00aa vez da viagem, avaliou positivamente a iniciativa. \u201cMaravilhoso! Forr\u00f3 bom, companhias boas, al\u00e9m da torcida Jovem Coral. Amei e, ano que vem, com f\u00e9 em Deus, estou de novo no trem! Foi um festejo conjunto, com m\u00fasica agrad\u00e1vel, no meio de pessoas boas. Amei!\u201d, relatou a torcedora ass\u00eddua.<\/p>\n<p style=\"text-align: justify;\">Jomar Pinto, que foi para o Trem do Forr\u00f3 acompanhado pelo filho, tamb\u00e9m falou entusiasmado sobre a participa\u00e7\u00e3o da torcida. \u201cNossa viagem foi muito emocionante. A tradi\u00e7\u00e3o do forr\u00f3 em Alagoinhas continua e foi mais abrilhantada ainda com a presen\u00e7a do nosso prefeito, animando ainda mais o S\u00e3o Jo\u00e3o. Vim com o filho, com a fam\u00edlia de sangue, e com a outra fam\u00edlia, que \u00e9 essa torcida da Jovem Coral\u201d, comentou.<\/p>\n<p style=\"text-align: justify;\">Com a viagem da torcida atleticana, o Trem do Forr\u00f3 fechou 27 percursos completos nesta edi\u00e7\u00e3o. Segundo a Secretaria Municipal de Cultura, Esporte e Turismo (SECET), tr\u00eas viagens extras foram disponibilizadas pela organiza\u00e7\u00e3o, em parceria com a empresa VLI, para atender \u00e0 alta demanda. No total, cerca de 3500 pessoas participaram do trem este ano, que contou com 2 classes integrais de passageiros. A realiza\u00e7\u00e3o \u00e9 da Prefeitura, com apoio do Conselho Municipal de Cultura, do Fundo de Cultura e da empresa VLI.<\/p>\n<p style=\"text-align: justify;\">Os itens arrecadados com a troca das passagens para o trem ser\u00e3o doados a institui\u00e7\u00f5es do munic\u00edpio.<\/p>\n<h6 style=\"text-align: right;\">Secom Alagoinhas<\/h6>\n<p style=\"text-align: justify;\">\n<div class='share-to-whatsapp-wrapper'><div class='share-on-whsp'>Share on: <\/div><a data-text='Torcidas atleticanas fecharam a programa\u00e7\u00e3o do Trem do Forr\u00f3 em Alagoinhas' data-link='https:\/\/newsinfoco.com.br\/inicio\/torcidas-atleticanas-fecharam-a-programacao-do-trem-do-forro-em-alagoinhas\/' class='whatsapp-button whatsapp-share'>WhatsApp<\/a><div class='clear '><\/div><\/div>","protected":false},"excerpt":{"rendered":"<p>A \u00faltima viagem do Trem do Forr\u00f3, neste domingo (16), misturou o embalo do forr\u00f3 p\u00e9 de serra \u00e0s cores da cidade para uma celebra\u00e7\u00e3o comandada pelo time do peito. Apaixonados pelo Alagoinhas Atl\u00e9tico Clube, torcedores da Jovem Coral e da Na\u00e7\u00e3o Carcar\u00e1 se uniram para cantar, em v\u00e9spera de S\u00e3o Jo\u00e3o, o amor pelo [&hellip;]<\/p>\n","protected":false},"author":1,"featured_media":15405,"comment_status":"open","ping_status":"open","sticky":false,"template":"","format":"standard","meta":{"om_disable_all_campaigns":false,"_exactmetrics_skip_tracking":false,"_exactmetrics_sitenote_active":false,"_exactmetrics_sitenote_note":"","_exactmetrics_sitenote_category":0,"footnotes":""},"categories":[38],"tags":[],"class_list":["post-15404","post","type-post","status-publish","format-standard","has-post-thumbnail","hentry","category-alagoinhas-e-regiao"],"aioseo_notices":[],"_links":{"self":[{"href":"https:\/\/newsinfoco.com.br\/inicio\/wp-json\/wp\/v2\/posts\/15404","targetHints":{"allow":["GET"]}}],"collection":[{"href":"https:\/\/newsinfoco.com.br\/inicio\/wp-json\/wp\/v2\/posts"}],"about":[{"href":"https:\/\/newsinfoco.com.br\/inicio\/wp-json\/wp\/v2\/types\/post"}],"author":[{"embeddable":true,"href":"https:\/\/newsinfoco.com.br\/inicio\/wp-json\/wp\/v2\/users\/1"}],"replies":[{"embeddable":true,"href":"https:\/\/newsinfoco.com.br\/inicio\/wp-json\/wp\/v2\/comments?post=15404"}],"version-history":[{"count":0,"href":"https:\/\/newsinfoco.com.br\/inicio\/wp-json\/wp\/v2\/posts\/15404\/revisions"}],"wp:featuredmedia":[{"embeddable":true,"href":"https:\/\/newsinfoco.com.br\/inicio\/wp-json\/wp\/v2\/media\/15405"}],"wp:attachment":[{"href":"https:\/\/newsinfoco.com.br\/inicio\/wp-json\/wp\/v2\/media?parent=15404"}],"wp:term":[{"taxonomy":"category","embeddable":true,"href":"https:\/\/newsinfoco.com.br\/inicio\/wp-json\/wp\/v2\/categories?post=15404"},{"taxonomy":"post_tag","embeddable":true,"href":"https:\/\/newsinfoco.com.br\/inicio\/wp-json\/wp\/v2\/tags?post=15404"}],"curies":[{"name":"wp","href":"https:\/\/api.w.org\/{rel}","templated":true}]}}