{"id":15407,"date":"2019-06-17T17:38:51","date_gmt":"2019-06-17T20:38:51","guid":{"rendered":"http:\/\/newsinfoco.com.br\/?p=15407"},"modified":"2019-06-17T17:38:51","modified_gmt":"2019-06-17T20:38:51","slug":"prefeitura-de-alagoinhas-divulga-horarios-de-funcionamento-da-central-de-abastecimento-durante-as-festividades-de-sao-joao","status":"publish","type":"post","link":"https:\/\/newsinfoco.com.br\/inicio\/prefeitura-de-alagoinhas-divulga-horarios-de-funcionamento-da-central-de-abastecimento-durante-as-festividades-de-sao-joao\/","title":{"rendered":"Prefeitura de Alagoinhas divulga hor\u00e1rios de funcionamento da Central de Abastecimento durante as festividades de S\u00e3o Jo\u00e3o"},"content":{"rendered":"<p style=\"text-align: justify;\">A prefeitura de Alagoinhas, por meio da diretoria da Central de Abastecimento, informa que, no dia 20 de junho (quinta-feira), em decorr\u00eancia do feriado de Corpus Christi, n\u00e3o haver\u00e1 expediente administrativo na feira. Os banheiros, segundo a coordena\u00e7\u00e3o do local, funcionar\u00e3o das 8h \u00e0s 17h no feriado.<\/p>\n<p style=\"text-align: justify;\">Na sexta-feira (21), a Central de Abastecimento funcionar\u00e1 regularmente, das 6h \u00e0s 18h, e no s\u00e1bado (22), a diretoria comunica que n\u00e3o haver\u00e1 expediente administrativo no per\u00edodo da tarde. J\u00e1 no domingo (23), v\u00e9spera de S\u00e3o Jo\u00e3o, a feira contar\u00e1 com um banheiro em pleno funcionamento, das 7h \u00e0s 13h, e os port\u00f5es ser\u00e3o fechados ap\u00f3s esse per\u00edodo.<\/p><div class=\"newsi-conteudo_19\" id=\"newsi-1626388490\"><a href=\"https:\/\/www.instagram.com\/prefeituraalagoinhas?igsh=YzgzdDJ1bWR3aWI4\" aria-label=\"SAVE_20251006_221555\"><img loading=\"lazy\" decoding=\"async\" src=\"https:\/\/newsinfoco.com.br\/inicio\/wp-content\/uploads\/2025\/10\/SAVE_20251006_221555-rotated.jpg\" alt=\"\"  srcset=\"https:\/\/newsinfoco.com.br\/inicio\/wp-content\/uploads\/2025\/10\/SAVE_20251006_221555-rotated.jpg 1140w, https:\/\/newsinfoco.com.br\/inicio\/wp-content\/uploads\/2025\/10\/SAVE_20251006_221555-300x52.jpg 300w, https:\/\/newsinfoco.com.br\/inicio\/wp-content\/uploads\/2025\/10\/SAVE_20251006_221555-1024x177.jpg 1024w, https:\/\/newsinfoco.com.br\/inicio\/wp-content\/uploads\/2025\/10\/SAVE_20251006_221555-768x133.jpg 768w, https:\/\/newsinfoco.com.br\/inicio\/wp-content\/uploads\/2025\/10\/SAVE_20251006_221555-600x104.jpg 600w, https:\/\/newsinfoco.com.br\/inicio\/wp-content\/uploads\/2025\/10\/SAVE_20251006_221555-696x120.jpg 696w, https:\/\/newsinfoco.com.br\/inicio\/wp-content\/uploads\/2025\/10\/SAVE_20251006_221555-1068x185.jpg 1068w\" sizes=\"(max-width: 1140px) 100vw, 1140px\" width=\"1140\" height=\"197\"   \/><\/a><\/div>\n<p style=\"text-align: justify;\">Ainda segundo a diretoria da Central de Abastecimento, n\u00e3o haver\u00e1 expediente no dia 24 de junho, feriado de S\u00e3o Jo\u00e3o.<\/p>\n<p style=\"text-align: right;\">Secom Alagoinhas<\/p>\n<div class='share-to-whatsapp-wrapper'><div class='share-on-whsp'>Share on: <\/div><a data-text='Prefeitura de Alagoinhas divulga hor\u00e1rios de funcionamento da Central de Abastecimento durante as festividades de S\u00e3o Jo\u00e3o' data-link='https:\/\/newsinfoco.com.br\/inicio\/prefeitura-de-alagoinhas-divulga-horarios-de-funcionamento-da-central-de-abastecimento-durante-as-festividades-de-sao-joao\/' class='whatsapp-button whatsapp-share'>WhatsApp<\/a><div class='clear '><\/div><\/div>","protected":false},"excerpt":{"rendered":"<p>A prefeitura de Alagoinhas, por meio da diretoria da Central de Abastecimento, informa que, no dia 20 de junho (quinta-feira), em decorr\u00eancia do feriado de Corpus Christi, n\u00e3o haver\u00e1 expediente administrativo na feira. Os banheiros, segundo a coordena\u00e7\u00e3o do local, funcionar\u00e3o das 8h \u00e0s 17h no feriado. Na sexta-feira (21), a Central de Abastecimento funcionar\u00e1 [&hellip;]<\/p>\n","protected":false},"author":1,"featured_media":15408,"comment_status":"open","ping_status":"open","sticky":false,"template":"","format":"standard","meta":{"om_disable_all_campaigns":false,"_exactmetrics_skip_tracking":false,"_exactmetrics_sitenote_active":false,"_exactmetrics_sitenote_note":"","_exactmetrics_sitenote_category":0,"footnotes":""},"categories":[38],"tags":[],"class_list":["post-15407","post","type-post","status-publish","format-standard","has-post-thumbnail","hentry","category-alagoinhas-e-regiao"],"aioseo_notices":[],"_links":{"self":[{"href":"https:\/\/newsinfoco.com.br\/inicio\/wp-json\/wp\/v2\/posts\/15407","targetHints":{"allow":["GET"]}}],"collection":[{"href":"https:\/\/newsinfoco.com.br\/inicio\/wp-json\/wp\/v2\/posts"}],"about":[{"href":"https:\/\/newsinfoco.com.br\/inicio\/wp-json\/wp\/v2\/types\/post"}],"author":[{"embeddable":true,"href":"https:\/\/newsinfoco.com.br\/inicio\/wp-json\/wp\/v2\/users\/1"}],"replies":[{"embeddable":true,"href":"https:\/\/newsinfoco.com.br\/inicio\/wp-json\/wp\/v2\/comments?post=15407"}],"version-history":[{"count":0,"href":"https:\/\/newsinfoco.com.br\/inicio\/wp-json\/wp\/v2\/posts\/15407\/revisions"}],"wp:featuredmedia":[{"embeddable":true,"href":"https:\/\/newsinfoco.com.br\/inicio\/wp-json\/wp\/v2\/media\/15408"}],"wp:attachment":[{"href":"https:\/\/newsinfoco.com.br\/inicio\/wp-json\/wp\/v2\/media?parent=15407"}],"wp:term":[{"taxonomy":"category","embeddable":true,"href":"https:\/\/newsinfoco.com.br\/inicio\/wp-json\/wp\/v2\/categories?post=15407"},{"taxonomy":"post_tag","embeddable":true,"href":"https:\/\/newsinfoco.com.br\/inicio\/wp-json\/wp\/v2\/tags?post=15407"}],"curies":[{"name":"wp","href":"https:\/\/api.w.org\/{rel}","templated":true}]}}