{"id":15414,"date":"2019-06-17T18:46:07","date_gmt":"2019-06-17T21:46:07","guid":{"rendered":"http:\/\/newsinfoco.com.br\/?p=15414"},"modified":"2019-06-17T18:59:37","modified_gmt":"2019-06-17T21:59:37","slug":"sao-joao-em-alagoinhas-vila-de-santo-antonio-da-lagoinha-comeca-nesta-terca-feira18-confira-a-programacao","status":"publish","type":"post","link":"https:\/\/newsinfoco.com.br\/inicio\/sao-joao-em-alagoinhas-vila-de-santo-antonio-da-lagoinha-comeca-nesta-terca-feira18-confira-a-programacao\/","title":{"rendered":"S\u00e3o Jo\u00e3o em Alagoinhas: Vila de Santo Ant\u00f4nio da Lagoinha come\u00e7a nesta ter\u00e7a-feira(18); confira a programa\u00e7\u00e3o"},"content":{"rendered":"<p style=\"text-align: justify;\">Resgatando influ\u00eancias do xote, do bai\u00e3o e do xaxado, a programa\u00e7\u00e3o do S\u00e3o Jo\u00e3o Alagoinhas 2019, que come\u00e7ou na \u00faltima semana, com o tradicional Trem do Forr\u00f3, se volta agora \u00e0s ra\u00edzes da identidade cultural nordestina. Com a Vila Santo Ant\u00f4nio da Lagoinha, que este ano ser\u00e1 estruturada no Mercado do Artes\u00e3o, a Prefeitura pretende reunir moradores e visitantes em um grande arrasta p\u00e9 que come\u00e7a nesta ter\u00e7a-feira, 18 de junho, e segue at\u00e9 o dia 21 no centro da cidade.<\/p>\n<p style=\"text-align: justify;\">A inten\u00e7\u00e3o, segundo a Secretaria Municipal de Cultura, Esporte e Turismo (SECET), respons\u00e1vel pela iniciativa, \u00e9 trazer um arrai\u00e1 que remeta \u00e0 tradi\u00e7\u00e3o e valorize os artistas da terra.<\/p><div class=\"newsi-conteudo_19\" id=\"newsi-1920463398\"><a href=\"https:\/\/www.instagram.com\/prefeituraalagoinhas?igsh=YzgzdDJ1bWR3aWI4\" aria-label=\"SAVE_20251006_221555\"><img loading=\"lazy\" decoding=\"async\" src=\"https:\/\/newsinfoco.com.br\/inicio\/wp-content\/uploads\/2025\/10\/SAVE_20251006_221555-rotated.jpg\" alt=\"\"  srcset=\"https:\/\/newsinfoco.com.br\/inicio\/wp-content\/uploads\/2025\/10\/SAVE_20251006_221555-rotated.jpg 1140w, https:\/\/newsinfoco.com.br\/inicio\/wp-content\/uploads\/2025\/10\/SAVE_20251006_221555-300x52.jpg 300w, https:\/\/newsinfoco.com.br\/inicio\/wp-content\/uploads\/2025\/10\/SAVE_20251006_221555-1024x177.jpg 1024w, https:\/\/newsinfoco.com.br\/inicio\/wp-content\/uploads\/2025\/10\/SAVE_20251006_221555-768x133.jpg 768w, https:\/\/newsinfoco.com.br\/inicio\/wp-content\/uploads\/2025\/10\/SAVE_20251006_221555-600x104.jpg 600w, https:\/\/newsinfoco.com.br\/inicio\/wp-content\/uploads\/2025\/10\/SAVE_20251006_221555-696x120.jpg 696w, https:\/\/newsinfoco.com.br\/inicio\/wp-content\/uploads\/2025\/10\/SAVE_20251006_221555-1068x185.jpg 1068w\" sizes=\"(max-width: 1140px) 100vw, 1140px\" width=\"1140\" height=\"197\"   \/><\/a><\/div>\n<p style=\"text-align: justify;\">Na grade, est\u00e3o previstos Bir\u00e3o do Acordeon, Chiquinho e a banda Forr\u00f3 Pesado, Mangaba Forr\u00f3 Mai\u00fasculo, Forr\u00f3 da Caff\u00e9, Tonho P\u00e9 de Serra e Priscila Calazans, entre outros.<\/p>\n<p style=\"text-align: justify;\">A festa no Mercado do Artes\u00e3o come\u00e7a a partir das 18h e conta, al\u00e9m do palco, tamb\u00e9m com barrac\u00e3o solid\u00e1rio, vila gastron\u00f4mica, comercializa\u00e7\u00e3o de artesanatos e espa\u00e7o para a brincadeira das crian\u00e7as. O apoio \u00e9 do Conselho Municipal de Cultura e do Fundo de Cultura.<\/p>\n<p style=\"text-align: justify;\">Confira a programa\u00e7\u00e3o completa:<\/p>\n<p><a href=\"http:\/\/newsinfoco.com.br\/wp-content\/uploads\/2019\/06\/18dejunho.jpg\"><img loading=\"lazy\" decoding=\"async\" class=\"aligncenter size-full wp-image-15415\" src=\"http:\/\/newsinfoco.com.br\/wp-content\/uploads\/2019\/06\/18dejunho.jpg\" alt=\"\" width=\"960\" height=\"960\" srcset=\"https:\/\/newsinfoco.com.br\/inicio\/wp-content\/uploads\/2019\/06\/18dejunho.jpg 960w, https:\/\/newsinfoco.com.br\/inicio\/wp-content\/uploads\/2019\/06\/18dejunho-150x150.jpg 150w, https:\/\/newsinfoco.com.br\/inicio\/wp-content\/uploads\/2019\/06\/18dejunho-300x300.jpg 300w, https:\/\/newsinfoco.com.br\/inicio\/wp-content\/uploads\/2019\/06\/18dejunho-768x768.jpg 768w, https:\/\/newsinfoco.com.br\/inicio\/wp-content\/uploads\/2019\/06\/18dejunho-600x600.jpg 600w, https:\/\/newsinfoco.com.br\/inicio\/wp-content\/uploads\/2019\/06\/18dejunho-696x696.jpg 696w, https:\/\/newsinfoco.com.br\/inicio\/wp-content\/uploads\/2019\/06\/18dejunho-420x420.jpg 420w\" sizes=\"auto, (max-width: 960px) 100vw, 960px\" \/><\/a><\/p>\n<p><a href=\"http:\/\/newsinfoco.com.br\/wp-content\/uploads\/2019\/06\/19dejunho.jpg\"><img loading=\"lazy\" decoding=\"async\" class=\"aligncenter size-full wp-image-15416\" src=\"http:\/\/newsinfoco.com.br\/wp-content\/uploads\/2019\/06\/19dejunho.jpg\" alt=\"\" width=\"960\" height=\"960\" srcset=\"https:\/\/newsinfoco.com.br\/inicio\/wp-content\/uploads\/2019\/06\/19dejunho.jpg 960w, https:\/\/newsinfoco.com.br\/inicio\/wp-content\/uploads\/2019\/06\/19dejunho-150x150.jpg 150w, https:\/\/newsinfoco.com.br\/inicio\/wp-content\/uploads\/2019\/06\/19dejunho-300x300.jpg 300w, https:\/\/newsinfoco.com.br\/inicio\/wp-content\/uploads\/2019\/06\/19dejunho-768x768.jpg 768w, https:\/\/newsinfoco.com.br\/inicio\/wp-content\/uploads\/2019\/06\/19dejunho-600x600.jpg 600w, https:\/\/newsinfoco.com.br\/inicio\/wp-content\/uploads\/2019\/06\/19dejunho-696x696.jpg 696w, https:\/\/newsinfoco.com.br\/inicio\/wp-content\/uploads\/2019\/06\/19dejunho-420x420.jpg 420w\" sizes=\"auto, (max-width: 960px) 100vw, 960px\" \/><\/a><\/p>\n<p><a href=\"http:\/\/newsinfoco.com.br\/wp-content\/uploads\/2019\/06\/21dejunho.jpg\"><img loading=\"lazy\" decoding=\"async\" class=\"aligncenter size-full wp-image-15417\" src=\"http:\/\/newsinfoco.com.br\/wp-content\/uploads\/2019\/06\/21dejunho.jpg\" alt=\"\" width=\"960\" height=\"960\" srcset=\"https:\/\/newsinfoco.com.br\/inicio\/wp-content\/uploads\/2019\/06\/21dejunho.jpg 960w, https:\/\/newsinfoco.com.br\/inicio\/wp-content\/uploads\/2019\/06\/21dejunho-150x150.jpg 150w, https:\/\/newsinfoco.com.br\/inicio\/wp-content\/uploads\/2019\/06\/21dejunho-300x300.jpg 300w, https:\/\/newsinfoco.com.br\/inicio\/wp-content\/uploads\/2019\/06\/21dejunho-768x768.jpg 768w, https:\/\/newsinfoco.com.br\/inicio\/wp-content\/uploads\/2019\/06\/21dejunho-600x600.jpg 600w, https:\/\/newsinfoco.com.br\/inicio\/wp-content\/uploads\/2019\/06\/21dejunho-696x696.jpg 696w, https:\/\/newsinfoco.com.br\/inicio\/wp-content\/uploads\/2019\/06\/21dejunho-420x420.jpg 420w\" sizes=\"auto, (max-width: 960px) 100vw, 960px\" \/><\/a><\/p>\n<h6 style=\"text-align: right;\">Secom Alagoinhas<\/h6>\n<div class='share-to-whatsapp-wrapper'><div class='share-on-whsp'>Share on: <\/div><a data-text='S\u00e3o Jo\u00e3o em Alagoinhas: Vila de Santo Ant\u00f4nio da Lagoinha come\u00e7a nesta ter\u00e7a-feira(18); confira a programa\u00e7\u00e3o' data-link='https:\/\/newsinfoco.com.br\/inicio\/sao-joao-em-alagoinhas-vila-de-santo-antonio-da-lagoinha-comeca-nesta-terca-feira18-confira-a-programacao\/' class='whatsapp-button whatsapp-share'>WhatsApp<\/a><div class='clear '><\/div><\/div>","protected":false},"excerpt":{"rendered":"<p>Resgatando influ\u00eancias do xote, do bai\u00e3o e do xaxado, a programa\u00e7\u00e3o do S\u00e3o Jo\u00e3o Alagoinhas 2019, que come\u00e7ou na \u00faltima semana, com o tradicional Trem do Forr\u00f3, se volta agora \u00e0s ra\u00edzes da identidade cultural nordestina. Com a Vila Santo Ant\u00f4nio da Lagoinha, que este ano ser\u00e1 estruturada no Mercado do Artes\u00e3o, a Prefeitura pretende [&hellip;]<\/p>\n","protected":false},"author":1,"featured_media":15420,"comment_status":"open","ping_status":"open","sticky":false,"template":"","format":"standard","meta":{"om_disable_all_campaigns":false,"_exactmetrics_skip_tracking":false,"_exactmetrics_sitenote_active":false,"_exactmetrics_sitenote_note":"","_exactmetrics_sitenote_category":0,"footnotes":""},"categories":[38,30],"tags":[],"class_list":["post-15414","post","type-post","status-publish","format-standard","has-post-thumbnail","hentry","category-alagoinhas-e-regiao","category-destaque"],"aioseo_notices":[],"_links":{"self":[{"href":"https:\/\/newsinfoco.com.br\/inicio\/wp-json\/wp\/v2\/posts\/15414","targetHints":{"allow":["GET"]}}],"collection":[{"href":"https:\/\/newsinfoco.com.br\/inicio\/wp-json\/wp\/v2\/posts"}],"about":[{"href":"https:\/\/newsinfoco.com.br\/inicio\/wp-json\/wp\/v2\/types\/post"}],"author":[{"embeddable":true,"href":"https:\/\/newsinfoco.com.br\/inicio\/wp-json\/wp\/v2\/users\/1"}],"replies":[{"embeddable":true,"href":"https:\/\/newsinfoco.com.br\/inicio\/wp-json\/wp\/v2\/comments?post=15414"}],"version-history":[{"count":0,"href":"https:\/\/newsinfoco.com.br\/inicio\/wp-json\/wp\/v2\/posts\/15414\/revisions"}],"wp:featuredmedia":[{"embeddable":true,"href":"https:\/\/newsinfoco.com.br\/inicio\/wp-json\/wp\/v2\/media\/15420"}],"wp:attachment":[{"href":"https:\/\/newsinfoco.com.br\/inicio\/wp-json\/wp\/v2\/media?parent=15414"}],"wp:term":[{"taxonomy":"category","embeddable":true,"href":"https:\/\/newsinfoco.com.br\/inicio\/wp-json\/wp\/v2\/categories?post=15414"},{"taxonomy":"post_tag","embeddable":true,"href":"https:\/\/newsinfoco.com.br\/inicio\/wp-json\/wp\/v2\/tags?post=15414"}],"curies":[{"name":"wp","href":"https:\/\/api.w.org\/{rel}","templated":true}]}}