{"id":15433,"date":"2019-06-18T15:41:05","date_gmt":"2019-06-18T18:41:05","guid":{"rendered":"http:\/\/newsinfoco.com.br\/?p=15433"},"modified":"2019-06-18T15:41:05","modified_gmt":"2019-06-18T18:41:05","slug":"prefeitura-de-alagoinhas-intensifica-combate-a-dengue-com-acoes-de-bloqueio-nos-bairros","status":"publish","type":"post","link":"https:\/\/newsinfoco.com.br\/inicio\/prefeitura-de-alagoinhas-intensifica-combate-a-dengue-com-acoes-de-bloqueio-nos-bairros\/","title":{"rendered":"Prefeitura de Alagoinhas intensifica combate \u00e0 dengue com a\u00e7\u00f5es de bloqueio nos bairros"},"content":{"rendered":"<p style=\"text-align: justify;\">A prefeitura intensificou, esta semana, as a\u00e7\u00f5es de combate \u00e0 dengue no munic\u00edpio. Segundo a Vigil\u00e2ncia Epidemiol\u00f3gica, s\u00f3 este ano, bloqueios foram realizados em Santa Terezinha, Pra\u00e7a Kennedy, centro, Inocoop III, Papagaio e Cachorro Magro.<\/p>\n<p style=\"text-align: justify;\">As a\u00e7\u00f5es n\u00e3o s\u00e3o pontuais. De acordo com a coordena\u00e7\u00e3o da Vigil\u00e2ncia, para evitar as casas fechadas e reduzir os \u00edndices de infesta\u00e7\u00e3o nos pontos cr\u00edticos, os agentes t\u00eam trabalhado tamb\u00e9m aos finais de semana.<\/p><div class=\"newsi-conteudo_19\" id=\"newsi-1590994677\"><a href=\"https:\/\/www.instagram.com\/prefeituraalagoinhas?igsh=YzgzdDJ1bWR3aWI4\" aria-label=\"SAVE_20251006_221555\"><img loading=\"lazy\" decoding=\"async\" src=\"https:\/\/newsinfoco.com.br\/inicio\/wp-content\/uploads\/2025\/10\/SAVE_20251006_221555-rotated.jpg\" alt=\"\"  srcset=\"https:\/\/newsinfoco.com.br\/inicio\/wp-content\/uploads\/2025\/10\/SAVE_20251006_221555-rotated.jpg 1140w, https:\/\/newsinfoco.com.br\/inicio\/wp-content\/uploads\/2025\/10\/SAVE_20251006_221555-300x52.jpg 300w, https:\/\/newsinfoco.com.br\/inicio\/wp-content\/uploads\/2025\/10\/SAVE_20251006_221555-1024x177.jpg 1024w, https:\/\/newsinfoco.com.br\/inicio\/wp-content\/uploads\/2025\/10\/SAVE_20251006_221555-768x133.jpg 768w, https:\/\/newsinfoco.com.br\/inicio\/wp-content\/uploads\/2025\/10\/SAVE_20251006_221555-600x104.jpg 600w, https:\/\/newsinfoco.com.br\/inicio\/wp-content\/uploads\/2025\/10\/SAVE_20251006_221555-696x120.jpg 696w, https:\/\/newsinfoco.com.br\/inicio\/wp-content\/uploads\/2025\/10\/SAVE_20251006_221555-1068x185.jpg 1068w\" sizes=\"(max-width: 1140px) 100vw, 1140px\" width=\"1140\" height=\"197\"   \/><\/a><\/div>\n<p style=\"text-align: justify;\">No \u00faltimo s\u00e1bado (15), as equipes foram mobilizadas para o distrito de Boa Uni\u00e3o e, nesta segunda-feira, os agentes de endemias estiveram no Silva Jardim para mais um bloqueio de combate \u00e0 dengue.<\/p>\n<p style=\"text-align: justify;\">\u201cEsses bloqueios acontecem quando recebemos notifica\u00e7\u00f5es de casos confirmados ou suspeitos de dengue na localidade. Se h\u00e1 casos confirmados, a equipe vai e faz o bloqueio. \u00c9 um plano de a\u00e7\u00e3o para minimizar os riscos de contato com mosquitos possivelmente contaminados. O bloqueio funciona em um raio de 100 metros da resid\u00eancia em que foi registrado o caso\u201d, explicou a coordenadora de endemias Telma Pio.<\/p>\n<p style=\"text-align: justify;\">Segundo ela, as a\u00e7\u00f5es de bloqueio envolvem o trabalho focal, com agentes nos im\u00f3veis e dep\u00f3sitos, e tamb\u00e9m o perifocal, em pontos estrat\u00e9gicos. De acordo com a Vigil\u00e2ncia, al\u00e9m de atuar eliminando poss\u00edveis criadouros, a equipe segue com bombas motorizadas, trabalhando na pulveriza\u00e7\u00e3o espacial de inseticida em logradouros adjacentes \u00e0s \u00e1reas onde foram registrados casos de dengue.<\/p>\n<p style=\"text-align: justify;\">Embora os \u00edndices do munic\u00edpio n\u00e3o caracterizem um surto ou uma epidemia de dengue na cidade, Alagoinhas segue em estado de alerta. Nos 5 primeiros meses de 2019, a Bahia registrou um crescimento de 460% no n\u00famero de casos prov\u00e1veis, com rela\u00e7\u00e3o ao mesmo per\u00edodo de 2018, de acordo com dados da Secretaria de Sa\u00fade do estado (SESAB), e munic\u00edpios como Feira de Santana e Salvador j\u00e1 apresentaram n\u00fameros alarmantes de casos este ano.<\/p>\n<p style=\"text-align: justify;\">Em Alagoinhas, a Vigil\u00e2ncia Epidemiol\u00f3gica informou que a estrat\u00e9gia \u00e9 unir esfor\u00e7os, conscientizar a popula\u00e7\u00e3o, sobretudo no que se refere \u00e0 elimina\u00e7\u00e3o de focos do mosquito, no per\u00edodo chuvoso, e intensificar a\u00e7\u00f5es nos bairros da cidade.<\/p>\n<p style=\"text-align: justify;\">\u201cTemos trabalhado para diminuir as m\u00e9tricas e seguimos continuamente com as equipes na rua\u201d, enfatizou Telma Pio.<\/p>\n<p style=\"text-align: justify;\">A Vigil\u00e2ncia comunicou ainda que vai intensificar tamb\u00e9m as palestras nas escolas. Novas a\u00e7\u00f5es integradas entre agentes de endemias, Comiss\u00e3o de Mobiliza\u00e7\u00e3o, Preven\u00e7\u00e3o e Controle da Dengue e comunidade devem ser realizadas j\u00e1 nos pr\u00f3ximos dias e a previs\u00e3o \u00e9 de que ainda esta semana novos bloqueios sejam realizados pela equipe.<\/p>\n<h6 style=\"text-align: right;\">Secom Alagoinhas<\/h6>\n<p style=\"text-align: justify;\">\n<div class='share-to-whatsapp-wrapper'><div class='share-on-whsp'>Share on: <\/div><a data-text='Prefeitura de Alagoinhas intensifica combate \u00e0 dengue com a\u00e7\u00f5es de bloqueio nos bairros' data-link='https:\/\/newsinfoco.com.br\/inicio\/prefeitura-de-alagoinhas-intensifica-combate-a-dengue-com-acoes-de-bloqueio-nos-bairros\/' class='whatsapp-button whatsapp-share'>WhatsApp<\/a><div class='clear '><\/div><\/div>","protected":false},"excerpt":{"rendered":"<p>A prefeitura intensificou, esta semana, as a\u00e7\u00f5es de combate \u00e0 dengue no munic\u00edpio. Segundo a Vigil\u00e2ncia Epidemiol\u00f3gica, s\u00f3 este ano, bloqueios foram realizados em Santa Terezinha, Pra\u00e7a Kennedy, centro, Inocoop III, Papagaio e Cachorro Magro. As a\u00e7\u00f5es n\u00e3o s\u00e3o pontuais. De acordo com a coordena\u00e7\u00e3o da Vigil\u00e2ncia, para evitar as casas fechadas e reduzir os [&hellip;]<\/p>\n","protected":false},"author":1,"featured_media":15434,"comment_status":"open","ping_status":"open","sticky":false,"template":"","format":"standard","meta":{"om_disable_all_campaigns":false,"_exactmetrics_skip_tracking":false,"_exactmetrics_sitenote_active":false,"_exactmetrics_sitenote_note":"","_exactmetrics_sitenote_category":0,"footnotes":""},"categories":[38],"tags":[],"class_list":["post-15433","post","type-post","status-publish","format-standard","has-post-thumbnail","hentry","category-alagoinhas-e-regiao"],"aioseo_notices":[],"_links":{"self":[{"href":"https:\/\/newsinfoco.com.br\/inicio\/wp-json\/wp\/v2\/posts\/15433","targetHints":{"allow":["GET"]}}],"collection":[{"href":"https:\/\/newsinfoco.com.br\/inicio\/wp-json\/wp\/v2\/posts"}],"about":[{"href":"https:\/\/newsinfoco.com.br\/inicio\/wp-json\/wp\/v2\/types\/post"}],"author":[{"embeddable":true,"href":"https:\/\/newsinfoco.com.br\/inicio\/wp-json\/wp\/v2\/users\/1"}],"replies":[{"embeddable":true,"href":"https:\/\/newsinfoco.com.br\/inicio\/wp-json\/wp\/v2\/comments?post=15433"}],"version-history":[{"count":0,"href":"https:\/\/newsinfoco.com.br\/inicio\/wp-json\/wp\/v2\/posts\/15433\/revisions"}],"wp:featuredmedia":[{"embeddable":true,"href":"https:\/\/newsinfoco.com.br\/inicio\/wp-json\/wp\/v2\/media\/15434"}],"wp:attachment":[{"href":"https:\/\/newsinfoco.com.br\/inicio\/wp-json\/wp\/v2\/media?parent=15433"}],"wp:term":[{"taxonomy":"category","embeddable":true,"href":"https:\/\/newsinfoco.com.br\/inicio\/wp-json\/wp\/v2\/categories?post=15433"},{"taxonomy":"post_tag","embeddable":true,"href":"https:\/\/newsinfoco.com.br\/inicio\/wp-json\/wp\/v2\/tags?post=15433"}],"curies":[{"name":"wp","href":"https:\/\/api.w.org\/{rel}","templated":true}]}}