{"id":15436,"date":"2019-06-18T16:32:43","date_gmt":"2019-06-18T19:32:43","guid":{"rendered":"http:\/\/newsinfoco.com.br\/?p=15436"},"modified":"2019-06-18T16:38:44","modified_gmt":"2019-06-18T19:38:44","slug":"presidente-da-camara-de-alagoinhas-decide-nao-pautar-projeto-de-emprestimo-de-35-milhoes-prefeitura-corre-o-risco-de-perder-o-prazo","status":"publish","type":"post","link":"https:\/\/newsinfoco.com.br\/inicio\/presidente-da-camara-de-alagoinhas-decide-nao-pautar-projeto-de-emprestimo-de-35-milhoes-prefeitura-corre-o-risco-de-perder-o-prazo\/","title":{"rendered":"Presidente da C\u00e2mara de Alagoinhas decide n\u00e3o pautar projeto de empr\u00e9stimo de 35 milh\u00f5es; prefeitura corre o risco de perder o prazo"},"content":{"rendered":"<p style=\"text-align: justify;\">O presidente da C\u00e2mara Municipal de Alagoinhas, Roberto Torres(PRB), decidiu n\u00e3o colocar em vota\u00e7\u00e3o na sess\u00e3o de hoje(18), o projeto que autorizaria a prefeitura de Alagoinhas contrair um empr\u00e9stimo de 35 milh\u00f5es, o chamado projeto FINISA. Essa \u00e9 a \u00faltima sess\u00e3o antes do recesso junino. A n\u00e3o aprecia\u00e7\u00e3o do projeto na sess\u00e3o desta ter\u00e7a-feira praticamente acaba com as possibilidades da administra\u00e7\u00e3o municipal contrair o empr\u00e9stimo em tempo h\u00e1bil, j\u00e1 que o prazo estipulado pelo banco era at\u00e9 o final deste m\u00eas.<\/p>\n<p style=\"text-align: justify;\">A bancada situacionista, que se preparava para aprovar o projeto, n\u00e3o escondeu o descontentamento com a postura do presidente da C\u00e2mara que faz parte do governo, tendo inclusive indicado o atual secret\u00e1rio de servi\u00e7os p\u00fablicos. Nos bastidores o ato foi visto como uma trai\u00e7\u00e3o, j\u00e1 que os seus efeitos seriam o mesmo caso o projeto fosse arquivado, ou mesmo derrotado em plen\u00e1rio.<\/p><div class=\"newsi-conteudo_19\" id=\"newsi-2646984015\"><a href=\"https:\/\/www.instagram.com\/prefeituraalagoinhas?igsh=YzgzdDJ1bWR3aWI4\" aria-label=\"SAVE_20251006_221555\"><img loading=\"lazy\" decoding=\"async\" src=\"https:\/\/newsinfoco.com.br\/inicio\/wp-content\/uploads\/2025\/10\/SAVE_20251006_221555-rotated.jpg\" alt=\"\"  srcset=\"https:\/\/newsinfoco.com.br\/inicio\/wp-content\/uploads\/2025\/10\/SAVE_20251006_221555-rotated.jpg 1140w, https:\/\/newsinfoco.com.br\/inicio\/wp-content\/uploads\/2025\/10\/SAVE_20251006_221555-300x52.jpg 300w, https:\/\/newsinfoco.com.br\/inicio\/wp-content\/uploads\/2025\/10\/SAVE_20251006_221555-1024x177.jpg 1024w, https:\/\/newsinfoco.com.br\/inicio\/wp-content\/uploads\/2025\/10\/SAVE_20251006_221555-768x133.jpg 768w, https:\/\/newsinfoco.com.br\/inicio\/wp-content\/uploads\/2025\/10\/SAVE_20251006_221555-600x104.jpg 600w, https:\/\/newsinfoco.com.br\/inicio\/wp-content\/uploads\/2025\/10\/SAVE_20251006_221555-696x120.jpg 696w, https:\/\/newsinfoco.com.br\/inicio\/wp-content\/uploads\/2025\/10\/SAVE_20251006_221555-1068x185.jpg 1068w\" sizes=\"(max-width: 1140px) 100vw, 1140px\" width=\"1140\" height=\"197\"   \/><\/a><\/div>\n<p style=\"text-align: justify;\">De acordo com a prefeitura, o empr\u00e9stimo \u00e9 necess\u00e1rio para a realiza\u00e7\u00e3o de obras de requalifica\u00e7\u00e3o, pavimenta\u00e7\u00e3o, drenagem e constru\u00e7\u00e3o de equipamentos de lazer na sede do munic\u00edpio. As obras contemplar\u00e3o 57 ruas das localidades do Barreiro, Vila Mar\u00e7al, Cruzeiro dos Montes, Jardim Petrolar, Baixa da Candeia, Rua do Catu, Alto da Cruz, Vale de Santa Terezinha, Centro, Santa Maria e Mangal\u00f4, totalizando 89.277,62 m\u00b2 de pavimenta\u00e7\u00e3o asf\u00e1ltica e implanta\u00e7\u00e3o de 8.301,95 m de rede de drenagem. A solicita\u00e7\u00e3o do empr\u00e9stimo tamb\u00e9m contempla a constru\u00e7\u00e3o de uma pra\u00e7a no Largo do Barreiro com equipamentos de lazer. Cidades vizinhas como Inhambupe e Cama\u00e7ari tiveram autoriza\u00e7\u00e3o das Casas Legislativas Municipais para requisi\u00e7\u00e3o do empr\u00e9stimo.<\/p>\n<p id=\"newsi-791622310\" class=\"newsi-conteudo_9\" style=\"text-align: justify;\">Em conversa com o News Infoco, o prefeito Joaquim Neto, embora triste com o resultado disse que n\u00e3o ir\u00e1 desistir. &#8216;Est\u00e3o politizando a discuss\u00e3o do empr\u00e9stimo. Cama\u00e7ari teve autoriza\u00e7\u00e3o para pegar um empr\u00e9stimo de 300 milh\u00f5es, Inhambupe 4 milh\u00f5es, mas aqui n\u00e3o autorizam. Criam dificuldades&#8217;.<\/p>\n<p class=\"newsi-conteudo_9\" style=\"text-align: justify;\">O prefeito disse ainda que se reunir\u00e1 com os vereadores da base para discutir o que pode ser feito. A convoca\u00e7\u00e3o para uma sess\u00e3o extraordin\u00e1ria para vota\u00e7\u00e3o do projeto em pleno recesso junino n\u00e3o estar descartado.<\/p>\n<h6 style=\"text-align: right;\">Por Caio Pimenta para o News Infoco<\/h6>\n<div class='share-to-whatsapp-wrapper'><div class='share-on-whsp'>Share on: <\/div><a data-text='Presidente da C\u00e2mara de Alagoinhas decide n\u00e3o pautar projeto de empr\u00e9stimo de 35 milh\u00f5es; prefeitura corre o risco de perder o prazo' data-link='https:\/\/newsinfoco.com.br\/inicio\/presidente-da-camara-de-alagoinhas-decide-nao-pautar-projeto-de-emprestimo-de-35-milhoes-prefeitura-corre-o-risco-de-perder-o-prazo\/' class='whatsapp-button whatsapp-share'>WhatsApp<\/a><div class='clear '><\/div><\/div>","protected":false},"excerpt":{"rendered":"<p>O presidente da C\u00e2mara Municipal de Alagoinhas, Roberto Torres(PRB), decidiu n\u00e3o colocar em vota\u00e7\u00e3o na sess\u00e3o de hoje(18), o projeto que autorizaria a prefeitura de Alagoinhas contrair um empr\u00e9stimo de 35 milh\u00f5es, o chamado projeto FINISA. Essa \u00e9 a \u00faltima sess\u00e3o antes do recesso junino. A n\u00e3o aprecia\u00e7\u00e3o do projeto na sess\u00e3o desta ter\u00e7a-feira praticamente [&hellip;]<\/p>\n","protected":false},"author":1,"featured_media":15437,"comment_status":"open","ping_status":"open","sticky":false,"template":"","format":"standard","meta":{"om_disable_all_campaigns":false,"_exactmetrics_skip_tracking":false,"_exactmetrics_sitenote_active":false,"_exactmetrics_sitenote_note":"","_exactmetrics_sitenote_category":0,"footnotes":""},"categories":[38,30],"tags":[],"class_list":["post-15436","post","type-post","status-publish","format-standard","has-post-thumbnail","hentry","category-alagoinhas-e-regiao","category-destaque"],"aioseo_notices":[],"_links":{"self":[{"href":"https:\/\/newsinfoco.com.br\/inicio\/wp-json\/wp\/v2\/posts\/15436","targetHints":{"allow":["GET"]}}],"collection":[{"href":"https:\/\/newsinfoco.com.br\/inicio\/wp-json\/wp\/v2\/posts"}],"about":[{"href":"https:\/\/newsinfoco.com.br\/inicio\/wp-json\/wp\/v2\/types\/post"}],"author":[{"embeddable":true,"href":"https:\/\/newsinfoco.com.br\/inicio\/wp-json\/wp\/v2\/users\/1"}],"replies":[{"embeddable":true,"href":"https:\/\/newsinfoco.com.br\/inicio\/wp-json\/wp\/v2\/comments?post=15436"}],"version-history":[{"count":0,"href":"https:\/\/newsinfoco.com.br\/inicio\/wp-json\/wp\/v2\/posts\/15436\/revisions"}],"wp:featuredmedia":[{"embeddable":true,"href":"https:\/\/newsinfoco.com.br\/inicio\/wp-json\/wp\/v2\/media\/15437"}],"wp:attachment":[{"href":"https:\/\/newsinfoco.com.br\/inicio\/wp-json\/wp\/v2\/media?parent=15436"}],"wp:term":[{"taxonomy":"category","embeddable":true,"href":"https:\/\/newsinfoco.com.br\/inicio\/wp-json\/wp\/v2\/categories?post=15436"},{"taxonomy":"post_tag","embeddable":true,"href":"https:\/\/newsinfoco.com.br\/inicio\/wp-json\/wp\/v2\/tags?post=15436"}],"curies":[{"name":"wp","href":"https:\/\/api.w.org\/{rel}","templated":true}]}}