{"id":1559,"date":"2018-03-23T22:46:46","date_gmt":"2018-03-24T01:46:46","guid":{"rendered":"http:\/\/newsinfoco.com.br\/?p=1559"},"modified":"2018-03-23T22:46:46","modified_gmt":"2018-03-24T01:46:46","slug":"sesau-participa-das-acoes-educativas-da-semana-municipal-de-transito-de-alagoinhas","status":"publish","type":"post","link":"https:\/\/newsinfoco.com.br\/inicio\/sesau-participa-das-acoes-educativas-da-semana-municipal-de-transito-de-alagoinhas\/","title":{"rendered":"SESAU participa das a\u00e7\u00f5es educativas da Semana Municipal de Tr\u00e2nsito de Alagoinhas"},"content":{"rendered":"<p><img decoding=\"async\" src=\"https:\/\/www.alagoinhas.ba.gov.br\/wp-content\/uploads\/2018\/03\/WhatsApp-Image-2018-03-22-at-08.56.13-768x1024.jpeg\" \/><\/p>\n<p style=\"text-align: justify;\"><span style=\"color: #000000;\">A Secretaria Municipal de Sa\u00fade (SESAU) participou ativamente das a\u00e7\u00f5es educativas promovidas pela Semana Municipal de Tr\u00e2nsito, organizada pela Superintend\u00eancia Municipal de Transporte e Tr\u00e2nsito (SMTT). Durante a manh\u00e3 desta sexta-feira (23) foram realizadas diversas atividades, como a\u00e7\u00f5es voltadas para a sa\u00fade bucal com orienta\u00e7\u00f5es sobre escova\u00e7\u00e3o em um estande montado com escov\u00f3dromos para as crian\u00e7as. Al\u00e9m disto, a equipe do Servi\u00e7o de Atendimento M\u00f3vel de Urg\u00eancia (SAMU) simulou um acidente de tr\u00e2nsito a fim de ilustrar para a popula\u00e7\u00e3o como funciona o atendimento.<\/span><\/p>\n<p style=\"text-align: justify;\"><span style=\"color: #000000;\">Na ocasi\u00e3o a equipe fez uma simula\u00e7\u00e3o real\u00edstica envolvendo uma motociclista com uso indevido de capacete, ela foi projetada ap\u00f3s ultrapassagem. O cen\u00e1rio deixou expostas as ocorr\u00eancias di\u00e1rias que envolvem v\u00edtimas graves no tr\u00e2nsito e aumentam as estat\u00edsticas com potencial de sequelas e complica\u00e7\u00f5es.<\/span><\/p><div class=\"newsi-conteudo_19\" id=\"newsi-3461123492\"><a href=\"https:\/\/www.instagram.com\/prefeituraalagoinhas?igsh=YzgzdDJ1bWR3aWI4\" aria-label=\"SAVE_20251006_221555\"><img loading=\"lazy\" decoding=\"async\" src=\"https:\/\/newsinfoco.com.br\/inicio\/wp-content\/uploads\/2025\/10\/SAVE_20251006_221555-rotated.jpg\" alt=\"\"  srcset=\"https:\/\/newsinfoco.com.br\/inicio\/wp-content\/uploads\/2025\/10\/SAVE_20251006_221555-rotated.jpg 1140w, https:\/\/newsinfoco.com.br\/inicio\/wp-content\/uploads\/2025\/10\/SAVE_20251006_221555-300x52.jpg 300w, https:\/\/newsinfoco.com.br\/inicio\/wp-content\/uploads\/2025\/10\/SAVE_20251006_221555-1024x177.jpg 1024w, https:\/\/newsinfoco.com.br\/inicio\/wp-content\/uploads\/2025\/10\/SAVE_20251006_221555-768x133.jpg 768w, https:\/\/newsinfoco.com.br\/inicio\/wp-content\/uploads\/2025\/10\/SAVE_20251006_221555-600x104.jpg 600w, https:\/\/newsinfoco.com.br\/inicio\/wp-content\/uploads\/2025\/10\/SAVE_20251006_221555-696x120.jpg 696w, https:\/\/newsinfoco.com.br\/inicio\/wp-content\/uploads\/2025\/10\/SAVE_20251006_221555-1068x185.jpg 1068w\" sizes=\"(max-width: 1140px) 100vw, 1140px\" width=\"1140\" height=\"197\"   \/><\/a><\/div>\n<p style=\"text-align: justify;\"><span style=\"color: #000000;\">O atendimento durante simula\u00e7\u00e3o foi realizado pela equipe do SAMU composta por Dr Lyeside Monteiro, enfermeira Thais Melo, t\u00e9cnica de enfermagem Marly Teixeira e condutor socorrista Eug\u00eanio Magno. Pela gravidade do caso procedimentos invasivos foram realizados na cena com posterior condu\u00e7\u00e3o da v\u00edtima ao Hospital Regional Dantas Bi\u00e3o.<\/span><\/p>\n<p><img decoding=\"async\" src=\"https:\/\/www.alagoinhas.ba.gov.br\/wp-content\/uploads\/2018\/03\/WhatsApp-Image-2018-03-23-at-10.53.12-1024x575.jpeg\" \/><\/p>\n<p style=\"text-align: justify;\"><span style=\"color: #000000;\">A comunidade foi Orientada quanto \u00e0s medidas de preven\u00e7\u00e3o no tr\u00e2nsito e as a\u00e7\u00f5es imediatas para o acionamento do servi\u00e7o especializado SAMU 192 com atendimento seguro. A a\u00e7\u00e3o tem a inten\u00e7\u00e3o de conscientizar todos os agentes que participam do tr\u00e2nsito, sejam eles condutores ou pedestres sobre suas responsabilidades e condutas adequadas para preven\u00e7\u00e3o de acidentes e harmonia no tr\u00e2nsito.<\/span><\/p>\n<p style=\"text-align: justify;\"><span style=\"color: #000000;\">Durante toda semana outras atividades foram realizadas, como palestras nas zonas de maior n\u00famero de ocorr\u00eancias que envolvem o tr\u00e2nsito: na Unidade de Sa\u00fade da Fam\u00edlia de Santa Terezinha, por exemplo. Este bairro \u00e9 destaque juntamente com Barreiro e Rua do CATU.<\/span><\/p>\n<p style=\"text-align: justify;\"><span style=\"color: #000000;\">J\u00e1 na Unidade de Reintegra\u00e7\u00e3o Funcional profissionais promoveram palestras sobre medidas de preven\u00e7\u00e3o no tr\u00e2nsito (uso de cinto de seguran\u00e7a, capacete, beb\u00ea conforto) e orienta\u00e7\u00f5es de condutas frente \u00e0s ocorr\u00eancias que envolvem o tr\u00e2nsito. A equipe tamb\u00e9m esteve na maternidade com as mulheres, conduzindo as orienta\u00e7\u00f5es sobre transporte seguro no tr\u00e2nsito com o uso do cinto de seguran\u00e7a, beb\u00ea conforto e cadeirinha.<\/span><\/p>\n<h6 style=\"text-align: right;\"><span style=\"color: #999999;\">Fonte: SECOM SESAU Prefeitura<\/span><\/h6>\n<div class='share-to-whatsapp-wrapper'><div class='share-on-whsp'>Share on: <\/div><a data-text='SESAU participa das a\u00e7\u00f5es educativas da Semana Municipal de Tr\u00e2nsito de Alagoinhas' data-link='https:\/\/newsinfoco.com.br\/inicio\/sesau-participa-das-acoes-educativas-da-semana-municipal-de-transito-de-alagoinhas\/' class='whatsapp-button whatsapp-share'>WhatsApp<\/a><div class='clear '><\/div><\/div>","protected":false},"excerpt":{"rendered":"<p>A Secretaria Municipal de Sa\u00fade (SESAU) participou ativamente das a\u00e7\u00f5es educativas promovidas pela Semana Municipal de Tr\u00e2nsito, organizada pela Superintend\u00eancia Municipal de Transporte e Tr\u00e2nsito (SMTT). Durante a manh\u00e3 desta sexta-feira (23) foram realizadas diversas atividades, como a\u00e7\u00f5es voltadas para a sa\u00fade bucal com orienta\u00e7\u00f5es sobre escova\u00e7\u00e3o em um estande montado com escov\u00f3dromos para as [&hellip;]<\/p>\n","protected":false},"author":1,"featured_media":1560,"comment_status":"open","ping_status":"open","sticky":false,"template":"","format":"standard","meta":{"om_disable_all_campaigns":false,"_exactmetrics_skip_tracking":false,"_exactmetrics_sitenote_active":false,"_exactmetrics_sitenote_note":"","_exactmetrics_sitenote_category":0,"footnotes":""},"categories":[38,30],"tags":[53,54,58],"class_list":["post-1559","post","type-post","status-publish","format-standard","has-post-thumbnail","hentry","category-alagoinhas-e-regiao","category-destaque","tag-alagoinhas","tag-prefeitura","tag-sesau"],"aioseo_notices":[],"_links":{"self":[{"href":"https:\/\/newsinfoco.com.br\/inicio\/wp-json\/wp\/v2\/posts\/1559","targetHints":{"allow":["GET"]}}],"collection":[{"href":"https:\/\/newsinfoco.com.br\/inicio\/wp-json\/wp\/v2\/posts"}],"about":[{"href":"https:\/\/newsinfoco.com.br\/inicio\/wp-json\/wp\/v2\/types\/post"}],"author":[{"embeddable":true,"href":"https:\/\/newsinfoco.com.br\/inicio\/wp-json\/wp\/v2\/users\/1"}],"replies":[{"embeddable":true,"href":"https:\/\/newsinfoco.com.br\/inicio\/wp-json\/wp\/v2\/comments?post=1559"}],"version-history":[{"count":0,"href":"https:\/\/newsinfoco.com.br\/inicio\/wp-json\/wp\/v2\/posts\/1559\/revisions"}],"wp:featuredmedia":[{"embeddable":true,"href":"https:\/\/newsinfoco.com.br\/inicio\/wp-json\/wp\/v2\/media\/1560"}],"wp:attachment":[{"href":"https:\/\/newsinfoco.com.br\/inicio\/wp-json\/wp\/v2\/media?parent=1559"}],"wp:term":[{"taxonomy":"category","embeddable":true,"href":"https:\/\/newsinfoco.com.br\/inicio\/wp-json\/wp\/v2\/categories?post=1559"},{"taxonomy":"post_tag","embeddable":true,"href":"https:\/\/newsinfoco.com.br\/inicio\/wp-json\/wp\/v2\/tags?post=1559"}],"curies":[{"name":"wp","href":"https:\/\/api.w.org\/{rel}","templated":true}]}}