{"id":15880,"date":"2019-07-30T21:11:05","date_gmt":"2019-07-31T00:11:05","guid":{"rendered":"http:\/\/newsinfoco.com.br\/?p=15880"},"modified":"2019-07-30T21:12:25","modified_gmt":"2019-07-31T00:12:25","slug":"o-pt-e-o-governador-rui-costa-nao-merecem-os-votos-de-alagoinhas-por-hugo-azi","status":"publish","type":"post","link":"https:\/\/newsinfoco.com.br\/inicio\/o-pt-e-o-governador-rui-costa-nao-merecem-os-votos-de-alagoinhas-por-hugo-azi\/","title":{"rendered":"O PT e o governador Rui Costa n\u00e3o merecem os votos de Alagoinhas &#8211; Por Hugo Azi"},"content":{"rendered":"<p style=\"text-align: justify;\">Na \u00faltima elei\u00e7\u00e3o para o executivo estadual, aqui em Alagoinhas, o atual governador, reeleito, Rui Costa (PT) teve 63,79% dos votos v\u00e1lidos, equivalente a 42.666 votos dos eleitores de nossa cidade. O seu representante eleitoral, ex-deputado Joseildo Ramos, candidato a deputado federal, teve uma vota\u00e7\u00e3o not\u00f3ria com 32,11% dos votos v\u00e1lidos, equivalente a 21.916 votos junto com Radiovaldo Costa, candidato a deputado estadual, que obteve 23,39% dos votos v\u00e1lidos, equivalente a 16.225 votos.<\/p>\n<p style=\"text-align: justify;\">N\u00e3o tenho d\u00favidas que os representantes do Partido dos Trabalhadores foram os grandes vitoriosos da \u00faltima elei\u00e7\u00e3o em 2018. S\u00f3 para ter uma ideia, a diferen\u00e7a de Radiovaldo para Paulo C\u00e9zar foi somente de 1.401 votos. Antes do dia da vota\u00e7\u00e3o tal compara\u00e7\u00e3o era improv\u00e1vel e praticamente imposs\u00edvel.<\/p><div class=\"newsi-conteudo_19\" id=\"newsi-6137173\"><a href=\"https:\/\/www.instagram.com\/prefeituraalagoinhas?igsh=YzgzdDJ1bWR3aWI4\" aria-label=\"SAVE_20251006_221555\"><img loading=\"lazy\" decoding=\"async\" src=\"https:\/\/newsinfoco.com.br\/inicio\/wp-content\/uploads\/2025\/10\/SAVE_20251006_221555-rotated.jpg\" alt=\"\"  srcset=\"https:\/\/newsinfoco.com.br\/inicio\/wp-content\/uploads\/2025\/10\/SAVE_20251006_221555-rotated.jpg 1140w, https:\/\/newsinfoco.com.br\/inicio\/wp-content\/uploads\/2025\/10\/SAVE_20251006_221555-300x52.jpg 300w, https:\/\/newsinfoco.com.br\/inicio\/wp-content\/uploads\/2025\/10\/SAVE_20251006_221555-1024x177.jpg 1024w, https:\/\/newsinfoco.com.br\/inicio\/wp-content\/uploads\/2025\/10\/SAVE_20251006_221555-768x133.jpg 768w, https:\/\/newsinfoco.com.br\/inicio\/wp-content\/uploads\/2025\/10\/SAVE_20251006_221555-600x104.jpg 600w, https:\/\/newsinfoco.com.br\/inicio\/wp-content\/uploads\/2025\/10\/SAVE_20251006_221555-696x120.jpg 696w, https:\/\/newsinfoco.com.br\/inicio\/wp-content\/uploads\/2025\/10\/SAVE_20251006_221555-1068x185.jpg 1068w\" sizes=\"(max-width: 1140px) 100vw, 1140px\" width=\"1140\" height=\"197\"   \/><\/a><\/div>\n<p style=\"text-align: justify;\">\u00c9 ineg\u00e1vel a confian\u00e7a que o eleitor alagoinhense depositou no governador Rui Costa. Escolheu reeleger seu cargo executivo e ainda potencializou ao m\u00e1ximo os votos de seus representantes legislativos na cidade.<\/p>\n<p style=\"text-align: justify;\">No entanto, os n\u00fameros da gest\u00e3o Rui Costa em Alagoinhas s\u00e3o inversamente proporcionais a confian\u00e7a destinada a ele!<\/p>\n<p style=\"text-align: justify;\">Segundo dados do Atlas da Viol\u00eancia 2018 divulgado pelo Ipea e pelo F\u00f3rum Brasileiro de Seguran\u00e7a P\u00fablica, Alagoinhas tem taxa de 81,1 assassinatos por 100 mil habitantes alcan\u00e7ando o ranking de 53\u00ba cidade mais violenta do pa\u00eds. A pesquisa faz mapeamento das mortes violentas em munic\u00edpios com mais de 100 mil habitantes. Quando s\u00e3o observadas as mortes de jovens em geral, sem distin\u00e7\u00e3o por g\u00eanero, a Bahia ainda tem n\u00fameros maiores do que a m\u00e9dia nacional: 114,3 contra 65,5 para cada 100 mil habitantes.<\/p>\n<p style=\"text-align: justify;\">Na educa\u00e7\u00e3o, Alagoinhas anda pior, a nota do IDEB \u2013 Anos finais do ensino fundamental (Rede p\u00fablica) \u00e9 3,1. Comparando a outros munic\u00edpios: No pa\u00eds, de 5570 munic\u00edpios avaliados, nossa cidade \u00e9 a 5085\u00ba. No estado, dos 417 munic\u00edpios avaliados, nossa cidade \u00e9 a 280\u00ba. A Bahia tem a nota de 3,4. Comparando a outros estados de 27, nosso estado \u00e9 o 25\u00ba.<\/p>\n<p style=\"text-align: justify;\">A Organiza\u00e7\u00e3o das Na\u00e7\u00f5es Unidas (ONU), por meio do Programa das Na\u00e7\u00f5es Unidas para o Desenvolvimento (Pnud), desenvolveu uma medida para estabelecer a qualidade de vida de uma determinada popula\u00e7\u00e3o (cidade, estado, pa\u00eds), que foi denominada \u00cdndice de Desenvolvimento Humano (IDH).<\/p>\n<p style=\"text-align: justify;\">Essa m\u00e9dia varia de 0 a 1, sendo que quanto mais pr\u00f3ximas de 1, maior o IDH de um local. O nosso estado ocupa o 19\u00b0 lugar (Bahia: 0,742) entre 27 estados. Perdemos para 12\u00b0 Amap\u00e1: 0,780.; 13\u00b0 Amazonas: 0,780.; 14\u00b0 Rond\u00f4nia: 0,756.; 15\u00b0 Tocantins: 0,756.; 16\u00b0 Par\u00e1: 0,755.; 17\u00b0 Acre: 0,751; 18\u00b0 Roraima: 0,750 e por ai vai!<\/p>\n<p style=\"text-align: justify;\">Rui Costa merece os votos de Alagoinhas?<\/p>\n<p style=\"text-align: justify;\">Podemos estender nossa conversa para o Hospital Dantas Bi\u00e3o; para a humilha\u00e7\u00e3o da falta de rabec\u00e3o na cidade; para a viol\u00eancia que s\u00f3 cresce; para falta de investimento em infraestrutura etc.<\/p>\n<p style=\"text-align: justify;\">In\u00fameras s\u00e3o as incompet\u00eancias do governador aqui em nossa cidade. A confian\u00e7a depositada n\u00e3o faz jus ao trabalho do governo e s\u00f3 quem sofre \u00e9 o povo de Alagoinhas que mendiga por sa\u00fade, educa\u00e7\u00e3o e seguran\u00e7a;<\/p>\n<p style=\"text-align: justify;\">Mas, j\u00e1 que estamos falando de confian\u00e7a, pe\u00e7o licen\u00e7a para recitar Cam\u00f5es:<\/p>\n<p style=\"text-align: justify;\">\u201cMudam-se os tempos, mudam-se as vontades,<\/p>\n<p style=\"text-align: justify;\">Muda-se o ser, muda-se a confian\u00e7a;<\/p>\n<p style=\"text-align: justify;\">Todo o mundo \u00e9 composto de mudan\u00e7a,<\/p>\n<p style=\"text-align: justify;\">Tomando sempre novas qualidades.\u201d<\/p>\n<p style=\"text-align: justify;\">E como disse T. S. Eliot dramaturgo e cr\u00edtico liter\u00e1rio ingl\u00eas em seu poema \u201cCoros da Rocha\u201d:<\/p>\n<p style=\"text-align: justify;\">\u201cTodo homem ao seu trabalho\u201d<\/p>\n<p style=\"text-align: justify;\">PORTANTO, MAIS CIDADANIA E MENOS PROPAGANDA!<\/p>\n<p style=\"text-align: justify;\"><strong>Hugo Azi \u00e9 advogado formado pela faculdade Ruy Barbosa, P\u00f3s-graduado em Direito Empresarial pela FGV\/SP, membro da comiss\u00e3o de Direito Empresaria da OAB\/BA e do Instituto Brasileiro de Recupera\u00e7\u00e3o de Empresas, al\u00e9m de ser colunista do site News Infoco.<\/strong><\/p>\n<div class=\"share-to-whatsapp-wrapper\"><\/div>\n<div class=\"share-to-whatsapp-wrapper\"><\/div>\n<div class=\"share-to-whatsapp-wrapper\"><\/div>\n<div class=\"share-to-whatsapp-wrapper\"><\/div>\n<div class=\"share-to-whatsapp-wrapper\"><\/div>\n<div class=\"share-to-whatsapp-wrapper\"><\/div>\n<div class=\"share-to-whatsapp-wrapper\"><\/div>\n<div class=\"share-to-whatsapp-wrapper\"><\/div>\n<div class=\"share-to-whatsapp-wrapper\"><\/div>\n<div class=\"share-to-whatsapp-wrapper\"><\/div>\n<div class=\"share-to-whatsapp-wrapper\"><\/div>\n<div class='share-to-whatsapp-wrapper'><div class='share-on-whsp'>Share on: <\/div><a data-text='O PT e o governador Rui Costa n\u00e3o merecem os votos de Alagoinhas - Por Hugo Azi' data-link='https:\/\/newsinfoco.com.br\/inicio\/o-pt-e-o-governador-rui-costa-nao-merecem-os-votos-de-alagoinhas-por-hugo-azi\/' class='whatsapp-button whatsapp-share'>WhatsApp<\/a><div class='clear '><\/div><\/div>","protected":false},"excerpt":{"rendered":"<p>Na \u00faltima elei\u00e7\u00e3o para o executivo estadual, aqui em Alagoinhas, o atual governador, reeleito, Rui Costa (PT) teve 63,79% dos votos v\u00e1lidos, equivalente a 42.666 votos dos eleitores de nossa cidade. O seu representante eleitoral, ex-deputado Joseildo Ramos, candidato a deputado federal, teve uma vota\u00e7\u00e3o not\u00f3ria com 32,11% dos votos v\u00e1lidos, equivalente a 21.916 votos [&hellip;]<\/p>\n","protected":false},"author":1,"featured_media":13096,"comment_status":"open","ping_status":"open","sticky":false,"template":"","format":"standard","meta":{"om_disable_all_campaigns":false,"_exactmetrics_skip_tracking":false,"_exactmetrics_sitenote_active":false,"_exactmetrics_sitenote_note":"","_exactmetrics_sitenote_category":0,"footnotes":""},"categories":[162],"tags":[],"class_list":["post-15880","post","type-post","status-publish","format-standard","has-post-thumbnail","hentry","category-opiniao-dr-hugo-azi"],"aioseo_notices":[],"_links":{"self":[{"href":"https:\/\/newsinfoco.com.br\/inicio\/wp-json\/wp\/v2\/posts\/15880","targetHints":{"allow":["GET"]}}],"collection":[{"href":"https:\/\/newsinfoco.com.br\/inicio\/wp-json\/wp\/v2\/posts"}],"about":[{"href":"https:\/\/newsinfoco.com.br\/inicio\/wp-json\/wp\/v2\/types\/post"}],"author":[{"embeddable":true,"href":"https:\/\/newsinfoco.com.br\/inicio\/wp-json\/wp\/v2\/users\/1"}],"replies":[{"embeddable":true,"href":"https:\/\/newsinfoco.com.br\/inicio\/wp-json\/wp\/v2\/comments?post=15880"}],"version-history":[{"count":0,"href":"https:\/\/newsinfoco.com.br\/inicio\/wp-json\/wp\/v2\/posts\/15880\/revisions"}],"wp:featuredmedia":[{"embeddable":true,"href":"https:\/\/newsinfoco.com.br\/inicio\/wp-json\/wp\/v2\/media\/13096"}],"wp:attachment":[{"href":"https:\/\/newsinfoco.com.br\/inicio\/wp-json\/wp\/v2\/media?parent=15880"}],"wp:term":[{"taxonomy":"category","embeddable":true,"href":"https:\/\/newsinfoco.com.br\/inicio\/wp-json\/wp\/v2\/categories?post=15880"},{"taxonomy":"post_tag","embeddable":true,"href":"https:\/\/newsinfoco.com.br\/inicio\/wp-json\/wp\/v2\/tags?post=15880"}],"curies":[{"name":"wp","href":"https:\/\/api.w.org\/{rel}","templated":true}]}}