{"id":16289,"date":"2019-08-13T18:26:01","date_gmt":"2019-08-13T21:26:01","guid":{"rendered":"http:\/\/newsinfoco.com.br\/?p=16289"},"modified":"2019-08-13T19:21:22","modified_gmt":"2019-08-13T22:21:22","slug":"paulo-cezar-sera-candidato-e-se-depender-da-postura-de-seus-adversarios-se-trata-de-uma-vitoria-anunciada-por-hugo-azi","status":"publish","type":"post","link":"https:\/\/newsinfoco.com.br\/inicio\/paulo-cezar-sera-candidato-e-se-depender-da-postura-de-seus-adversarios-se-trata-de-uma-vitoria-anunciada-por-hugo-azi\/","title":{"rendered":"Paulo Cezar ser\u00e1 candidato&#8230; e se depender da postura de seus advers\u00e1rios se trata de uma vit\u00f3ria anunciada &#8211; Por Hugo Azi"},"content":{"rendered":"<p style=\"text-align: justify;\">Semana passada aconteceram eventos de filia\u00e7\u00f5es partid\u00e1rias dos pr\u00e9-candidatos \u00e0 prefeitura de Alagoinhas. O DEM botou as cartas na mesa e anunciou Fabr\u00edcio Faro como postulante ao cargo executivo. O PRB tamb\u00e9m entrou no jogo e al\u00e7ou o presidente da C\u00e2mara Roberto Torres como pretendente a trocar o legislativo para o maior cargo executivo da cidade.<\/p>\n<p style=\"text-align: justify;\">Outros partidos j\u00e1 t\u00eam pr\u00e9-definidos os nomes para o cargo de prefeito: Luciano Sergio \u00e9 o pr\u00e9-candidato do PT, Joaquim Neto \u00e9 pr\u00e9-candidato a reelei\u00e7\u00e3o pelo PSD. Ou\u00e7o conjecturas que Tonho Rato seria pr\u00e9-candidato pelo PDT (mas nada fact\u00edvel). E, ao longo da corrida eleitoral, outros nomes ir\u00e3o aparecer como pleiteantes ao cargo executivo.<\/p><div class=\"newsi-conteudo_19\" id=\"newsi-1435566034\"><a href=\"https:\/\/www.instagram.com\/prefeituraalagoinhas?igsh=YzgzdDJ1bWR3aWI4\" aria-label=\"SAVE_20251006_221555\"><img loading=\"lazy\" decoding=\"async\" src=\"https:\/\/newsinfoco.com.br\/inicio\/wp-content\/uploads\/2025\/10\/SAVE_20251006_221555-rotated.jpg\" alt=\"\"  srcset=\"https:\/\/newsinfoco.com.br\/inicio\/wp-content\/uploads\/2025\/10\/SAVE_20251006_221555-rotated.jpg 1140w, https:\/\/newsinfoco.com.br\/inicio\/wp-content\/uploads\/2025\/10\/SAVE_20251006_221555-300x52.jpg 300w, https:\/\/newsinfoco.com.br\/inicio\/wp-content\/uploads\/2025\/10\/SAVE_20251006_221555-1024x177.jpg 1024w, https:\/\/newsinfoco.com.br\/inicio\/wp-content\/uploads\/2025\/10\/SAVE_20251006_221555-768x133.jpg 768w, https:\/\/newsinfoco.com.br\/inicio\/wp-content\/uploads\/2025\/10\/SAVE_20251006_221555-600x104.jpg 600w, https:\/\/newsinfoco.com.br\/inicio\/wp-content\/uploads\/2025\/10\/SAVE_20251006_221555-696x120.jpg 696w, https:\/\/newsinfoco.com.br\/inicio\/wp-content\/uploads\/2025\/10\/SAVE_20251006_221555-1068x185.jpg 1068w\" sizes=\"(max-width: 1140px) 100vw, 1140px\" width=\"1140\" height=\"197\"   \/><\/a><\/div>\n<p style=\"text-align: justify;\">O leitor mais atento perceber\u00e1 que deixei um nome de fora dessa pequena lista acima. O nome de Paulo Cezar! N\u00e3o esqueci do ex-prefeito, o deixei de fora do resumo supracitado, pois ele \u00e9 o protagonista do meu artigo de hoje.<\/p>\n<p style=\"text-align: justify;\">Paulo foi candidato ao cargo de Deputado Estadual na Bahia pelo PRP, obteve 26.734 votos totalizados, 17.626 somente em Alagoinhas, foi o deputado estadual mais votado da cidade, mas perdeu a elei\u00e7\u00e3o.<\/p>\n<p style=\"text-align: justify;\">A poss\u00edvel candidatura de Paulo C\u00e9zar a prefeito de Alagoinhas \u00e9 obstaculizada por A\u00e7\u00e3o Penal que tramita na Vara Federal aqui da cidade e que pode tornar ineleg\u00edvel seu nome para qualquer pleito eleitoral. \u00a0A Lei da Ficha Limpa, resumidamente, torna ineleg\u00edvel o candidato que foi \u201ccondenado, <strong><em><b><i>em decis\u00e3o transitada em julgado ou proferida por \u00f3rg\u00e3o judicial colegiado<\/i><\/b><\/em><\/strong>, desde a condena\u00e7\u00e3o at\u00e9 o transcurso do prazo de 8 (oito) anos.\u201d<\/p>\n<p style=\"text-align: justify;\">Para ser sincero com os leitores do site News InFoco, o ex-prefeito Paulo Cezar ser\u00e1 candidato! A lei prev\u00ea a inelegibilidade ap\u00f3s <strong><em><b><i>\u201cdecis\u00e3o transitada em julgado ou proferida por \u00f3rg\u00e3o judicial colegiado\u201d, <\/i><\/b><\/em><\/strong>ou seja, a A\u00e7\u00e3o Penal ainda est\u00e1 em fase probat\u00f3ria (an\u00e1lise de provas e audi\u00eancias) da primeira inst\u00e2ncia. O processo precisa ainda passar para segunda instancia (tribunal colegiado) e, a\u00ed sim, o ex-prefeito ser condenado neste tribunal colegiado para ser enquadrado na Lei da Ficha Limpa.<\/p>\n<p style=\"text-align: justify;\">Isto quer dizer que, aliado a morosidade da justi\u00e7a e a habilidade dos advogados, Paulo Cezar disputar\u00e1 as elei\u00e7\u00f5es de 2020 para prefeito!<\/p>\n<p style=\"text-align: justify;\">Passando pelo obst\u00e1culo legal que impediria sua candidatura, passamos a analisar as nuances da campanha de Paulo. Ousado como lhe \u00e9 de praxe, Paulo Cezar passou a frequentar os eventos de filia\u00e7\u00e3o dos pr\u00e9-candidatos ditos \u201camigos\u201d. Recebendo uma recep\u00e7\u00e3o inusitadamente calorosa dos seus poss\u00edveis advers\u00e1rios Roberto Torres e Fabr\u00edcio Faro. Em seus discursos, o ex-prefeito ataca a gest\u00e3o atual de Joaquim Neto de todas as formas, o chama de \u201cinimigo de Alagoinhas\u201d e detalha as diversas falhas no governo municipal atual.<\/p>\n<p style=\"text-align: justify;\">No entanto, o que mais me impressiona \u00e9 a receptividade dos seus discursos por parte de advers\u00e1rios e do povo da cidade. Quem frequenta esses momentos pol\u00edticos percebem dos seus \u201cadvers\u00e1rios\u201d do DEM e do PRB aplausos, sorrisos e congratula\u00e7\u00f5es de seus feitos pela cidade enquanto mandat\u00e1rio executivo.<\/p>\n<p style=\"text-align: justify;\">Essa situa\u00e7\u00e3o pol\u00edtica de Alagoinhas me fez lembrar um livro que li a muito tempo chamado de Cr\u00f4nica de uma Morte Anunciada. Escrito por Gabriel Garc\u00eda M\u00e1rquez, publicado em 1981, conta, na forma de uma reconstru\u00e7\u00e3o jornal\u00edstica, o \u00faltimo dia de vida de Santiago Nasar, num quebra-cabe\u00e7as envolvente cujas pe\u00e7as v\u00e3o se encaixando pouco a pouco atrav\u00e9s da superposi\u00e7\u00e3o das vers\u00f5es de testemunhas que estiveram pr\u00f3ximas ao protagonista. \u00c9 a hist\u00f3ria do assassinato de Santiago Nasar pelos dois irm\u00e3os, sem chance de defesa. No romance, quase todos os habitantes do lugarejo onde vive Santiago, ficam sabendo do homic\u00eddio premeditado algumas horas antes (da\u00ed o t\u00edtulo), mas n\u00e3o fazem nada de concreto para proteger a v\u00edtima ou impedir os algozes.<\/p>\n<p style=\"text-align: justify;\">Voltando para nossa realidade atual, vejo Alagoinhas rendida e at\u00f4nita com a perspic\u00e1cia e habilidade de Paulo Cezar em angariar apoiadores e votos como se numa vit\u00f3ria j\u00e1 anunciada!<\/p>\n<p style=\"text-align: justify;\">Encerro meu presente artigo com uma passagem do mesmo livro que resume minha vis\u00e3o da campanha e da elei\u00e7\u00e3o municipal em 2020:<\/p>\n<p style=\"text-align: justify;\"><em><i>Ent\u00e3o contou-lhe. &#8220;Mas foi como se j\u00e1 soubesse&#8221;, disse-me. &#8220;Foi a mesma cena de sempre, uma pessoa come\u00e7a a contar-lhe uma coisa e antes de chegar \u00e0 metade da hist\u00f3ria j\u00e1 ela sabe como termina.&#8221;<\/i><\/em><\/p>\n<p style=\"text-align: justify;\"><strong>Hugo Azi \u00e9 advogado formado pela faculdade Ruy Barbosa, P\u00f3s-graduado em Direito Empresarial pela FGV\/SP, membro da comiss\u00e3o de Direito Empresaria da OAB\/BA e do Instituto Brasileiro de Recupera\u00e7\u00e3o de Empresas, al\u00e9m de ser colunista do site News Infoco.<\/strong><\/p>\n<div class=\"share-to-whatsapp-wrapper\"><\/div>\n<div class=\"share-to-whatsapp-wrapper\"><\/div>\n<div class=\"share-to-whatsapp-wrapper\"><\/div>\n<div class=\"share-to-whatsapp-wrapper\"><\/div>\n<div class=\"share-to-whatsapp-wrapper\"><\/div>\n<div class=\"share-to-whatsapp-wrapper\"><\/div>\n<div class=\"share-to-whatsapp-wrapper\"><\/div>\n<div class=\"share-to-whatsapp-wrapper\"><\/div>\n<div class=\"share-to-whatsapp-wrapper\"><\/div>\n<div class=\"share-to-whatsapp-wrapper\"><\/div>\n<div class=\"share-to-whatsapp-wrapper\"><\/div>\n<div class=\"share-to-whatsapp-wrapper\"><\/div>\n<div class=\"share-to-whatsapp-wrapper\"><\/div>\n<div class='share-to-whatsapp-wrapper'><div class='share-on-whsp'>Share on: <\/div><a data-text='Paulo Cezar ser\u00e1 candidato... e se depender da postura de seus advers\u00e1rios se trata de uma vit\u00f3ria anunciada - Por Hugo Azi' data-link='https:\/\/newsinfoco.com.br\/inicio\/paulo-cezar-sera-candidato-e-se-depender-da-postura-de-seus-adversarios-se-trata-de-uma-vitoria-anunciada-por-hugo-azi\/' class='whatsapp-button whatsapp-share'>WhatsApp<\/a><div class='clear '><\/div><\/div>","protected":false},"excerpt":{"rendered":"<p>Semana passada aconteceram eventos de filia\u00e7\u00f5es partid\u00e1rias dos pr\u00e9-candidatos \u00e0 prefeitura de Alagoinhas. O DEM botou as cartas na mesa e anunciou Fabr\u00edcio Faro como postulante ao cargo executivo. O PRB tamb\u00e9m entrou no jogo e al\u00e7ou o presidente da C\u00e2mara Roberto Torres como pretendente a trocar o legislativo para o maior cargo executivo da [&hellip;]<\/p>\n","protected":false},"author":1,"featured_media":13096,"comment_status":"open","ping_status":"open","sticky":false,"template":"","format":"standard","meta":{"om_disable_all_campaigns":false,"_exactmetrics_skip_tracking":false,"_exactmetrics_sitenote_active":false,"_exactmetrics_sitenote_note":"","_exactmetrics_sitenote_category":0,"footnotes":""},"categories":[162],"tags":[],"class_list":["post-16289","post","type-post","status-publish","format-standard","has-post-thumbnail","hentry","category-opiniao-dr-hugo-azi"],"aioseo_notices":[],"_links":{"self":[{"href":"https:\/\/newsinfoco.com.br\/inicio\/wp-json\/wp\/v2\/posts\/16289","targetHints":{"allow":["GET"]}}],"collection":[{"href":"https:\/\/newsinfoco.com.br\/inicio\/wp-json\/wp\/v2\/posts"}],"about":[{"href":"https:\/\/newsinfoco.com.br\/inicio\/wp-json\/wp\/v2\/types\/post"}],"author":[{"embeddable":true,"href":"https:\/\/newsinfoco.com.br\/inicio\/wp-json\/wp\/v2\/users\/1"}],"replies":[{"embeddable":true,"href":"https:\/\/newsinfoco.com.br\/inicio\/wp-json\/wp\/v2\/comments?post=16289"}],"version-history":[{"count":0,"href":"https:\/\/newsinfoco.com.br\/inicio\/wp-json\/wp\/v2\/posts\/16289\/revisions"}],"wp:featuredmedia":[{"embeddable":true,"href":"https:\/\/newsinfoco.com.br\/inicio\/wp-json\/wp\/v2\/media\/13096"}],"wp:attachment":[{"href":"https:\/\/newsinfoco.com.br\/inicio\/wp-json\/wp\/v2\/media?parent=16289"}],"wp:term":[{"taxonomy":"category","embeddable":true,"href":"https:\/\/newsinfoco.com.br\/inicio\/wp-json\/wp\/v2\/categories?post=16289"},{"taxonomy":"post_tag","embeddable":true,"href":"https:\/\/newsinfoco.com.br\/inicio\/wp-json\/wp\/v2\/tags?post=16289"}],"curies":[{"name":"wp","href":"https:\/\/api.w.org\/{rel}","templated":true}]}}