{"id":16695,"date":"2019-08-28T18:13:56","date_gmt":"2019-08-28T21:13:56","guid":{"rendered":"http:\/\/newsinfoco.com.br\/?p=16695"},"modified":"2019-08-28T18:15:35","modified_gmt":"2019-08-28T21:15:35","slug":"o-sistema-contra-ataca-anulacao-de-sentenca-de-moro-pelo-stf-e-um-perigo-a-lava-jato-por-hugo-azi","status":"publish","type":"post","link":"https:\/\/newsinfoco.com.br\/inicio\/o-sistema-contra-ataca-anulacao-de-sentenca-de-moro-pelo-stf-e-um-perigo-a-lava-jato-por-hugo-azi\/","title":{"rendered":"O Sistema contra-ataca! Anula\u00e7\u00e3o de senten\u00e7a de Moro pelo STF \u00e9 um perigo \u00e0 Lava Jato &#8211; Por Hugo Azi"},"content":{"rendered":"<p style=\"text-align: justify;\">A 2\u00aa turma do STF anulou nesta ter\u00e7a-feira, 27, decis\u00e3o que condenou o ex-presidente da Petrobras Aldemir Bendine por corrup\u00e7\u00e3o passiva e lavagem de dinheiro. A condena\u00e7\u00e3o havia sido imposta pelo ex-juiz Federal Sergio Moro, no \u00e2mbito da opera\u00e7\u00e3o Lava Jato. Para a maioria dos ministros da 2\u00aa turma, houve cerceamento da defesa na an\u00e1lise do caso.<\/p>\n<p style=\"text-align: justify;\">Entenda o processo. O ju\u00edzo da 13\u00aa vara Criminal Federal de Curitiba\/PR, ao concluir a instru\u00e7\u00e3o, abriu prazo comum para que os corr\u00e9us (delatores e n\u00e3o delatores) apresentassem suas alega\u00e7\u00f5es finais. A defesa do executivo Bendine pediu que seu cliente pudesse apresentar sua manifesta\u00e7\u00e3o ap\u00f3s os colaboradores, com o argumento de que a abertura de prazo comum, e n\u00e3o sucessivo, para colaboradores e n\u00e3o colaboradores traria preju\u00edzos a seu cliente. O pedido, no entanto, foi negado.<\/p><div class=\"newsi-conteudo_19\" id=\"newsi-1352468323\"><a href=\"https:\/\/www.instagram.com\/prefeituraalagoinhas?igsh=YzgzdDJ1bWR3aWI4\" aria-label=\"SAVE_20251006_221555\"><img loading=\"lazy\" decoding=\"async\" src=\"https:\/\/newsinfoco.com.br\/inicio\/wp-content\/uploads\/2025\/10\/SAVE_20251006_221555-rotated.jpg\" alt=\"\"  srcset=\"https:\/\/newsinfoco.com.br\/inicio\/wp-content\/uploads\/2025\/10\/SAVE_20251006_221555-rotated.jpg 1140w, https:\/\/newsinfoco.com.br\/inicio\/wp-content\/uploads\/2025\/10\/SAVE_20251006_221555-300x52.jpg 300w, https:\/\/newsinfoco.com.br\/inicio\/wp-content\/uploads\/2025\/10\/SAVE_20251006_221555-1024x177.jpg 1024w, https:\/\/newsinfoco.com.br\/inicio\/wp-content\/uploads\/2025\/10\/SAVE_20251006_221555-768x133.jpg 768w, https:\/\/newsinfoco.com.br\/inicio\/wp-content\/uploads\/2025\/10\/SAVE_20251006_221555-600x104.jpg 600w, https:\/\/newsinfoco.com.br\/inicio\/wp-content\/uploads\/2025\/10\/SAVE_20251006_221555-696x120.jpg 696w, https:\/\/newsinfoco.com.br\/inicio\/wp-content\/uploads\/2025\/10\/SAVE_20251006_221555-1068x185.jpg 1068w\" sizes=\"(max-width: 1140px) 100vw, 1140px\" width=\"1140\" height=\"197\"   \/><\/a><\/div>\n<p style=\"text-align: justify;\">Os advogados do Aldemir Bendine queriam ter a possibilidade de rebater as dela\u00e7\u00f5es dos outros r\u00e9us no momento final do processo de 1 inst\u00e2ncia. Segundo o advogado, o acusado tem o direito de falar por \u00faltimo, independentemente de onde vier a acusa\u00e7\u00e3o, sob pena de configura\u00e7\u00e3o do cerceamento de defesa. Lembrou ainda que a condena\u00e7\u00e3o foi confirmada, com redu\u00e7\u00e3o de pena, pelo TRF da 4\u00aa regi\u00e3o, sem acolhimento da quest\u00e3o trazida no Habeas Corpus impetrado no Supremo.<\/p>\n<p style=\"text-align: justify;\">Em nota, a for\u00e7a-tarefa da opera\u00e7\u00e3o Lava Jato em Curitiba manifestou preocupa\u00e7\u00e3o com a decis\u00e3o. Para os procuradores, os ministros do STF estabeleceram uma interpreta\u00e7\u00e3o que, se for aplicada nos demais casos da Lava Jato, &#8220;poder\u00e1 anular praticamente todas as condena\u00e7\u00f5es, com a consequente prescri\u00e7\u00e3o de v\u00e1rios crimes e liberta\u00e7\u00e3o de r\u00e9us presos&#8221;.<\/p>\n<p style=\"text-align: justify;\">Confira a \u00edntegra da nota: <em><i>\u201cA for\u00e7a-tarefa da opera\u00e7\u00e3o Lava Jato em Curitiba externa imensa preocupa\u00e7\u00e3o em rela\u00e7\u00e3o \u00e0 decis\u00e3o proferida hoje pela 2\u00aa Turma do Supremo Tribunal Federal, que anulou a senten\u00e7a do caso Aldemir Bendine. Por maioria, os julgadores entenderam que r\u00e9us delatados devem ter o direito de se manifestar, ao final do processo, ap\u00f3s a defesa dos r\u00e9us colaboradores. Os Ministros estabeleceram uma nova interpreta\u00e7\u00e3o que, se for aplicada como nova regra, vai alterar entendimentos pac\u00edficos sobre princ\u00edpios como o da ampla defesa. Contudo, essa nova regra n\u00e3o est\u00e1 prevista no C\u00f3digo de Processo Penal ou na lei que regulamentou as dela\u00e7\u00f5es premiadas. Se o entendimento for aplicado nos demais casos da opera\u00e7\u00e3o Lava Jato, poder\u00e1 anular praticamente todas as condena\u00e7\u00f5es, com a consequente prescri\u00e7\u00e3o de v\u00e1rios crimes e liberta\u00e7\u00e3o de r\u00e9us presos. A for\u00e7a-tarefa expressa sua confian\u00e7a de que o Supremo Tribunal Federal reavaliar\u00e1 esse tema, modulando os efeitos da decis\u00e3o.\u201d<\/i><\/em><\/p>\n<p style=\"text-align: justify;\">Pois bem, caros leitores, o C\u00f3digo de Processo Penal prev\u00ea que os r\u00e9us sejam ouvidos por \u00faltimo! \u00a0Sem qualquer distin\u00e7\u00e3o se o r\u00e9u \u00e9 colaborador (delator) ou n\u00e3o. A mudan\u00e7a de entendimento do Supremo Tribunal Federal vem, coincidentemente, na mesma hora que o, hoje ministro, ex-juiz S\u00e9rgio Moro come\u00e7a a ter sua imagem maculada com os vazamentos de conversas sobre a opera\u00e7\u00e3o Lava-Jato e sua atua\u00e7\u00e3o em poss\u00edvel discord\u00e2ncia com o presidente Bolsonaro sobre os cargos de chefia da Pol\u00edcia Federal.<\/p>\n<p style=\"text-align: justify;\">Os ministros da 2 turma que votaram para anula\u00e7\u00e3o do processo, com o retorno de todos os atos e soltura do r\u00e9u ex-presidente da Petrobras Aldemir Bendine, quais sejam: Ricardo Lewandowski, Gilmar Mendes e Carmen L\u00facia, podem abrir uma brecha para a anula\u00e7\u00e3o da grande maioria dos condenados pela Lava-Jato!<\/p>\n<p style=\"text-align: justify;\">Imaginem voc\u00eas, as figuras de Lula, S\u00e9rgio Cabral, Eduardo Cunha, dentro v\u00e1rios outros presos pela Lava-Jato, todos soltos e tendo sua senten\u00e7a anulado simplesmente pela mudan\u00e7a de entendimento dos ministros do Supremo? Mais ainda, imagine a impossibilidade desses criminosos n\u00e3o cumprirem suas penas pela prescri\u00e7\u00e3o de seus crimes?<\/p>\n<p style=\"text-align: justify;\">Ningu\u00e9m pode mudar as regras do jogo enquanto ele est\u00e1 em andamento. Anular senten\u00e7as com robustas provas e confirmadas em duas inst\u00e2ncias por mero detalhe burocr\u00e1tico que nunca tinha sido discutido \u00e9, no m\u00ednimo, perigoso para a seguran\u00e7a jur\u00eddica do pa\u00eds.<\/p>\n<p style=\"text-align: justify;\">Ou esses ministros n\u00e3o vivem a realidade do Brasil ou s\u00e3o mal-intencionados!<\/p>\n<p style=\"text-align: justify;\">Depois de toda euforia por ter vencido a batalha contra a corrup\u00e7\u00e3o da Petrobr\u00e1s, nos deparamos com o reerguimento do inimigo. O SISTEMA CONTRA-ATACA!<\/p>\n<p style=\"text-align: justify;\"><strong>Hugo Azi \u00e9 advogado formado pela faculdade Ruy Barbosa, P\u00f3s-graduado em Direito Empresarial pela FGV\/SP, membro da comiss\u00e3o de Direito Empresaria da OAB\/BA e do Instituto Brasileiro de Recupera\u00e7\u00e3o de Empresas, al\u00e9m de ser colunista do site News Infoco.<\/strong><\/p>\n<div class='share-to-whatsapp-wrapper'><div class='share-on-whsp'>Share on: <\/div><a data-text='O Sistema contra-ataca! Anula\u00e7\u00e3o de senten\u00e7a de Moro pelo STF \u00e9 um perigo \u00e0 Lava Jato - Por Hugo Azi' data-link='https:\/\/newsinfoco.com.br\/inicio\/o-sistema-contra-ataca-anulacao-de-sentenca-de-moro-pelo-stf-e-um-perigo-a-lava-jato-por-hugo-azi\/' class='whatsapp-button whatsapp-share'>WhatsApp<\/a><div class='clear '><\/div><\/div>","protected":false},"excerpt":{"rendered":"<p>A 2\u00aa turma do STF anulou nesta ter\u00e7a-feira, 27, decis\u00e3o que condenou o ex-presidente da Petrobras Aldemir Bendine por corrup\u00e7\u00e3o passiva e lavagem de dinheiro. A condena\u00e7\u00e3o havia sido imposta pelo ex-juiz Federal Sergio Moro, no \u00e2mbito da opera\u00e7\u00e3o Lava Jato. Para a maioria dos ministros da 2\u00aa turma, houve cerceamento da defesa na an\u00e1lise [&hellip;]<\/p>\n","protected":false},"author":1,"featured_media":13096,"comment_status":"open","ping_status":"open","sticky":false,"template":"","format":"standard","meta":{"om_disable_all_campaigns":false,"_exactmetrics_skip_tracking":false,"_exactmetrics_sitenote_active":false,"_exactmetrics_sitenote_note":"","_exactmetrics_sitenote_category":0,"footnotes":""},"categories":[162],"tags":[],"class_list":["post-16695","post","type-post","status-publish","format-standard","has-post-thumbnail","hentry","category-opiniao-dr-hugo-azi"],"aioseo_notices":[],"_links":{"self":[{"href":"https:\/\/newsinfoco.com.br\/inicio\/wp-json\/wp\/v2\/posts\/16695","targetHints":{"allow":["GET"]}}],"collection":[{"href":"https:\/\/newsinfoco.com.br\/inicio\/wp-json\/wp\/v2\/posts"}],"about":[{"href":"https:\/\/newsinfoco.com.br\/inicio\/wp-json\/wp\/v2\/types\/post"}],"author":[{"embeddable":true,"href":"https:\/\/newsinfoco.com.br\/inicio\/wp-json\/wp\/v2\/users\/1"}],"replies":[{"embeddable":true,"href":"https:\/\/newsinfoco.com.br\/inicio\/wp-json\/wp\/v2\/comments?post=16695"}],"version-history":[{"count":0,"href":"https:\/\/newsinfoco.com.br\/inicio\/wp-json\/wp\/v2\/posts\/16695\/revisions"}],"wp:featuredmedia":[{"embeddable":true,"href":"https:\/\/newsinfoco.com.br\/inicio\/wp-json\/wp\/v2\/media\/13096"}],"wp:attachment":[{"href":"https:\/\/newsinfoco.com.br\/inicio\/wp-json\/wp\/v2\/media?parent=16695"}],"wp:term":[{"taxonomy":"category","embeddable":true,"href":"https:\/\/newsinfoco.com.br\/inicio\/wp-json\/wp\/v2\/categories?post=16695"},{"taxonomy":"post_tag","embeddable":true,"href":"https:\/\/newsinfoco.com.br\/inicio\/wp-json\/wp\/v2\/tags?post=16695"}],"curies":[{"name":"wp","href":"https:\/\/api.w.org\/{rel}","templated":true}]}}