{"id":17041,"date":"2019-09-11T20:08:06","date_gmt":"2019-09-11T23:08:06","guid":{"rendered":"http:\/\/newsinfoco.com.br\/?p=17041"},"modified":"2019-09-11T20:08:06","modified_gmt":"2019-09-11T23:08:06","slug":"prefeitura-atinge-a-marca-de-1-000-mudas-plantadas-no-aterro-sanitario-de-alagoinhas","status":"publish","type":"post","link":"https:\/\/newsinfoco.com.br\/inicio\/prefeitura-atinge-a-marca-de-1-000-mudas-plantadas-no-aterro-sanitario-de-alagoinhas\/","title":{"rendered":"Prefeitura atinge a marca de 1.000 mudas plantadas no Aterro Sanit\u00e1rio de Alagoinhas"},"content":{"rendered":"<p style=\"text-align: justify;\">A Prefeitura finalizou, na \u00faltima ter\u00e7a-feira (10), o plantio de novas mudas no Aterro Sanit\u00e1rio de Alagoinhas, atingindo a marca hist\u00f3rica de mil esp\u00e9cies, em uma iniciativa da gest\u00e3o municipal que tem como foco os valores ambientais, a preserva\u00e7\u00e3o, a recomposi\u00e7\u00e3o de \u00e1reas verdes e o equil\u00edbrio do solo.<\/p>\n<p style=\"text-align: justify;\">As esp\u00e9cies nativas e ex\u00f3ticas foram doadas pela Secretaria Municipal de Desenvolvimento Econ\u00f4mico e Meio Ambiente (SEDEA), que uniu esfor\u00e7os \u00e0 Secretaria de Servi\u00e7os P\u00fablicos (SESEP) para executar o plantio planejado, concretizando o compromisso firmado no intuito de manter o aterro funcionando segundo as normas t\u00e9cnicas preconizadas e estabelecidas pelos \u00f3rg\u00e3os ambientais.<\/p><div class=\"newsi-conteudo_19\" id=\"newsi-4153268732\"><a href=\"https:\/\/www.instagram.com\/prefeituraalagoinhas?igsh=YzgzdDJ1bWR3aWI4\" aria-label=\"SAVE_20251006_221555\"><img loading=\"lazy\" decoding=\"async\" src=\"https:\/\/newsinfoco.com.br\/inicio\/wp-content\/uploads\/2025\/10\/SAVE_20251006_221555-rotated.jpg\" alt=\"\"  srcset=\"https:\/\/newsinfoco.com.br\/inicio\/wp-content\/uploads\/2025\/10\/SAVE_20251006_221555-rotated.jpg 1140w, https:\/\/newsinfoco.com.br\/inicio\/wp-content\/uploads\/2025\/10\/SAVE_20251006_221555-300x52.jpg 300w, https:\/\/newsinfoco.com.br\/inicio\/wp-content\/uploads\/2025\/10\/SAVE_20251006_221555-1024x177.jpg 1024w, https:\/\/newsinfoco.com.br\/inicio\/wp-content\/uploads\/2025\/10\/SAVE_20251006_221555-768x133.jpg 768w, https:\/\/newsinfoco.com.br\/inicio\/wp-content\/uploads\/2025\/10\/SAVE_20251006_221555-600x104.jpg 600w, https:\/\/newsinfoco.com.br\/inicio\/wp-content\/uploads\/2025\/10\/SAVE_20251006_221555-696x120.jpg 696w, https:\/\/newsinfoco.com.br\/inicio\/wp-content\/uploads\/2025\/10\/SAVE_20251006_221555-1068x185.jpg 1068w\" sizes=\"(max-width: 1140px) 100vw, 1140px\" width=\"1140\" height=\"197\"   \/><\/a><\/div>\n<p style=\"text-align: justify;\">Encontrado pela gest\u00e3o atual em situa\u00e7\u00e3o de abandono e caracter\u00edsticas de lix\u00e3o, o Aterro Sanit\u00e1rio de Alagoinhas, que passou por avan\u00e7os significativos, com a constru\u00e7\u00e3o de uma nova c\u00e9lula, e est\u00e1 agora de \u201ccara nova\u201d, com condi\u00e7\u00f5es adequadas para a destina\u00e7\u00e3o de res\u00edduos, tem tamb\u00e9m um n\u00famero representativo de plantas que principiam o que deve ser um grande cintur\u00e3o verde no local.<\/p>\n<p style=\"text-align: justify;\">\u201c90% das esp\u00e9cies plantadas s\u00e3o de Mata Atl\u00e2ntica, ideais para a arboriza\u00e7\u00e3o em aterros em geral. 10% do artesanal das esp\u00e9cies que compuseram as mil mudas s\u00e3o ex\u00f3ticas, como as palmeiras, j\u00e1 que existe tamb\u00e9m um projeto de paisagismo. Ent\u00e3o temos aqui aroeirinha, ip\u00ea amarelo, ip\u00ea branco e uma diversidade de esp\u00e9cies vegetais. Al\u00e9m de dificultar a chegada de odor no entorno, essas plantas contribuem para diminuir o n\u00edvel de eros\u00e3o e vo\u00e7orocas. Hoje o mundo clama pela responsabilidade da prote\u00e7\u00e3o ambiental e a cidade da \u00e1gua tem adotado solu\u00e7\u00f5es sustent\u00e1veis, honrando esse compromisso\u201d, pontuou o secret\u00e1rio municipal de desenvolvimento econ\u00f4mico e meio ambiente, Jos\u00e9 Ed\u00e9sio Cardoso.<\/p>\n<p style=\"text-align: justify;\">O secret\u00e1rio municipal de servi\u00e7os p\u00fablicos, Andr\u00e9 Barros, salientou que \u201cpreservar \u00e9 a chave para manter o equil\u00edbrio ambiental\u201d e destacou que a recomposi\u00e7\u00e3o de vegeta\u00e7\u00e3o no entorno do aterro, que come\u00e7ou em maio e atingiu as mil mudas, esta semana, favorece a recupera\u00e7\u00e3o de \u00e1reas degradadas pela disposi\u00e7\u00e3o de res\u00edduos e traz melhorias efetivas para a estrutura\u00e7\u00e3o do solo.<\/p>\n<p style=\"text-align: justify;\">A medida impacta diretamente na estabilidade da \u00e1rea e no aumento da fertilidade do solo, e a a\u00e7\u00e3o ambiental deve funcionar tamb\u00e9m como barreira e\u00f3lica, evitando que os gases se espalhem pelo entorno do aterro.<\/p>\n<p style=\"text-align: justify;\">A SEDEA informou que o plantio no Aterro Sanit\u00e1rio n\u00e3o \u00e9 a\u00e7\u00e3o isolada e que a arboriza\u00e7\u00e3o, assim como a recupera\u00e7\u00e3o de \u00e1reas degradadas, faz parte dos planos de a\u00e7\u00e3o da secretaria. As esp\u00e9cies vegetais t\u00eam efeitos significativos no controle da temperatura, na eros\u00e3o do solo e na redu\u00e7\u00e3o de material particulado.<\/p>\n<p style=\"text-align: justify;\">\u00a0 \u00a0 \u00a0 \u00a0 \u00a0 \u00a0 \u00a0 \u00a0 \u00a0 \u00a0 \u00a0 \u00a0 \u00a0 \u00a0 \u00a0 \u00a0 \u00a0 \u00a0 \u00a0 \u00a0 \u00a0 \u00a0 \u00a0 \u00a0 \u00a0 \u00a0 \u00a0 \u00a0 \u00a0 \u00a0 \u00a0 \u00a0 \u00a0 \u00a0 \u00a0 \u00a0 \u00a0 \u00a0 \u00a0 \u00a0 \u00a0 \u00a0 \u00a0SECOM ALAGOINHAS<\/p>\n<blockquote>\n<p style=\"text-align: justify;\">\n<\/blockquote>\n<div class='share-to-whatsapp-wrapper'><div class='share-on-whsp'>Share on: <\/div><a data-text='Prefeitura atinge a marca de 1.000 mudas plantadas no Aterro Sanit\u00e1rio de Alagoinhas' data-link='https:\/\/newsinfoco.com.br\/inicio\/prefeitura-atinge-a-marca-de-1-000-mudas-plantadas-no-aterro-sanitario-de-alagoinhas\/' class='whatsapp-button whatsapp-share'>WhatsApp<\/a><div class='clear '><\/div><\/div>","protected":false},"excerpt":{"rendered":"<p>A Prefeitura finalizou, na \u00faltima ter\u00e7a-feira (10), o plantio de novas mudas no Aterro Sanit\u00e1rio de Alagoinhas, atingindo a marca hist\u00f3rica de mil esp\u00e9cies, em uma iniciativa da gest\u00e3o municipal que tem como foco os valores ambientais, a preserva\u00e7\u00e3o, a recomposi\u00e7\u00e3o de \u00e1reas verdes e o equil\u00edbrio do solo. As esp\u00e9cies nativas e ex\u00f3ticas foram [&hellip;]<\/p>\n","protected":false},"author":1,"featured_media":17043,"comment_status":"open","ping_status":"open","sticky":false,"template":"","format":"standard","meta":{"om_disable_all_campaigns":false,"_exactmetrics_skip_tracking":false,"_exactmetrics_sitenote_active":false,"_exactmetrics_sitenote_note":"","_exactmetrics_sitenote_category":0,"footnotes":""},"categories":[38,30],"tags":[],"class_list":["post-17041","post","type-post","status-publish","format-standard","has-post-thumbnail","hentry","category-alagoinhas-e-regiao","category-destaque"],"aioseo_notices":[],"_links":{"self":[{"href":"https:\/\/newsinfoco.com.br\/inicio\/wp-json\/wp\/v2\/posts\/17041","targetHints":{"allow":["GET"]}}],"collection":[{"href":"https:\/\/newsinfoco.com.br\/inicio\/wp-json\/wp\/v2\/posts"}],"about":[{"href":"https:\/\/newsinfoco.com.br\/inicio\/wp-json\/wp\/v2\/types\/post"}],"author":[{"embeddable":true,"href":"https:\/\/newsinfoco.com.br\/inicio\/wp-json\/wp\/v2\/users\/1"}],"replies":[{"embeddable":true,"href":"https:\/\/newsinfoco.com.br\/inicio\/wp-json\/wp\/v2\/comments?post=17041"}],"version-history":[{"count":0,"href":"https:\/\/newsinfoco.com.br\/inicio\/wp-json\/wp\/v2\/posts\/17041\/revisions"}],"wp:featuredmedia":[{"embeddable":true,"href":"https:\/\/newsinfoco.com.br\/inicio\/wp-json\/wp\/v2\/media\/17043"}],"wp:attachment":[{"href":"https:\/\/newsinfoco.com.br\/inicio\/wp-json\/wp\/v2\/media?parent=17041"}],"wp:term":[{"taxonomy":"category","embeddable":true,"href":"https:\/\/newsinfoco.com.br\/inicio\/wp-json\/wp\/v2\/categories?post=17041"},{"taxonomy":"post_tag","embeddable":true,"href":"https:\/\/newsinfoco.com.br\/inicio\/wp-json\/wp\/v2\/tags?post=17041"}],"curies":[{"name":"wp","href":"https:\/\/api.w.org\/{rel}","templated":true}]}}