{"id":17157,"date":"2019-09-14T18:23:34","date_gmt":"2019-09-14T21:23:34","guid":{"rendered":"http:\/\/newsinfoco.com.br\/?p=17157"},"modified":"2019-09-14T18:23:34","modified_gmt":"2019-09-14T21:23:34","slug":"estavel-bolsonaro-queria-ir-a-jogo-do-palmeiras-mas-leva-puxao-de-orelha-de-medico","status":"publish","type":"post","link":"https:\/\/newsinfoco.com.br\/inicio\/estavel-bolsonaro-queria-ir-a-jogo-do-palmeiras-mas-leva-puxao-de-orelha-de-medico\/","title":{"rendered":"Est\u00e1vel, Bolsonaro queria ir a jogo do Palmeiras, mas leva \u2018pux\u00e3o de orelha\u2019 de m\u00e9dico"},"content":{"rendered":"<p style=\"text-align: justify;\">O quadro de sa\u00fade do presidente Jair Bolsonaro (PSL) se mant\u00e9m est\u00e1vel neste s\u00e1bado (14), um dia ap\u00f3s a retirada da sonda nasog\u00e1strica. Segundo a equipe m\u00e9dica respons\u00e1vel pelo presidente, Bolsonaro segue apresentando melhora progressiva e deve evoluir para a dieta cremosa (com papas e sopas mais espessas) na noite deste s\u00e1bado ou na manh\u00e3 deste domingo (15), a depender de avalia\u00e7\u00e3o.<\/p>\n<p style=\"text-align: justify;\">Na sexta-feira (13), os m\u00e9dicos retiraram a sonda nasog\u00e1strica do presidente, que ficava conectada ao seu nariz e ia at\u00e9 o est\u00f4mago. O tubo, que tinha sido colocado na ter\u00e7a (10), tinha a fun\u00e7\u00e3o de ajudar na sa\u00edda da grande quantidade de ar que se acumulou no est\u00f4mago e no intestino. Com a retirada da sonda, Bolsonaro tamb\u00e9m voltou a receber a dieta l\u00edquida (ch\u00e1, gelatina, caldo ralo), suspensa na ter\u00e7a e substitu\u00edda pela nutri\u00e7\u00e3o parenteral endovenosa (pelas veias).<\/p>\n<p style=\"text-align: justify;\">As duas formas de alimenta\u00e7\u00e3o est\u00e3o mantidas. A alimenta\u00e7\u00e3o l\u00edquida, que na sexta era de 50 ml de hora em hora, agora est\u00e1 \u201ctotalmente liberada\u201d, segundo o cirurgi\u00e3o Ant\u00f4nio Macedo, que cuida do presidente. Bolsonaro caminhou e est\u00e1 bem-humorado, de acordo com o porta-voz da Presid\u00eancia, general Ot\u00e1vio R\u00eago Barros. \u201cHoje o doutor Macedo teve que dar um pux\u00e3o de orelha porque o presidente queria ir ao jogo do Palmeiras. Ele disse que tem um seguran\u00e7a dele que \u00e9 um bom porta-bandeira e poderia segurar o suporte de alimenta\u00e7\u00e3o\u201d, afirmou o porta-voz, em tom de brincadeira.<\/p>\n<p style=\"text-align: justify;\">Bolsonaro est\u00e1 internado no Hospital Vila Nova Star, na zona sul de S\u00e3o Paulo, onde foi submetido no domingo (8) \u00e0 quarta cirurgia desde que sofreu uma facada durante um ato de campanha em setembro de 2018. As visitas continuam restritas e n\u00e3o h\u00e1 previs\u00e3o de alta at\u00e9 o momento, mas a estimativa \u00e9 de que o presidente seja liberado at\u00e9 ter\u00e7a-feira (17). O processo de reintrodu\u00e7\u00e3o dos l\u00edquidos na dieta tem que ser feito aos poucos para evitar mal-estar, v\u00f4mitos e distens\u00e3o (incha\u00e7o) abdominal.<\/p>\n<p style=\"text-align: justify;\">Ainda de acordo com os m\u00e9dicos, o paciente est\u00e1 sem febre e sem dor e d\u00e1 sinais de melhora dos movimentos intestinais. Ele s\u00f3 poder\u00e1 ter alta depois que evoluir da dieta l\u00edquida para a cremosa. Bolsonaro tamb\u00e9m faz sess\u00f5es de fisioterapia respirat\u00f3ria e motora, que incluem caminhadas no corredor do hospital. O presidente ficar\u00e1 fora do cargo mais tempo do que o previsto inicialmente, atendendo a orienta\u00e7\u00f5es m\u00e9dicas. A previs\u00e3o inicial era que ele reassumisse a cadeira na sexta-feira, mas a equipe sugeriu per\u00edodo mais longo de descanso. O vice-presidente Hamilton Mour\u00e3o (PRTB) ocupa o posto at\u00e9 ter\u00e7a.<\/p>\n<div class='share-to-whatsapp-wrapper'><div class='share-on-whsp'>Share on: <\/div><a data-text='Est\u00e1vel, Bolsonaro queria ir a jogo do Palmeiras, mas leva \u2018pux\u00e3o de orelha\u2019 de m\u00e9dico' data-link='https:\/\/newsinfoco.com.br\/inicio\/estavel-bolsonaro-queria-ir-a-jogo-do-palmeiras-mas-leva-puxao-de-orelha-de-medico\/' class='whatsapp-button whatsapp-share'>WhatsApp<\/a><div class='clear '><\/div><\/div>","protected":false},"excerpt":{"rendered":"<p>O quadro de sa\u00fade do presidente Jair Bolsonaro (PSL) se mant\u00e9m est\u00e1vel neste s\u00e1bado (14), um dia ap\u00f3s a retirada da sonda nasog\u00e1strica. Segundo a equipe m\u00e9dica respons\u00e1vel pelo presidente, Bolsonaro segue apresentando melhora progressiva e deve evoluir para a dieta cremosa (com papas e sopas mais espessas) na noite deste s\u00e1bado ou na manh\u00e3 [&hellip;]<\/p>\n","protected":false},"author":1,"featured_media":17158,"comment_status":"open","ping_status":"open","sticky":false,"template":"","format":"standard","meta":{"om_disable_all_campaigns":false,"rop_custom_images_group":[],"rop_custom_messages_group":[],"rop_publish_now":"initial","rop_publish_now_accounts":[],"rop_publish_now_history":[],"rop_publish_now_status":"pending","_exactmetrics_skip_tracking":false,"footnotes":""},"categories":[21,30],"tags":[],"class_list":["post-17157","post","type-post","status-publish","format-standard","has-post-thumbnail","hentry","category-brasil","category-destaque"],"aioseo_notices":[],"aioseo_head":"\n\t\t<!-- All in One SEO 4.9.10 - aioseo.com -->\n\t<meta name=\"description\" content=\"O quadro de sa\u00fade do presidente Jair Bolsonaro (PSL) se mant\u00e9m est\u00e1vel neste s\u00e1bado (14), um dia ap\u00f3s a retirada da sonda nasog\u00e1strica. Segundo a equipe m\u00e9dica respons\u00e1vel pelo presidente, Bolsonaro segue apresentando melhora progressiva e deve evoluir para a dieta cremosa (com papas e sopas mais espessas) na noite deste s\u00e1bado ou na manh\u00e3\" \/>\n\t<meta name=\"robots\" content=\"max-image-preview:large\" \/>\n\t<meta name=\"author\" content=\"administrador\"\/>\n\t<link rel=\"canonical\" href=\"https:\/\/newsinfoco.com.br\/inicio\/estavel-bolsonaro-queria-ir-a-jogo-do-palmeiras-mas-leva-puxao-de-orelha-de-medico\/\" \/>\n\t<meta name=\"generator\" content=\"All in One SEO (AIOSEO) 4.9.10\" \/>\n\t\t<meta property=\"og:locale\" content=\"pt_BR\" \/>\n\t\t<meta property=\"og:site_name\" content=\"News In Foco - Editado por Caio Pimenta - O principal site de noticias de Alagoinhas e regi\u00e3o\" \/>\n\t\t<meta property=\"og:type\" content=\"article\" \/>\n\t\t<meta property=\"og:title\" content=\"Est\u00e1vel, Bolsonaro queria ir a jogo do Palmeiras, mas leva \u2018pux\u00e3o de orelha\u2019 de m\u00e9dico - News In Foco - Editado por Caio Pimenta\" \/>\n\t\t<meta property=\"og:description\" content=\"O quadro de sa\u00fade do presidente Jair Bolsonaro (PSL) se mant\u00e9m est\u00e1vel neste s\u00e1bado (14), um dia ap\u00f3s a retirada da sonda nasog\u00e1strica. Segundo a equipe m\u00e9dica respons\u00e1vel pelo presidente, Bolsonaro segue apresentando melhora progressiva e deve evoluir para a dieta cremosa (com papas e sopas mais espessas) na noite deste s\u00e1bado ou na manh\u00e3\" \/>\n\t\t<meta property=\"og:url\" content=\"https:\/\/newsinfoco.com.br\/inicio\/estavel-bolsonaro-queria-ir-a-jogo-do-palmeiras-mas-leva-puxao-de-orelha-de-medico\/\" \/>\n\t\t<meta property=\"article:published_time\" content=\"2019-09-14T21:23:34+00:00\" \/>\n\t\t<meta property=\"article:modified_time\" content=\"2019-09-14T21:23:34+00:00\" \/>\n\t\t<meta name=\"twitter:card\" content=\"summary_large_image\" \/>\n\t\t<meta name=\"twitter:title\" content=\"Est\u00e1vel, Bolsonaro queria ir a jogo do Palmeiras, mas leva \u2018pux\u00e3o de orelha\u2019 de m\u00e9dico - News In Foco - Editado por Caio Pimenta\" \/>\n\t\t<meta name=\"twitter:description\" content=\"O quadro de sa\u00fade do presidente Jair Bolsonaro (PSL) se mant\u00e9m est\u00e1vel neste s\u00e1bado (14), um dia ap\u00f3s a retirada da sonda nasog\u00e1strica. Segundo a equipe m\u00e9dica respons\u00e1vel pelo presidente, Bolsonaro segue apresentando melhora progressiva e deve evoluir para a dieta cremosa (com papas e sopas mais espessas) na noite deste s\u00e1bado ou na manh\u00e3\" \/>\n\t\t<script type=\"application\/ld+json\" class=\"aioseo-schema\">\n\t\t\t{\"@context\":\"https:\\\/\\\/schema.org\",\"@graph\":[{\"@type\":\"BlogPosting\",\"@id\":\"https:\\\/\\\/newsinfoco.com.br\\\/inicio\\\/estavel-bolsonaro-queria-ir-a-jogo-do-palmeiras-mas-leva-puxao-de-orelha-de-medico\\\/#blogposting\",\"name\":\"Est\\u00e1vel, Bolsonaro queria ir a jogo do Palmeiras, mas leva \\u2018pux\\u00e3o de orelha\\u2019 de m\\u00e9dico - News In Foco - Editado por Caio Pimenta\",\"headline\":\"Est\\u00e1vel, Bolsonaro queria ir a jogo do Palmeiras, mas leva \\u2018pux\\u00e3o de orelha\\u2019 de m\\u00e9dico\",\"author\":{\"@id\":\"https:\\\/\\\/newsinfoco.com.br\\\/inicio\\\/author\\\/administrador\\\/#author\"},\"publisher\":{\"@id\":\"https:\\\/\\\/newsinfoco.com.br\\\/inicio\\\/#organization\"},\"image\":{\"@type\":\"ImageObject\",\"url\":\"https:\\\/\\\/newsinfoco.com.br\\\/inicio\\\/wp-content\\\/uploads\\\/2019\\\/09\\\/8be84500174ee93b338992814a6736a0.jpg\",\"width\":590,\"height\":320},\"datePublished\":\"2019-09-14T18:23:34-03:00\",\"dateModified\":\"2019-09-14T18:23:34-03:00\",\"inLanguage\":\"pt-BR\",\"mainEntityOfPage\":{\"@id\":\"https:\\\/\\\/newsinfoco.com.br\\\/inicio\\\/estavel-bolsonaro-queria-ir-a-jogo-do-palmeiras-mas-leva-puxao-de-orelha-de-medico\\\/#webpage\"},\"isPartOf\":{\"@id\":\"https:\\\/\\\/newsinfoco.com.br\\\/inicio\\\/estavel-bolsonaro-queria-ir-a-jogo-do-palmeiras-mas-leva-puxao-de-orelha-de-medico\\\/#webpage\"},\"articleSection\":\"Brasil, Destaque\"},{\"@type\":\"BreadcrumbList\",\"@id\":\"https:\\\/\\\/newsinfoco.com.br\\\/inicio\\\/estavel-bolsonaro-queria-ir-a-jogo-do-palmeiras-mas-leva-puxao-de-orelha-de-medico\\\/#breadcrumblist\",\"itemListElement\":[{\"@type\":\"ListItem\",\"@id\":\"https:\\\/\\\/newsinfoco.com.br\\\/inicio#listItem\",\"position\":1,\"name\":\"In\\u00edcio\",\"item\":\"https:\\\/\\\/newsinfoco.com.br\\\/inicio\",\"nextItem\":{\"@type\":\"ListItem\",\"@id\":\"https:\\\/\\\/newsinfoco.com.br\\\/inicio\\\/category\\\/brasil\\\/#listItem\",\"name\":\"Brasil\"}},{\"@type\":\"ListItem\",\"@id\":\"https:\\\/\\\/newsinfoco.com.br\\\/inicio\\\/category\\\/brasil\\\/#listItem\",\"position\":2,\"name\":\"Brasil\",\"item\":\"https:\\\/\\\/newsinfoco.com.br\\\/inicio\\\/category\\\/brasil\\\/\",\"nextItem\":{\"@type\":\"ListItem\",\"@id\":\"https:\\\/\\\/newsinfoco.com.br\\\/inicio\\\/estavel-bolsonaro-queria-ir-a-jogo-do-palmeiras-mas-leva-puxao-de-orelha-de-medico\\\/#listItem\",\"name\":\"Est\\u00e1vel, Bolsonaro queria ir a jogo do Palmeiras, mas leva \\u2018pux\\u00e3o de orelha\\u2019 de m\\u00e9dico\"},\"previousItem\":{\"@type\":\"ListItem\",\"@id\":\"https:\\\/\\\/newsinfoco.com.br\\\/inicio#listItem\",\"name\":\"In\\u00edcio\"}},{\"@type\":\"ListItem\",\"@id\":\"https:\\\/\\\/newsinfoco.com.br\\\/inicio\\\/estavel-bolsonaro-queria-ir-a-jogo-do-palmeiras-mas-leva-puxao-de-orelha-de-medico\\\/#listItem\",\"position\":3,\"name\":\"Est\\u00e1vel, Bolsonaro queria ir a jogo do Palmeiras, mas leva \\u2018pux\\u00e3o de orelha\\u2019 de m\\u00e9dico\",\"previousItem\":{\"@type\":\"ListItem\",\"@id\":\"https:\\\/\\\/newsinfoco.com.br\\\/inicio\\\/category\\\/brasil\\\/#listItem\",\"name\":\"Brasil\"}}]},{\"@type\":\"Organization\",\"@id\":\"https:\\\/\\\/newsinfoco.com.br\\\/inicio\\\/#organization\",\"name\":\"News In Foco - Editado por Caio Pimenta\",\"description\":\"O principal site de noticias de Alagoinhas e regi\\u00e3o\",\"url\":\"https:\\\/\\\/newsinfoco.com.br\\\/inicio\\\/\"},{\"@type\":\"Person\",\"@id\":\"https:\\\/\\\/newsinfoco.com.br\\\/inicio\\\/author\\\/administrador\\\/#author\",\"url\":\"https:\\\/\\\/newsinfoco.com.br\\\/inicio\\\/author\\\/administrador\\\/\",\"name\":\"administrador\",\"image\":{\"@type\":\"ImageObject\",\"@id\":\"https:\\\/\\\/newsinfoco.com.br\\\/inicio\\\/estavel-bolsonaro-queria-ir-a-jogo-do-palmeiras-mas-leva-puxao-de-orelha-de-medico\\\/#authorImage\",\"url\":\"https:\\\/\\\/secure.gravatar.com\\\/avatar\\\/c17a617433de8c1dc9584bb79aab7563b46f5bb7e1728c9b17d9cc3ce6a08e49?s=96&d=mm&r=g\",\"width\":96,\"height\":96,\"caption\":\"administrador\"}},{\"@type\":\"WebPage\",\"@id\":\"https:\\\/\\\/newsinfoco.com.br\\\/inicio\\\/estavel-bolsonaro-queria-ir-a-jogo-do-palmeiras-mas-leva-puxao-de-orelha-de-medico\\\/#webpage\",\"url\":\"https:\\\/\\\/newsinfoco.com.br\\\/inicio\\\/estavel-bolsonaro-queria-ir-a-jogo-do-palmeiras-mas-leva-puxao-de-orelha-de-medico\\\/\",\"name\":\"Est\\u00e1vel, Bolsonaro queria ir a jogo do Palmeiras, mas leva \\u2018pux\\u00e3o de orelha\\u2019 de m\\u00e9dico - News In Foco - Editado por Caio Pimenta\",\"description\":\"O quadro de sa\\u00fade do presidente Jair Bolsonaro (PSL) se mant\\u00e9m est\\u00e1vel neste s\\u00e1bado (14), um dia ap\\u00f3s a retirada da sonda nasog\\u00e1strica. Segundo a equipe m\\u00e9dica respons\\u00e1vel pelo presidente, Bolsonaro segue apresentando melhora progressiva e deve evoluir para a dieta cremosa (com papas e sopas mais espessas) na noite deste s\\u00e1bado ou na manh\\u00e3\",\"inLanguage\":\"pt-BR\",\"isPartOf\":{\"@id\":\"https:\\\/\\\/newsinfoco.com.br\\\/inicio\\\/#website\"},\"breadcrumb\":{\"@id\":\"https:\\\/\\\/newsinfoco.com.br\\\/inicio\\\/estavel-bolsonaro-queria-ir-a-jogo-do-palmeiras-mas-leva-puxao-de-orelha-de-medico\\\/#breadcrumblist\"},\"author\":{\"@id\":\"https:\\\/\\\/newsinfoco.com.br\\\/inicio\\\/author\\\/administrador\\\/#author\"},\"creator\":{\"@id\":\"https:\\\/\\\/newsinfoco.com.br\\\/inicio\\\/author\\\/administrador\\\/#author\"},\"image\":{\"@type\":\"ImageObject\",\"url\":\"https:\\\/\\\/newsinfoco.com.br\\\/inicio\\\/wp-content\\\/uploads\\\/2019\\\/09\\\/8be84500174ee93b338992814a6736a0.jpg\",\"@id\":\"https:\\\/\\\/newsinfoco.com.br\\\/inicio\\\/estavel-bolsonaro-queria-ir-a-jogo-do-palmeiras-mas-leva-puxao-de-orelha-de-medico\\\/#mainImage\",\"width\":590,\"height\":320},\"primaryImageOfPage\":{\"@id\":\"https:\\\/\\\/newsinfoco.com.br\\\/inicio\\\/estavel-bolsonaro-queria-ir-a-jogo-do-palmeiras-mas-leva-puxao-de-orelha-de-medico\\\/#mainImage\"},\"datePublished\":\"2019-09-14T18:23:34-03:00\",\"dateModified\":\"2019-09-14T18:23:34-03:00\"},{\"@type\":\"WebSite\",\"@id\":\"https:\\\/\\\/newsinfoco.com.br\\\/inicio\\\/#website\",\"url\":\"https:\\\/\\\/newsinfoco.com.br\\\/inicio\\\/\",\"name\":\"News In Foco - Editado por Caio Pimenta\",\"description\":\"O principal site de noticias de Alagoinhas e regi\\u00e3o\",\"inLanguage\":\"pt-BR\",\"publisher\":{\"@id\":\"https:\\\/\\\/newsinfoco.com.br\\\/inicio\\\/#organization\"}}]}\n\t\t<\/script>\n\t\t<!-- All in One SEO -->\n\n","aioseo_head_json":{"title":"Est\u00e1vel, Bolsonaro queria ir a jogo do Palmeiras, mas leva \u2018pux\u00e3o de orelha\u2019 de m\u00e9dico - News In Foco - Editado por Caio Pimenta","description":"O quadro de sa\u00fade do presidente Jair Bolsonaro (PSL) se mant\u00e9m est\u00e1vel neste s\u00e1bado (14), um dia ap\u00f3s a retirada da sonda nasog\u00e1strica. Segundo a equipe m\u00e9dica respons\u00e1vel pelo presidente, Bolsonaro segue apresentando melhora progressiva e deve evoluir para a dieta cremosa (com papas e sopas mais espessas) na noite deste s\u00e1bado ou na manh\u00e3","canonical_url":"https:\/\/newsinfoco.com.br\/inicio\/estavel-bolsonaro-queria-ir-a-jogo-do-palmeiras-mas-leva-puxao-de-orelha-de-medico\/","robots":"max-image-preview:large","keywords":"","webmasterTools":{"miscellaneous":""},"schema":{"@context":"https:\/\/schema.org","@graph":[{"@type":"BlogPosting","@id":"https:\/\/newsinfoco.com.br\/inicio\/estavel-bolsonaro-queria-ir-a-jogo-do-palmeiras-mas-leva-puxao-de-orelha-de-medico\/#blogposting","name":"Est\u00e1vel, Bolsonaro queria ir a jogo do Palmeiras, mas leva \u2018pux\u00e3o de orelha\u2019 de m\u00e9dico - News In Foco - Editado por Caio Pimenta","headline":"Est\u00e1vel, Bolsonaro queria ir a jogo do Palmeiras, mas leva \u2018pux\u00e3o de orelha\u2019 de m\u00e9dico","author":{"@id":"https:\/\/newsinfoco.com.br\/inicio\/author\/administrador\/#author"},"publisher":{"@id":"https:\/\/newsinfoco.com.br\/inicio\/#organization"},"image":{"@type":"ImageObject","url":"https:\/\/newsinfoco.com.br\/inicio\/wp-content\/uploads\/2019\/09\/8be84500174ee93b338992814a6736a0.jpg","width":590,"height":320},"datePublished":"2019-09-14T18:23:34-03:00","dateModified":"2019-09-14T18:23:34-03:00","inLanguage":"pt-BR","mainEntityOfPage":{"@id":"https:\/\/newsinfoco.com.br\/inicio\/estavel-bolsonaro-queria-ir-a-jogo-do-palmeiras-mas-leva-puxao-de-orelha-de-medico\/#webpage"},"isPartOf":{"@id":"https:\/\/newsinfoco.com.br\/inicio\/estavel-bolsonaro-queria-ir-a-jogo-do-palmeiras-mas-leva-puxao-de-orelha-de-medico\/#webpage"},"articleSection":"Brasil, Destaque"},{"@type":"BreadcrumbList","@id":"https:\/\/newsinfoco.com.br\/inicio\/estavel-bolsonaro-queria-ir-a-jogo-do-palmeiras-mas-leva-puxao-de-orelha-de-medico\/#breadcrumblist","itemListElement":[{"@type":"ListItem","@id":"https:\/\/newsinfoco.com.br\/inicio#listItem","position":1,"name":"In\u00edcio","item":"https:\/\/newsinfoco.com.br\/inicio","nextItem":{"@type":"ListItem","@id":"https:\/\/newsinfoco.com.br\/inicio\/category\/brasil\/#listItem","name":"Brasil"}},{"@type":"ListItem","@id":"https:\/\/newsinfoco.com.br\/inicio\/category\/brasil\/#listItem","position":2,"name":"Brasil","item":"https:\/\/newsinfoco.com.br\/inicio\/category\/brasil\/","nextItem":{"@type":"ListItem","@id":"https:\/\/newsinfoco.com.br\/inicio\/estavel-bolsonaro-queria-ir-a-jogo-do-palmeiras-mas-leva-puxao-de-orelha-de-medico\/#listItem","name":"Est\u00e1vel, Bolsonaro queria ir a jogo do Palmeiras, mas leva \u2018pux\u00e3o de orelha\u2019 de m\u00e9dico"},"previousItem":{"@type":"ListItem","@id":"https:\/\/newsinfoco.com.br\/inicio#listItem","name":"In\u00edcio"}},{"@type":"ListItem","@id":"https:\/\/newsinfoco.com.br\/inicio\/estavel-bolsonaro-queria-ir-a-jogo-do-palmeiras-mas-leva-puxao-de-orelha-de-medico\/#listItem","position":3,"name":"Est\u00e1vel, Bolsonaro queria ir a jogo do Palmeiras, mas leva \u2018pux\u00e3o de orelha\u2019 de m\u00e9dico","previousItem":{"@type":"ListItem","@id":"https:\/\/newsinfoco.com.br\/inicio\/category\/brasil\/#listItem","name":"Brasil"}}]},{"@type":"Organization","@id":"https:\/\/newsinfoco.com.br\/inicio\/#organization","name":"News In Foco - Editado por Caio Pimenta","description":"O principal site de noticias de Alagoinhas e regi\u00e3o","url":"https:\/\/newsinfoco.com.br\/inicio\/"},{"@type":"Person","@id":"https:\/\/newsinfoco.com.br\/inicio\/author\/administrador\/#author","url":"https:\/\/newsinfoco.com.br\/inicio\/author\/administrador\/","name":"administrador","image":{"@type":"ImageObject","@id":"https:\/\/newsinfoco.com.br\/inicio\/estavel-bolsonaro-queria-ir-a-jogo-do-palmeiras-mas-leva-puxao-de-orelha-de-medico\/#authorImage","url":"https:\/\/secure.gravatar.com\/avatar\/c17a617433de8c1dc9584bb79aab7563b46f5bb7e1728c9b17d9cc3ce6a08e49?s=96&d=mm&r=g","width":96,"height":96,"caption":"administrador"}},{"@type":"WebPage","@id":"https:\/\/newsinfoco.com.br\/inicio\/estavel-bolsonaro-queria-ir-a-jogo-do-palmeiras-mas-leva-puxao-de-orelha-de-medico\/#webpage","url":"https:\/\/newsinfoco.com.br\/inicio\/estavel-bolsonaro-queria-ir-a-jogo-do-palmeiras-mas-leva-puxao-de-orelha-de-medico\/","name":"Est\u00e1vel, Bolsonaro queria ir a jogo do Palmeiras, mas leva \u2018pux\u00e3o de orelha\u2019 de m\u00e9dico - News In Foco - Editado por Caio Pimenta","description":"O quadro de sa\u00fade do presidente Jair Bolsonaro (PSL) se mant\u00e9m est\u00e1vel neste s\u00e1bado (14), um dia ap\u00f3s a retirada da sonda nasog\u00e1strica. Segundo a equipe m\u00e9dica respons\u00e1vel pelo presidente, Bolsonaro segue apresentando melhora progressiva e deve evoluir para a dieta cremosa (com papas e sopas mais espessas) na noite deste s\u00e1bado ou na manh\u00e3","inLanguage":"pt-BR","isPartOf":{"@id":"https:\/\/newsinfoco.com.br\/inicio\/#website"},"breadcrumb":{"@id":"https:\/\/newsinfoco.com.br\/inicio\/estavel-bolsonaro-queria-ir-a-jogo-do-palmeiras-mas-leva-puxao-de-orelha-de-medico\/#breadcrumblist"},"author":{"@id":"https:\/\/newsinfoco.com.br\/inicio\/author\/administrador\/#author"},"creator":{"@id":"https:\/\/newsinfoco.com.br\/inicio\/author\/administrador\/#author"},"image":{"@type":"ImageObject","url":"https:\/\/newsinfoco.com.br\/inicio\/wp-content\/uploads\/2019\/09\/8be84500174ee93b338992814a6736a0.jpg","@id":"https:\/\/newsinfoco.com.br\/inicio\/estavel-bolsonaro-queria-ir-a-jogo-do-palmeiras-mas-leva-puxao-de-orelha-de-medico\/#mainImage","width":590,"height":320},"primaryImageOfPage":{"@id":"https:\/\/newsinfoco.com.br\/inicio\/estavel-bolsonaro-queria-ir-a-jogo-do-palmeiras-mas-leva-puxao-de-orelha-de-medico\/#mainImage"},"datePublished":"2019-09-14T18:23:34-03:00","dateModified":"2019-09-14T18:23:34-03:00"},{"@type":"WebSite","@id":"https:\/\/newsinfoco.com.br\/inicio\/#website","url":"https:\/\/newsinfoco.com.br\/inicio\/","name":"News In Foco - Editado por Caio Pimenta","description":"O principal site de noticias de Alagoinhas e regi\u00e3o","inLanguage":"pt-BR","publisher":{"@id":"https:\/\/newsinfoco.com.br\/inicio\/#organization"}}]},"og:locale":"pt_BR","og:site_name":"News In Foco - Editado por Caio Pimenta - O principal site de noticias de Alagoinhas e regi\u00e3o","og:type":"article","og:title":"Est\u00e1vel, Bolsonaro queria ir a jogo do Palmeiras, mas leva \u2018pux\u00e3o de orelha\u2019 de m\u00e9dico - News In Foco - Editado por Caio Pimenta","og:description":"O quadro de sa\u00fade do presidente Jair Bolsonaro (PSL) se mant\u00e9m est\u00e1vel neste s\u00e1bado (14), um dia ap\u00f3s a retirada da sonda nasog\u00e1strica. Segundo a equipe m\u00e9dica respons\u00e1vel pelo presidente, Bolsonaro segue apresentando melhora progressiva e deve evoluir para a dieta cremosa (com papas e sopas mais espessas) na noite deste s\u00e1bado ou na manh\u00e3","og:url":"https:\/\/newsinfoco.com.br\/inicio\/estavel-bolsonaro-queria-ir-a-jogo-do-palmeiras-mas-leva-puxao-de-orelha-de-medico\/","article:published_time":"2019-09-14T21:23:34+00:00","article:modified_time":"2019-09-14T21:23:34+00:00","twitter:card":"summary_large_image","twitter:title":"Est\u00e1vel, Bolsonaro queria ir a jogo do Palmeiras, mas leva \u2018pux\u00e3o de orelha\u2019 de m\u00e9dico - News In Foco - Editado por Caio Pimenta","twitter:description":"O quadro de sa\u00fade do presidente Jair Bolsonaro (PSL) se mant\u00e9m est\u00e1vel neste s\u00e1bado (14), um dia ap\u00f3s a retirada da sonda nasog\u00e1strica. Segundo a equipe m\u00e9dica respons\u00e1vel pelo presidente, Bolsonaro segue apresentando melhora progressiva e deve evoluir para a dieta cremosa (com papas e sopas mais espessas) na noite deste s\u00e1bado ou na manh\u00e3"},"aioseo_meta_data":{"post_id":"17157","title":null,"description":null,"keywords":null,"keyphrases":null,"primary_term":null,"canonical_url":null,"og_title":null,"og_description":null,"og_object_type":"default","og_image_type":"default","og_image_url":null,"og_image_width":null,"og_image_height":null,"og_image_custom_url":null,"og_image_custom_fields":null,"og_video":null,"og_custom_url":null,"og_article_section":null,"og_article_tags":null,"twitter_use_og":false,"twitter_card":"default","twitter_image_type":"default","twitter_image_url":null,"twitter_image_custom_url":null,"twitter_image_custom_fields":null,"twitter_title":null,"twitter_description":null,"schema":{"blockGraphs":[],"customGraphs":[],"default":{"data":{"Article":[],"Course":[],"Dataset":[],"FAQPage":[],"Movie":[],"Person":[],"Product":[],"ProductReview":[],"Car":[],"Recipe":[],"Service":[],"SoftwareApplication":[],"WebPage":[]},"graphName":"","isEnabled":true},"graphs":[]},"schema_type":"default","schema_type_options":null,"pillar_content":false,"robots_default":true,"robots_noindex":false,"robots_noarchive":false,"robots_nosnippet":false,"robots_nofollow":false,"robots_noimageindex":false,"robots_noodp":false,"robots_notranslate":false,"robots_max_snippet":null,"robots_max_videopreview":null,"robots_max_imagepreview":"large","priority":null,"frequency":null,"local_seo":null,"breadcrumb_settings":null,"limit_modified_date":false,"ai":null,"created":"2023-06-12 14:25:04","updated":"2025-07-11 01:06:49","seo_analyzer_scan_date":null},"aioseo_breadcrumb":"<div class=\"aioseo-breadcrumbs\"><span class=\"aioseo-breadcrumb\">\n\t\t\t<a href=\"https:\/\/newsinfoco.com.br\/inicio\" title=\"In\u00edcio\">In\u00edcio<\/a>\n\t\t<\/span><span class=\"aioseo-breadcrumb-separator\">&raquo;<\/span><span class=\"aioseo-breadcrumb\">\n\t\t\t<a href=\"https:\/\/newsinfoco.com.br\/inicio\/category\/brasil\/\" title=\"Brasil\">Brasil<\/a>\n\t\t<\/span><span class=\"aioseo-breadcrumb-separator\">&raquo;<\/span><span class=\"aioseo-breadcrumb\">\n\t\t\tEst\u00e1vel, Bolsonaro queria ir a jogo do Palmeiras, mas leva \u2018pux\u00e3o de orelha\u2019 de m\u00e9dico\n\t\t<\/span><\/div>","aioseo_breadcrumb_json":[{"label":"In\u00edcio","link":"https:\/\/newsinfoco.com.br\/inicio"},{"label":"Brasil","link":"https:\/\/newsinfoco.com.br\/inicio\/category\/brasil\/"},{"label":"Est\u00e1vel, Bolsonaro queria ir a jogo do Palmeiras, mas leva \u2018pux\u00e3o de orelha\u2019 de m\u00e9dico","link":"https:\/\/newsinfoco.com.br\/inicio\/estavel-bolsonaro-queria-ir-a-jogo-do-palmeiras-mas-leva-puxao-de-orelha-de-medico\/"}],"_links":{"self":[{"href":"https:\/\/newsinfoco.com.br\/inicio\/wp-json\/wp\/v2\/posts\/17157","targetHints":{"allow":["GET"]}}],"collection":[{"href":"https:\/\/newsinfoco.com.br\/inicio\/wp-json\/wp\/v2\/posts"}],"about":[{"href":"https:\/\/newsinfoco.com.br\/inicio\/wp-json\/wp\/v2\/types\/post"}],"author":[{"embeddable":true,"href":"https:\/\/newsinfoco.com.br\/inicio\/wp-json\/wp\/v2\/users\/1"}],"replies":[{"embeddable":true,"href":"https:\/\/newsinfoco.com.br\/inicio\/wp-json\/wp\/v2\/comments?post=17157"}],"version-history":[{"count":0,"href":"https:\/\/newsinfoco.com.br\/inicio\/wp-json\/wp\/v2\/posts\/17157\/revisions"}],"wp:featuredmedia":[{"embeddable":true,"href":"https:\/\/newsinfoco.com.br\/inicio\/wp-json\/wp\/v2\/media\/17158"}],"wp:attachment":[{"href":"https:\/\/newsinfoco.com.br\/inicio\/wp-json\/wp\/v2\/media?parent=17157"}],"wp:term":[{"taxonomy":"category","embeddable":true,"href":"https:\/\/newsinfoco.com.br\/inicio\/wp-json\/wp\/v2\/categories?post=17157"},{"taxonomy":"post_tag","embeddable":true,"href":"https:\/\/newsinfoco.com.br\/inicio\/wp-json\/wp\/v2\/tags?post=17157"}],"curies":[{"name":"wp","href":"https:\/\/api.w.org\/{rel}","templated":true}]}}