{"id":17171,"date":"2019-09-16T19:17:56","date_gmt":"2019-09-16T22:17:56","guid":{"rendered":"http:\/\/newsinfoco.com.br\/?p=17171"},"modified":"2019-09-16T19:17:56","modified_gmt":"2019-09-16T22:17:56","slug":"desorientacao-politica-teria-levado-rui-a-dar-entrevista-inoportuna-a-revista-veja","status":"publish","type":"post","link":"https:\/\/newsinfoco.com.br\/inicio\/desorientacao-politica-teria-levado-rui-a-dar-entrevista-inoportuna-a-revista-veja\/","title":{"rendered":"\u201cDesorienta\u00e7\u00e3o pol\u00edtica\u201d teria levado Rui a dar entrevista inoportuna \u00e0 revista Veja"},"content":{"rendered":"<p style=\"text-align: justify;\">A mais completa e plena desorienta\u00e7\u00e3o pol\u00edtica \u00e9 a explica\u00e7\u00e3o de deputados aliados, mas especialmente do PT, para o fato de o governador Rui Costa ter se lan\u00e7ado ao abismo com a malfadada entrevista \u00e0 revista Veja desta semana, que sepultou no partido as chances de receber qualquer apoio para concorrer \u00e0 Presid\u00eancia da Rep\u00fablica.<\/p>\n<p style=\"text-align: justify;\">O problema teria sido motivado pelo seu profundo isolamento pol\u00edtico, marcado, principalmente, pelo distanciamento em rela\u00e7\u00e3o ao senador Jaques Wagner (PT), que sempre funcionou como seu padrinho e mentor at\u00e9 ser completamente escanteado no governo estadual, processo iniciado na campanha passada.<\/p>\n<p style=\"text-align: justify;\">O agravamento da situa\u00e7\u00e3o ocorrera, no entanto, com o fato de o senador, pressentindo que poderia ser limado completamente pelo aliado das decis\u00f5es eleitorais com rela\u00e7\u00e3o \u00e0 sucess\u00e3o estadual de 2022, ter feito uma bem sucedida investida para assumir o controle do PT na Bahia.<\/p>\n<p style=\"text-align: justify;\">Assunto sobre o qual n\u00e3o se fala no PT, o movimento de Wagner n\u00e3o apenas imp\u00f4s uma gigantesca derrota pol\u00edtica a Rui na disputa pelo comando da agremia\u00e7\u00e3o de ambos como o tornou ref\u00e9m das op\u00e7\u00f5es que o ex-governador decidir fazer para as pr\u00f3ximas elei\u00e7\u00f5es no Estado.<\/p>\n<p style=\"text-align: justify;\">Como se tornou voz corrente no PT, Wagner est\u00e1 disposto a concorrer, mais uma vez, ao governo daqui a tr\u00eas anos, o que impedir\u00e1 que Rui tente disputar a vaga ao Senado na mesma chapa, obrigando-o a cumprir seu mandato no governo do Estado at\u00e9 o fim.<\/p>\n<p style=\"text-align: justify;\">Na entrevista \u00e0 Veja, o governador fez tudo o que a estrat\u00e9gia pol\u00edtica n\u00e3o recomenda: for\u00e7ou a barra para aparecer como pr\u00e9-candidato a presidente da Rep\u00fablica com tr\u00eas anos de anteced\u00eancia, atacando o pr\u00f3prio partido e relativizando a situa\u00e7\u00e3o de seu l\u00edder maior, Lula, e ainda fazendo pouco caso de Fernando Haddad.<\/p>\n<p style=\"text-align: justify;\">Para completar, fez refer\u00eancias ao ex-candidato do PDT a presidente Ciro Gomes, que, revoltado com o fato de n\u00e3o ter obtido apoio do PT para concorrer a presidente em 2018, tem passado os dias batendo na tecla de que Lula \u00e9 um pol\u00edtico preso e n\u00e3o um preso pol\u00edtico, para desespero dos petistas que querem v\u00ea-lo solto.<\/p>\n<p style=\"text-align: justify;\">A iniciativa aconteceu no momento em que a Lava Jato, que prendeu o petista, \u00e9 colocada em cheque, com a chamada \u201cVazaJato\u201d, e quando uma pesquisa Datafolha apontou que Haddad venceria o presidente Jair Bolsonaro (PSL) se as elei\u00e7\u00f5es fossem hoje.<\/p>\n<p style=\"text-align: justify;\">O que mais chamou a aten\u00e7\u00e3o em todo o epis\u00f3dio, no entanto, foi o fato de Rui n\u00e3o ter conseguido esbo\u00e7ar uma rea\u00e7\u00e3o apropriada, o que o levou a passar tr\u00eas dias apanhando, desde a \u00faltima sexta-feira, quando a entrevista foi publicada.<\/p>\n<p style=\"text-align: justify;\">Tamb\u00e9m nenhuma lideran\u00e7a pol\u00edtica de seu grupo \u2013 a come\u00e7ar por Wagner \u2013 se levantou a seu favor, confirmando a tese de que o governador, apesar de ser bem avaliado pela popula\u00e7\u00e3o segundo as pesquisas, \u00e9 simplesmente \u201cdetestado\u201d pela classe pol\u00edtica por um estilo que muitos consideram \u201cdesleal\u201d e, \u00e0s vezes, \u201cdescort\u00eas\u201d.<\/p>\n<div class='share-to-whatsapp-wrapper'><div class='share-on-whsp'>Share on: <\/div><a data-text='\u201cDesorienta\u00e7\u00e3o pol\u00edtica\u201d teria levado Rui a dar entrevista inoportuna \u00e0 revista Veja' data-link='https:\/\/newsinfoco.com.br\/inicio\/desorientacao-politica-teria-levado-rui-a-dar-entrevista-inoportuna-a-revista-veja\/' class='whatsapp-button whatsapp-share'>WhatsApp<\/a><div class='clear '><\/div><\/div>","protected":false},"excerpt":{"rendered":"<p>A mais completa e plena desorienta\u00e7\u00e3o pol\u00edtica \u00e9 a explica\u00e7\u00e3o de deputados aliados, mas especialmente do PT, para o fato de o governador Rui Costa ter se lan\u00e7ado ao abismo com a malfadada entrevista \u00e0 revista Veja desta semana, que sepultou no partido as chances de receber qualquer apoio para concorrer \u00e0 Presid\u00eancia da Rep\u00fablica. [&hellip;]<\/p>\n","protected":false},"author":1,"featured_media":17172,"comment_status":"open","ping_status":"open","sticky":false,"template":"","format":"standard","meta":{"om_disable_all_campaigns":false,"rop_custom_images_group":[],"rop_custom_messages_group":[],"rop_publish_now":"initial","rop_publish_now_accounts":[],"rop_publish_now_history":[],"rop_publish_now_status":"pending","_exactmetrics_skip_tracking":false,"footnotes":""},"categories":[19,30],"tags":[],"class_list":["post-17171","post","type-post","status-publish","format-standard","has-post-thumbnail","hentry","category-bahia","category-destaque"],"aioseo_notices":[],"aioseo_head":"\n\t\t<!-- All in One SEO 4.9.10 - aioseo.com -->\n\t<meta name=\"description\" content=\"A mais completa e plena desorienta\u00e7\u00e3o pol\u00edtica \u00e9 a explica\u00e7\u00e3o de deputados aliados, mas especialmente do PT, para o fato de o governador Rui Costa ter se lan\u00e7ado ao abismo com a malfadada entrevista \u00e0 revista Veja desta semana, que sepultou no partido as chances de receber qualquer apoio para concorrer \u00e0 Presid\u00eancia da Rep\u00fablica.\" \/>\n\t<meta name=\"robots\" content=\"max-image-preview:large\" \/>\n\t<meta name=\"author\" content=\"administrador\"\/>\n\t<link rel=\"canonical\" href=\"https:\/\/newsinfoco.com.br\/inicio\/desorientacao-politica-teria-levado-rui-a-dar-entrevista-inoportuna-a-revista-veja\/\" \/>\n\t<meta name=\"generator\" content=\"All in One SEO (AIOSEO) 4.9.10\" \/>\n\t\t<meta property=\"og:locale\" content=\"pt_BR\" \/>\n\t\t<meta property=\"og:site_name\" content=\"News In Foco - Editado por Caio Pimenta - O principal site de noticias de Alagoinhas e regi\u00e3o\" \/>\n\t\t<meta property=\"og:type\" content=\"article\" \/>\n\t\t<meta property=\"og:title\" content=\"\u201cDesorienta\u00e7\u00e3o pol\u00edtica\u201d teria levado Rui a dar entrevista inoportuna \u00e0 revista Veja - News In Foco - Editado por Caio Pimenta\" \/>\n\t\t<meta property=\"og:description\" content=\"A mais completa e plena desorienta\u00e7\u00e3o pol\u00edtica \u00e9 a explica\u00e7\u00e3o de deputados aliados, mas especialmente do PT, para o fato de o governador Rui Costa ter se lan\u00e7ado ao abismo com a malfadada entrevista \u00e0 revista Veja desta semana, que sepultou no partido as chances de receber qualquer apoio para concorrer \u00e0 Presid\u00eancia da Rep\u00fablica.\" \/>\n\t\t<meta property=\"og:url\" content=\"https:\/\/newsinfoco.com.br\/inicio\/desorientacao-politica-teria-levado-rui-a-dar-entrevista-inoportuna-a-revista-veja\/\" \/>\n\t\t<meta property=\"article:published_time\" content=\"2019-09-16T22:17:56+00:00\" \/>\n\t\t<meta property=\"article:modified_time\" content=\"2019-09-16T22:17:56+00:00\" \/>\n\t\t<meta name=\"twitter:card\" content=\"summary_large_image\" \/>\n\t\t<meta name=\"twitter:title\" content=\"\u201cDesorienta\u00e7\u00e3o pol\u00edtica\u201d teria levado Rui a dar entrevista inoportuna \u00e0 revista Veja - News In Foco - Editado por Caio Pimenta\" \/>\n\t\t<meta name=\"twitter:description\" content=\"A mais completa e plena desorienta\u00e7\u00e3o pol\u00edtica \u00e9 a explica\u00e7\u00e3o de deputados aliados, mas especialmente do PT, para o fato de o governador Rui Costa ter se lan\u00e7ado ao abismo com a malfadada entrevista \u00e0 revista Veja desta semana, que sepultou no partido as chances de receber qualquer apoio para concorrer \u00e0 Presid\u00eancia da Rep\u00fablica.\" \/>\n\t\t<script type=\"application\/ld+json\" class=\"aioseo-schema\">\n\t\t\t{\"@context\":\"https:\\\/\\\/schema.org\",\"@graph\":[{\"@type\":\"BlogPosting\",\"@id\":\"https:\\\/\\\/newsinfoco.com.br\\\/inicio\\\/desorientacao-politica-teria-levado-rui-a-dar-entrevista-inoportuna-a-revista-veja\\\/#blogposting\",\"name\":\"\\u201cDesorienta\\u00e7\\u00e3o pol\\u00edtica\\u201d teria levado Rui a dar entrevista inoportuna \\u00e0 revista Veja - News In Foco - Editado por Caio Pimenta\",\"headline\":\"\\u201cDesorienta\\u00e7\\u00e3o pol\\u00edtica\\u201d teria levado Rui a dar entrevista inoportuna \\u00e0 revista Veja\",\"author\":{\"@id\":\"https:\\\/\\\/newsinfoco.com.br\\\/inicio\\\/author\\\/administrador\\\/#author\"},\"publisher\":{\"@id\":\"https:\\\/\\\/newsinfoco.com.br\\\/inicio\\\/#organization\"},\"image\":{\"@type\":\"ImageObject\",\"url\":\"https:\\\/\\\/newsinfoco.com.br\\\/inicio\\\/wp-content\\\/uploads\\\/2019\\\/09\\\/15d4ac4628d8be05e148bf0f7604f92d.jpg\",\"width\":590,\"height\":320},\"datePublished\":\"2019-09-16T19:17:56-03:00\",\"dateModified\":\"2019-09-16T19:17:56-03:00\",\"inLanguage\":\"pt-BR\",\"mainEntityOfPage\":{\"@id\":\"https:\\\/\\\/newsinfoco.com.br\\\/inicio\\\/desorientacao-politica-teria-levado-rui-a-dar-entrevista-inoportuna-a-revista-veja\\\/#webpage\"},\"isPartOf\":{\"@id\":\"https:\\\/\\\/newsinfoco.com.br\\\/inicio\\\/desorientacao-politica-teria-levado-rui-a-dar-entrevista-inoportuna-a-revista-veja\\\/#webpage\"},\"articleSection\":\"Bahia, Destaque\"},{\"@type\":\"BreadcrumbList\",\"@id\":\"https:\\\/\\\/newsinfoco.com.br\\\/inicio\\\/desorientacao-politica-teria-levado-rui-a-dar-entrevista-inoportuna-a-revista-veja\\\/#breadcrumblist\",\"itemListElement\":[{\"@type\":\"ListItem\",\"@id\":\"https:\\\/\\\/newsinfoco.com.br\\\/inicio#listItem\",\"position\":1,\"name\":\"In\\u00edcio\",\"item\":\"https:\\\/\\\/newsinfoco.com.br\\\/inicio\",\"nextItem\":{\"@type\":\"ListItem\",\"@id\":\"https:\\\/\\\/newsinfoco.com.br\\\/inicio\\\/category\\\/bahia\\\/#listItem\",\"name\":\"Bahia\"}},{\"@type\":\"ListItem\",\"@id\":\"https:\\\/\\\/newsinfoco.com.br\\\/inicio\\\/category\\\/bahia\\\/#listItem\",\"position\":2,\"name\":\"Bahia\",\"item\":\"https:\\\/\\\/newsinfoco.com.br\\\/inicio\\\/category\\\/bahia\\\/\",\"nextItem\":{\"@type\":\"ListItem\",\"@id\":\"https:\\\/\\\/newsinfoco.com.br\\\/inicio\\\/desorientacao-politica-teria-levado-rui-a-dar-entrevista-inoportuna-a-revista-veja\\\/#listItem\",\"name\":\"\\u201cDesorienta\\u00e7\\u00e3o pol\\u00edtica\\u201d teria levado Rui a dar entrevista inoportuna \\u00e0 revista Veja\"},\"previousItem\":{\"@type\":\"ListItem\",\"@id\":\"https:\\\/\\\/newsinfoco.com.br\\\/inicio#listItem\",\"name\":\"In\\u00edcio\"}},{\"@type\":\"ListItem\",\"@id\":\"https:\\\/\\\/newsinfoco.com.br\\\/inicio\\\/desorientacao-politica-teria-levado-rui-a-dar-entrevista-inoportuna-a-revista-veja\\\/#listItem\",\"position\":3,\"name\":\"\\u201cDesorienta\\u00e7\\u00e3o pol\\u00edtica\\u201d teria levado Rui a dar entrevista inoportuna \\u00e0 revista Veja\",\"previousItem\":{\"@type\":\"ListItem\",\"@id\":\"https:\\\/\\\/newsinfoco.com.br\\\/inicio\\\/category\\\/bahia\\\/#listItem\",\"name\":\"Bahia\"}}]},{\"@type\":\"Organization\",\"@id\":\"https:\\\/\\\/newsinfoco.com.br\\\/inicio\\\/#organization\",\"name\":\"News In Foco - Editado por Caio Pimenta\",\"description\":\"O principal site de noticias de Alagoinhas e regi\\u00e3o\",\"url\":\"https:\\\/\\\/newsinfoco.com.br\\\/inicio\\\/\"},{\"@type\":\"Person\",\"@id\":\"https:\\\/\\\/newsinfoco.com.br\\\/inicio\\\/author\\\/administrador\\\/#author\",\"url\":\"https:\\\/\\\/newsinfoco.com.br\\\/inicio\\\/author\\\/administrador\\\/\",\"name\":\"administrador\",\"image\":{\"@type\":\"ImageObject\",\"@id\":\"https:\\\/\\\/newsinfoco.com.br\\\/inicio\\\/desorientacao-politica-teria-levado-rui-a-dar-entrevista-inoportuna-a-revista-veja\\\/#authorImage\",\"url\":\"https:\\\/\\\/secure.gravatar.com\\\/avatar\\\/c17a617433de8c1dc9584bb79aab7563b46f5bb7e1728c9b17d9cc3ce6a08e49?s=96&d=mm&r=g\",\"width\":96,\"height\":96,\"caption\":\"administrador\"}},{\"@type\":\"WebPage\",\"@id\":\"https:\\\/\\\/newsinfoco.com.br\\\/inicio\\\/desorientacao-politica-teria-levado-rui-a-dar-entrevista-inoportuna-a-revista-veja\\\/#webpage\",\"url\":\"https:\\\/\\\/newsinfoco.com.br\\\/inicio\\\/desorientacao-politica-teria-levado-rui-a-dar-entrevista-inoportuna-a-revista-veja\\\/\",\"name\":\"\\u201cDesorienta\\u00e7\\u00e3o pol\\u00edtica\\u201d teria levado Rui a dar entrevista inoportuna \\u00e0 revista Veja - News In Foco - Editado por Caio Pimenta\",\"description\":\"A mais completa e plena desorienta\\u00e7\\u00e3o pol\\u00edtica \\u00e9 a explica\\u00e7\\u00e3o de deputados aliados, mas especialmente do PT, para o fato de o governador Rui Costa ter se lan\\u00e7ado ao abismo com a malfadada entrevista \\u00e0 revista Veja desta semana, que sepultou no partido as chances de receber qualquer apoio para concorrer \\u00e0 Presid\\u00eancia da Rep\\u00fablica.\",\"inLanguage\":\"pt-BR\",\"isPartOf\":{\"@id\":\"https:\\\/\\\/newsinfoco.com.br\\\/inicio\\\/#website\"},\"breadcrumb\":{\"@id\":\"https:\\\/\\\/newsinfoco.com.br\\\/inicio\\\/desorientacao-politica-teria-levado-rui-a-dar-entrevista-inoportuna-a-revista-veja\\\/#breadcrumblist\"},\"author\":{\"@id\":\"https:\\\/\\\/newsinfoco.com.br\\\/inicio\\\/author\\\/administrador\\\/#author\"},\"creator\":{\"@id\":\"https:\\\/\\\/newsinfoco.com.br\\\/inicio\\\/author\\\/administrador\\\/#author\"},\"image\":{\"@type\":\"ImageObject\",\"url\":\"https:\\\/\\\/newsinfoco.com.br\\\/inicio\\\/wp-content\\\/uploads\\\/2019\\\/09\\\/15d4ac4628d8be05e148bf0f7604f92d.jpg\",\"@id\":\"https:\\\/\\\/newsinfoco.com.br\\\/inicio\\\/desorientacao-politica-teria-levado-rui-a-dar-entrevista-inoportuna-a-revista-veja\\\/#mainImage\",\"width\":590,\"height\":320},\"primaryImageOfPage\":{\"@id\":\"https:\\\/\\\/newsinfoco.com.br\\\/inicio\\\/desorientacao-politica-teria-levado-rui-a-dar-entrevista-inoportuna-a-revista-veja\\\/#mainImage\"},\"datePublished\":\"2019-09-16T19:17:56-03:00\",\"dateModified\":\"2019-09-16T19:17:56-03:00\"},{\"@type\":\"WebSite\",\"@id\":\"https:\\\/\\\/newsinfoco.com.br\\\/inicio\\\/#website\",\"url\":\"https:\\\/\\\/newsinfoco.com.br\\\/inicio\\\/\",\"name\":\"News In Foco - Editado por Caio Pimenta\",\"description\":\"O principal site de noticias de Alagoinhas e regi\\u00e3o\",\"inLanguage\":\"pt-BR\",\"publisher\":{\"@id\":\"https:\\\/\\\/newsinfoco.com.br\\\/inicio\\\/#organization\"}}]}\n\t\t<\/script>\n\t\t<!-- All in One SEO -->\n\n","aioseo_head_json":{"title":"\u201cDesorienta\u00e7\u00e3o pol\u00edtica\u201d teria levado Rui a dar entrevista inoportuna \u00e0 revista Veja - News In Foco - Editado por Caio Pimenta","description":"A mais completa e plena desorienta\u00e7\u00e3o pol\u00edtica \u00e9 a explica\u00e7\u00e3o de deputados aliados, mas especialmente do PT, para o fato de o governador Rui Costa ter se lan\u00e7ado ao abismo com a malfadada entrevista \u00e0 revista Veja desta semana, que sepultou no partido as chances de receber qualquer apoio para concorrer \u00e0 Presid\u00eancia da Rep\u00fablica.","canonical_url":"https:\/\/newsinfoco.com.br\/inicio\/desorientacao-politica-teria-levado-rui-a-dar-entrevista-inoportuna-a-revista-veja\/","robots":"max-image-preview:large","keywords":"","webmasterTools":{"miscellaneous":""},"schema":{"@context":"https:\/\/schema.org","@graph":[{"@type":"BlogPosting","@id":"https:\/\/newsinfoco.com.br\/inicio\/desorientacao-politica-teria-levado-rui-a-dar-entrevista-inoportuna-a-revista-veja\/#blogposting","name":"\u201cDesorienta\u00e7\u00e3o pol\u00edtica\u201d teria levado Rui a dar entrevista inoportuna \u00e0 revista Veja - News In Foco - Editado por Caio Pimenta","headline":"\u201cDesorienta\u00e7\u00e3o pol\u00edtica\u201d teria levado Rui a dar entrevista inoportuna \u00e0 revista Veja","author":{"@id":"https:\/\/newsinfoco.com.br\/inicio\/author\/administrador\/#author"},"publisher":{"@id":"https:\/\/newsinfoco.com.br\/inicio\/#organization"},"image":{"@type":"ImageObject","url":"https:\/\/newsinfoco.com.br\/inicio\/wp-content\/uploads\/2019\/09\/15d4ac4628d8be05e148bf0f7604f92d.jpg","width":590,"height":320},"datePublished":"2019-09-16T19:17:56-03:00","dateModified":"2019-09-16T19:17:56-03:00","inLanguage":"pt-BR","mainEntityOfPage":{"@id":"https:\/\/newsinfoco.com.br\/inicio\/desorientacao-politica-teria-levado-rui-a-dar-entrevista-inoportuna-a-revista-veja\/#webpage"},"isPartOf":{"@id":"https:\/\/newsinfoco.com.br\/inicio\/desorientacao-politica-teria-levado-rui-a-dar-entrevista-inoportuna-a-revista-veja\/#webpage"},"articleSection":"Bahia, Destaque"},{"@type":"BreadcrumbList","@id":"https:\/\/newsinfoco.com.br\/inicio\/desorientacao-politica-teria-levado-rui-a-dar-entrevista-inoportuna-a-revista-veja\/#breadcrumblist","itemListElement":[{"@type":"ListItem","@id":"https:\/\/newsinfoco.com.br\/inicio#listItem","position":1,"name":"In\u00edcio","item":"https:\/\/newsinfoco.com.br\/inicio","nextItem":{"@type":"ListItem","@id":"https:\/\/newsinfoco.com.br\/inicio\/category\/bahia\/#listItem","name":"Bahia"}},{"@type":"ListItem","@id":"https:\/\/newsinfoco.com.br\/inicio\/category\/bahia\/#listItem","position":2,"name":"Bahia","item":"https:\/\/newsinfoco.com.br\/inicio\/category\/bahia\/","nextItem":{"@type":"ListItem","@id":"https:\/\/newsinfoco.com.br\/inicio\/desorientacao-politica-teria-levado-rui-a-dar-entrevista-inoportuna-a-revista-veja\/#listItem","name":"\u201cDesorienta\u00e7\u00e3o pol\u00edtica\u201d teria levado Rui a dar entrevista inoportuna \u00e0 revista Veja"},"previousItem":{"@type":"ListItem","@id":"https:\/\/newsinfoco.com.br\/inicio#listItem","name":"In\u00edcio"}},{"@type":"ListItem","@id":"https:\/\/newsinfoco.com.br\/inicio\/desorientacao-politica-teria-levado-rui-a-dar-entrevista-inoportuna-a-revista-veja\/#listItem","position":3,"name":"\u201cDesorienta\u00e7\u00e3o pol\u00edtica\u201d teria levado Rui a dar entrevista inoportuna \u00e0 revista Veja","previousItem":{"@type":"ListItem","@id":"https:\/\/newsinfoco.com.br\/inicio\/category\/bahia\/#listItem","name":"Bahia"}}]},{"@type":"Organization","@id":"https:\/\/newsinfoco.com.br\/inicio\/#organization","name":"News In Foco - Editado por Caio Pimenta","description":"O principal site de noticias de Alagoinhas e regi\u00e3o","url":"https:\/\/newsinfoco.com.br\/inicio\/"},{"@type":"Person","@id":"https:\/\/newsinfoco.com.br\/inicio\/author\/administrador\/#author","url":"https:\/\/newsinfoco.com.br\/inicio\/author\/administrador\/","name":"administrador","image":{"@type":"ImageObject","@id":"https:\/\/newsinfoco.com.br\/inicio\/desorientacao-politica-teria-levado-rui-a-dar-entrevista-inoportuna-a-revista-veja\/#authorImage","url":"https:\/\/secure.gravatar.com\/avatar\/c17a617433de8c1dc9584bb79aab7563b46f5bb7e1728c9b17d9cc3ce6a08e49?s=96&d=mm&r=g","width":96,"height":96,"caption":"administrador"}},{"@type":"WebPage","@id":"https:\/\/newsinfoco.com.br\/inicio\/desorientacao-politica-teria-levado-rui-a-dar-entrevista-inoportuna-a-revista-veja\/#webpage","url":"https:\/\/newsinfoco.com.br\/inicio\/desorientacao-politica-teria-levado-rui-a-dar-entrevista-inoportuna-a-revista-veja\/","name":"\u201cDesorienta\u00e7\u00e3o pol\u00edtica\u201d teria levado Rui a dar entrevista inoportuna \u00e0 revista Veja - News In Foco - Editado por Caio Pimenta","description":"A mais completa e plena desorienta\u00e7\u00e3o pol\u00edtica \u00e9 a explica\u00e7\u00e3o de deputados aliados, mas especialmente do PT, para o fato de o governador Rui Costa ter se lan\u00e7ado ao abismo com a malfadada entrevista \u00e0 revista Veja desta semana, que sepultou no partido as chances de receber qualquer apoio para concorrer \u00e0 Presid\u00eancia da Rep\u00fablica.","inLanguage":"pt-BR","isPartOf":{"@id":"https:\/\/newsinfoco.com.br\/inicio\/#website"},"breadcrumb":{"@id":"https:\/\/newsinfoco.com.br\/inicio\/desorientacao-politica-teria-levado-rui-a-dar-entrevista-inoportuna-a-revista-veja\/#breadcrumblist"},"author":{"@id":"https:\/\/newsinfoco.com.br\/inicio\/author\/administrador\/#author"},"creator":{"@id":"https:\/\/newsinfoco.com.br\/inicio\/author\/administrador\/#author"},"image":{"@type":"ImageObject","url":"https:\/\/newsinfoco.com.br\/inicio\/wp-content\/uploads\/2019\/09\/15d4ac4628d8be05e148bf0f7604f92d.jpg","@id":"https:\/\/newsinfoco.com.br\/inicio\/desorientacao-politica-teria-levado-rui-a-dar-entrevista-inoportuna-a-revista-veja\/#mainImage","width":590,"height":320},"primaryImageOfPage":{"@id":"https:\/\/newsinfoco.com.br\/inicio\/desorientacao-politica-teria-levado-rui-a-dar-entrevista-inoportuna-a-revista-veja\/#mainImage"},"datePublished":"2019-09-16T19:17:56-03:00","dateModified":"2019-09-16T19:17:56-03:00"},{"@type":"WebSite","@id":"https:\/\/newsinfoco.com.br\/inicio\/#website","url":"https:\/\/newsinfoco.com.br\/inicio\/","name":"News In Foco - Editado por Caio Pimenta","description":"O principal site de noticias de Alagoinhas e regi\u00e3o","inLanguage":"pt-BR","publisher":{"@id":"https:\/\/newsinfoco.com.br\/inicio\/#organization"}}]},"og:locale":"pt_BR","og:site_name":"News In Foco - Editado por Caio Pimenta - O principal site de noticias de Alagoinhas e regi\u00e3o","og:type":"article","og:title":"\u201cDesorienta\u00e7\u00e3o pol\u00edtica\u201d teria levado Rui a dar entrevista inoportuna \u00e0 revista Veja - News In Foco - Editado por Caio Pimenta","og:description":"A mais completa e plena desorienta\u00e7\u00e3o pol\u00edtica \u00e9 a explica\u00e7\u00e3o de deputados aliados, mas especialmente do PT, para o fato de o governador Rui Costa ter se lan\u00e7ado ao abismo com a malfadada entrevista \u00e0 revista Veja desta semana, que sepultou no partido as chances de receber qualquer apoio para concorrer \u00e0 Presid\u00eancia da Rep\u00fablica.","og:url":"https:\/\/newsinfoco.com.br\/inicio\/desorientacao-politica-teria-levado-rui-a-dar-entrevista-inoportuna-a-revista-veja\/","article:published_time":"2019-09-16T22:17:56+00:00","article:modified_time":"2019-09-16T22:17:56+00:00","twitter:card":"summary_large_image","twitter:title":"\u201cDesorienta\u00e7\u00e3o pol\u00edtica\u201d teria levado Rui a dar entrevista inoportuna \u00e0 revista Veja - News In Foco - Editado por Caio Pimenta","twitter:description":"A mais completa e plena desorienta\u00e7\u00e3o pol\u00edtica \u00e9 a explica\u00e7\u00e3o de deputados aliados, mas especialmente do PT, para o fato de o governador Rui Costa ter se lan\u00e7ado ao abismo com a malfadada entrevista \u00e0 revista Veja desta semana, que sepultou no partido as chances de receber qualquer apoio para concorrer \u00e0 Presid\u00eancia da Rep\u00fablica."},"aioseo_meta_data":{"post_id":"17171","title":null,"description":null,"keywords":null,"keyphrases":null,"primary_term":null,"canonical_url":null,"og_title":null,"og_description":null,"og_object_type":"default","og_image_type":"default","og_image_url":null,"og_image_width":null,"og_image_height":null,"og_image_custom_url":null,"og_image_custom_fields":null,"og_video":null,"og_custom_url":null,"og_article_section":null,"og_article_tags":null,"twitter_use_og":false,"twitter_card":"default","twitter_image_type":"default","twitter_image_url":null,"twitter_image_custom_url":null,"twitter_image_custom_fields":null,"twitter_title":null,"twitter_description":null,"schema":{"blockGraphs":[],"customGraphs":[],"default":{"data":{"Article":[],"Course":[],"Dataset":[],"FAQPage":[],"Movie":[],"Person":[],"Product":[],"ProductReview":[],"Car":[],"Recipe":[],"Service":[],"SoftwareApplication":[],"WebPage":[]},"graphName":"","isEnabled":true},"graphs":[]},"schema_type":"default","schema_type_options":null,"pillar_content":false,"robots_default":true,"robots_noindex":false,"robots_noarchive":false,"robots_nosnippet":false,"robots_nofollow":false,"robots_noimageindex":false,"robots_noodp":false,"robots_notranslate":false,"robots_max_snippet":null,"robots_max_videopreview":null,"robots_max_imagepreview":"large","priority":null,"frequency":null,"local_seo":null,"breadcrumb_settings":null,"limit_modified_date":false,"ai":null,"created":"2023-06-12 14:25:51","updated":"2025-07-11 01:07:49","seo_analyzer_scan_date":null},"aioseo_breadcrumb":"<div class=\"aioseo-breadcrumbs\"><span class=\"aioseo-breadcrumb\">\n\t\t\t<a href=\"https:\/\/newsinfoco.com.br\/inicio\" title=\"In\u00edcio\">In\u00edcio<\/a>\n\t\t<\/span><span class=\"aioseo-breadcrumb-separator\">&raquo;<\/span><span class=\"aioseo-breadcrumb\">\n\t\t\t<a href=\"https:\/\/newsinfoco.com.br\/inicio\/category\/bahia\/\" title=\"Bahia\">Bahia<\/a>\n\t\t<\/span><span class=\"aioseo-breadcrumb-separator\">&raquo;<\/span><span class=\"aioseo-breadcrumb\">\n\t\t\t\u201cDesorienta\u00e7\u00e3o pol\u00edtica\u201d teria levado Rui a dar entrevista inoportuna \u00e0 revista Veja\n\t\t<\/span><\/div>","aioseo_breadcrumb_json":[{"label":"In\u00edcio","link":"https:\/\/newsinfoco.com.br\/inicio"},{"label":"Bahia","link":"https:\/\/newsinfoco.com.br\/inicio\/category\/bahia\/"},{"label":"\u201cDesorienta\u00e7\u00e3o pol\u00edtica\u201d teria levado Rui a dar entrevista inoportuna \u00e0 revista Veja","link":"https:\/\/newsinfoco.com.br\/inicio\/desorientacao-politica-teria-levado-rui-a-dar-entrevista-inoportuna-a-revista-veja\/"}],"_links":{"self":[{"href":"https:\/\/newsinfoco.com.br\/inicio\/wp-json\/wp\/v2\/posts\/17171","targetHints":{"allow":["GET"]}}],"collection":[{"href":"https:\/\/newsinfoco.com.br\/inicio\/wp-json\/wp\/v2\/posts"}],"about":[{"href":"https:\/\/newsinfoco.com.br\/inicio\/wp-json\/wp\/v2\/types\/post"}],"author":[{"embeddable":true,"href":"https:\/\/newsinfoco.com.br\/inicio\/wp-json\/wp\/v2\/users\/1"}],"replies":[{"embeddable":true,"href":"https:\/\/newsinfoco.com.br\/inicio\/wp-json\/wp\/v2\/comments?post=17171"}],"version-history":[{"count":0,"href":"https:\/\/newsinfoco.com.br\/inicio\/wp-json\/wp\/v2\/posts\/17171\/revisions"}],"wp:featuredmedia":[{"embeddable":true,"href":"https:\/\/newsinfoco.com.br\/inicio\/wp-json\/wp\/v2\/media\/17172"}],"wp:attachment":[{"href":"https:\/\/newsinfoco.com.br\/inicio\/wp-json\/wp\/v2\/media?parent=17171"}],"wp:term":[{"taxonomy":"category","embeddable":true,"href":"https:\/\/newsinfoco.com.br\/inicio\/wp-json\/wp\/v2\/categories?post=17171"},{"taxonomy":"post_tag","embeddable":true,"href":"https:\/\/newsinfoco.com.br\/inicio\/wp-json\/wp\/v2\/tags?post=17171"}],"curies":[{"name":"wp","href":"https:\/\/api.w.org\/{rel}","templated":true}]}}