{"id":17174,"date":"2019-09-16T19:20:45","date_gmt":"2019-09-16T22:20:45","guid":{"rendered":"http:\/\/newsinfoco.com.br\/?p=17174"},"modified":"2019-09-16T19:20:45","modified_gmt":"2019-09-16T22:20:45","slug":"governo-quer-tirar-da-constituicao-reajuste-do-salario-minimo-pela-inflacao","status":"publish","type":"post","link":"https:\/\/newsinfoco.com.br\/inicio\/governo-quer-tirar-da-constituicao-reajuste-do-salario-minimo-pela-inflacao\/","title":{"rendered":"Governo quer tirar da Constitui\u00e7\u00e3o reajuste do sal\u00e1rio m\u00ednimo pela infla\u00e7\u00e3o"},"content":{"rendered":"<p style=\"text-align: justify;\">A equipe econ\u00f4mica estuda retirar da Constitui\u00e7\u00e3o Federal a previs\u00e3o de que o sal\u00e1rio m\u00ednimo seja corrigido pela infla\u00e7\u00e3o. O congelamento poderia render uma economia entre R$ 35 bilh\u00f5es e R$ 37 bilh\u00f5es, segundo fontes da equipe econ\u00f4mica ouvidas pelo Estad\u00e3o\/Broadcast.<\/p>\n<p style=\"text-align: justify;\">A ideia \u00e9 que, em momentos de grave desequil\u00edbrio fiscal, como o atual, haja condi\u00e7\u00f5es de congelar mesmo os aumentos nominais (ou seja, dar a varia\u00e7\u00e3o da infla\u00e7\u00e3o) da remunera\u00e7\u00e3o por alguns anos, at\u00e9 que a sa\u00fade das contas seja endere\u00e7ada.<\/p>\n<p style=\"text-align: justify;\">Oficialmente, por\u00e9m, a proposta de or\u00e7amento para o ano de 2020 prev\u00ea aumento do sal\u00e1rio m\u00ednimo dos atuais R$ 998 para R$ 1.039 a partir de janeiro do ano que vem, levando em conta a varia\u00e7\u00e3o da infla\u00e7\u00e3o. H\u00e1 quem defenda, no entanto, n\u00e3o dar nem mesmo a infla\u00e7\u00e3o como reposi\u00e7\u00e3o salarial para abrir espa\u00e7o no Or\u00e7amento para despesas de custeio da m\u00e1quina p\u00fablica e investimentos.<\/p>\n<p style=\"text-align: justify;\">Como o Estado mostrou, o Or\u00e7amento de 2020 pode come\u00e7ar com um al\u00edvio de R$ 202,6 bilh\u00f5es entre redu\u00e7\u00e3o de despesas, aumento de receitas e diminui\u00e7\u00e3o da d\u00edvida p\u00fablica, caso o Congresso Nacional aprove uma proposta que aciona mais rapidamente medidas de conten\u00e7\u00e3o dos gastos j\u00e1 previstos na Constitui\u00e7\u00e3o e cria novos freios para as contas.<\/p>\n<p style=\"text-align: justify;\">A ideia tem sido costurada com os deputados Pedro Paulo (DEM-RJ) e Felipe Rigoni (PSB-ES), respectivamente autor e relator de uma proposta que regulamenta a regra de ouro e tenta limitar o crescimento dos gastos obrigat\u00f3rios. \u201cPodemos apresentar uma proposta que preveja, por exemplo, n\u00e3o ter o reajuste por um ou dois anos em momentos de dificuldades fiscais. E isso abriria espa\u00e7o para que outros benef\u00edcios tamb\u00e9m n\u00e3o sejam corrigidos\u201d, disse uma fonte do governo.<\/p>\n<p style=\"text-align: justify;\">Hoje, a Constitui\u00e7\u00e3o prev\u00ea que \u00e9 direito social do cidad\u00e3o ter acesso a um sal\u00e1rio m\u00ednimo \u201ccom reajustes peri\u00f3dicos que lhe preservem o poder aquisitivo\u201d. Assim, o governo se v\u00ea obrigado a, todos os anos, recompor ao menos a infla\u00e7\u00e3o. At\u00e9 o ano passado, a pol\u00edtica de reajuste fixava uma corre\u00e7\u00e3o pelo \u00cdndice de Pre\u00e7os ao Consumidor (INPC) do ano anterior mais o Produto Interno Bruto (PIB) de dois anos antes. Com o vencimento desse modelo, o governo se debru\u00e7a sobre uma mudan\u00e7a.<\/p>\n<p style=\"text-align: justify;\">A pol\u00edtica de aumentos reais (acima da infla\u00e7\u00e3o) vinha sendo implementada nos \u00faltimos anos, ap\u00f3s ser proposta pela ent\u00e3o presidente Dilma Rousseff e aprovada pelo Congresso. Os reajustes pela infla\u00e7\u00e3o e varia\u00e7\u00e3o do PIB vigoraram de 2011 a 2019, mas nem sempre o sal\u00e1rio m\u00ednimo subiu acima da infla\u00e7\u00e3o. Em 2017 e 2018, por exemplo, foi concedido o reajuste somente com base na infla\u00e7\u00e3o porque o PIB dos anos anteriores (2015 e 2016) teve retra\u00e7\u00e3o. Por isso, para cumprir a f\u00f3rmula proposta, somente a infla\u00e7\u00e3o serviu de base para o aumento.<\/p>\n<p style=\"text-align: justify;\">Segundo o pr\u00f3prio Minist\u00e9rio da Economia, cada R$ 1 a mais de aumento no sal\u00e1rio m\u00ednimo gera um gasto adicional de R$ 302 milh\u00f5es ao governo. Isso porque uma s\u00e9rie de benef\u00edcios sociais, como o benef\u00edcio de presta\u00e7\u00e3o continuada (BPC) e o abono salarial, \u00e9 indexada ao sal\u00e1rio m\u00ednimo e tem, por isso, um aumento proporcional. Com as contas apertadas, o governo quer encontrar formas de enxugar as despesas obrigat\u00f3rias para abrir espa\u00e7o no Or\u00e7amento e no teto de gastos.<\/p>\n<p style=\"text-align: justify;\">A percep\u00e7\u00e3o interna \u00e9 de que j\u00e1 n\u00e3o h\u00e1 muito espa\u00e7o para cortes no gasto discricion\u00e1rio. Al\u00e9m disso, h\u00e1 um entendimento de que ser\u00e1 muito dif\u00edcil manter a m\u00e1quina p\u00fablica funcionando devidamente no formato previsto no Or\u00e7amento, com discricion\u00e1rias (custeio da m\u00e1quina p\u00fablica e investimentos) fixadas em R$ 89,161 bilh\u00f5es. A conten\u00e7\u00e3o do aumento do sal\u00e1rio m\u00ednimo, com consequente efeito sobre o avan\u00e7o do gasto com benef\u00edcios sociais, \u00e9 uma das principais apostas do governo para diminuir o peso da despesa obrigat\u00f3ria.<\/p>\n<div class='share-to-whatsapp-wrapper'><div class='share-on-whsp'>Share on: <\/div><a data-text='Governo quer tirar da Constitui\u00e7\u00e3o reajuste do sal\u00e1rio m\u00ednimo pela infla\u00e7\u00e3o' data-link='https:\/\/newsinfoco.com.br\/inicio\/governo-quer-tirar-da-constituicao-reajuste-do-salario-minimo-pela-inflacao\/' class='whatsapp-button whatsapp-share'>WhatsApp<\/a><div class='clear '><\/div><\/div>","protected":false},"excerpt":{"rendered":"<p>A equipe econ\u00f4mica estuda retirar da Constitui\u00e7\u00e3o Federal a previs\u00e3o de que o sal\u00e1rio m\u00ednimo seja corrigido pela infla\u00e7\u00e3o. O congelamento poderia render uma economia entre R$ 35 bilh\u00f5es e R$ 37 bilh\u00f5es, segundo fontes da equipe econ\u00f4mica ouvidas pelo Estad\u00e3o\/Broadcast. A ideia \u00e9 que, em momentos de grave desequil\u00edbrio fiscal, como o atual, haja [&hellip;]<\/p>\n","protected":false},"author":1,"featured_media":17175,"comment_status":"open","ping_status":"open","sticky":false,"template":"","format":"standard","meta":{"om_disable_all_campaigns":false,"rop_custom_images_group":[],"rop_custom_messages_group":[],"rop_publish_now":"initial","rop_publish_now_accounts":[],"rop_publish_now_history":[],"rop_publish_now_status":"pending","_exactmetrics_skip_tracking":false,"footnotes":""},"categories":[21,30],"tags":[],"class_list":["post-17174","post","type-post","status-publish","format-standard","has-post-thumbnail","hentry","category-brasil","category-destaque"],"aioseo_notices":[],"aioseo_head":"\n\t\t<!-- All in One SEO 4.9.10 - aioseo.com -->\n\t<meta name=\"description\" content=\"A equipe econ\u00f4mica estuda retirar da Constitui\u00e7\u00e3o Federal a previs\u00e3o de que o sal\u00e1rio m\u00ednimo seja corrigido pela infla\u00e7\u00e3o. O congelamento poderia render uma economia entre R$ 35 bilh\u00f5es e R$ 37 bilh\u00f5es, segundo fontes da equipe econ\u00f4mica ouvidas pelo Estad\u00e3o\/Broadcast. A ideia \u00e9 que, em momentos de grave desequil\u00edbrio fiscal, como o atual, haja\" \/>\n\t<meta name=\"robots\" content=\"max-image-preview:large\" \/>\n\t<meta name=\"author\" content=\"administrador\"\/>\n\t<link rel=\"canonical\" href=\"https:\/\/newsinfoco.com.br\/inicio\/governo-quer-tirar-da-constituicao-reajuste-do-salario-minimo-pela-inflacao\/\" \/>\n\t<meta name=\"generator\" content=\"All in One SEO (AIOSEO) 4.9.10\" \/>\n\t\t<meta property=\"og:locale\" content=\"pt_BR\" \/>\n\t\t<meta property=\"og:site_name\" content=\"News In Foco - Editado por Caio Pimenta - O principal site de noticias de Alagoinhas e regi\u00e3o\" \/>\n\t\t<meta property=\"og:type\" content=\"article\" \/>\n\t\t<meta property=\"og:title\" content=\"Governo quer tirar da Constitui\u00e7\u00e3o reajuste do sal\u00e1rio m\u00ednimo pela infla\u00e7\u00e3o - News In Foco - Editado por Caio Pimenta\" \/>\n\t\t<meta property=\"og:description\" content=\"A equipe econ\u00f4mica estuda retirar da Constitui\u00e7\u00e3o Federal a previs\u00e3o de que o sal\u00e1rio m\u00ednimo seja corrigido pela infla\u00e7\u00e3o. O congelamento poderia render uma economia entre R$ 35 bilh\u00f5es e R$ 37 bilh\u00f5es, segundo fontes da equipe econ\u00f4mica ouvidas pelo Estad\u00e3o\/Broadcast. A ideia \u00e9 que, em momentos de grave desequil\u00edbrio fiscal, como o atual, haja\" \/>\n\t\t<meta property=\"og:url\" content=\"https:\/\/newsinfoco.com.br\/inicio\/governo-quer-tirar-da-constituicao-reajuste-do-salario-minimo-pela-inflacao\/\" \/>\n\t\t<meta property=\"article:published_time\" content=\"2019-09-16T22:20:45+00:00\" \/>\n\t\t<meta property=\"article:modified_time\" content=\"2019-09-16T22:20:45+00:00\" \/>\n\t\t<meta name=\"twitter:card\" content=\"summary_large_image\" \/>\n\t\t<meta name=\"twitter:title\" content=\"Governo quer tirar da Constitui\u00e7\u00e3o reajuste do sal\u00e1rio m\u00ednimo pela infla\u00e7\u00e3o - News In Foco - Editado por Caio Pimenta\" \/>\n\t\t<meta name=\"twitter:description\" content=\"A equipe econ\u00f4mica estuda retirar da Constitui\u00e7\u00e3o Federal a previs\u00e3o de que o sal\u00e1rio m\u00ednimo seja corrigido pela infla\u00e7\u00e3o. O congelamento poderia render uma economia entre R$ 35 bilh\u00f5es e R$ 37 bilh\u00f5es, segundo fontes da equipe econ\u00f4mica ouvidas pelo Estad\u00e3o\/Broadcast. A ideia \u00e9 que, em momentos de grave desequil\u00edbrio fiscal, como o atual, haja\" \/>\n\t\t<script type=\"application\/ld+json\" class=\"aioseo-schema\">\n\t\t\t{\"@context\":\"https:\\\/\\\/schema.org\",\"@graph\":[{\"@type\":\"BlogPosting\",\"@id\":\"https:\\\/\\\/newsinfoco.com.br\\\/inicio\\\/governo-quer-tirar-da-constituicao-reajuste-do-salario-minimo-pela-inflacao\\\/#blogposting\",\"name\":\"Governo quer tirar da Constitui\\u00e7\\u00e3o reajuste do sal\\u00e1rio m\\u00ednimo pela infla\\u00e7\\u00e3o - News In Foco - Editado por Caio Pimenta\",\"headline\":\"Governo quer tirar da Constitui\\u00e7\\u00e3o reajuste do sal\\u00e1rio m\\u00ednimo pela infla\\u00e7\\u00e3o\",\"author\":{\"@id\":\"https:\\\/\\\/newsinfoco.com.br\\\/inicio\\\/author\\\/administrador\\\/#author\"},\"publisher\":{\"@id\":\"https:\\\/\\\/newsinfoco.com.br\\\/inicio\\\/#organization\"},\"image\":{\"@type\":\"ImageObject\",\"url\":\"https:\\\/\\\/newsinfoco.com.br\\\/inicio\\\/wp-content\\\/uploads\\\/2019\\\/09\\\/a61f813ecd2e95a37266eebe3e109c9e.jpg\",\"width\":590,\"height\":320},\"datePublished\":\"2019-09-16T19:20:45-03:00\",\"dateModified\":\"2019-09-16T19:20:45-03:00\",\"inLanguage\":\"pt-BR\",\"mainEntityOfPage\":{\"@id\":\"https:\\\/\\\/newsinfoco.com.br\\\/inicio\\\/governo-quer-tirar-da-constituicao-reajuste-do-salario-minimo-pela-inflacao\\\/#webpage\"},\"isPartOf\":{\"@id\":\"https:\\\/\\\/newsinfoco.com.br\\\/inicio\\\/governo-quer-tirar-da-constituicao-reajuste-do-salario-minimo-pela-inflacao\\\/#webpage\"},\"articleSection\":\"Brasil, Destaque\"},{\"@type\":\"BreadcrumbList\",\"@id\":\"https:\\\/\\\/newsinfoco.com.br\\\/inicio\\\/governo-quer-tirar-da-constituicao-reajuste-do-salario-minimo-pela-inflacao\\\/#breadcrumblist\",\"itemListElement\":[{\"@type\":\"ListItem\",\"@id\":\"https:\\\/\\\/newsinfoco.com.br\\\/inicio#listItem\",\"position\":1,\"name\":\"In\\u00edcio\",\"item\":\"https:\\\/\\\/newsinfoco.com.br\\\/inicio\",\"nextItem\":{\"@type\":\"ListItem\",\"@id\":\"https:\\\/\\\/newsinfoco.com.br\\\/inicio\\\/category\\\/brasil\\\/#listItem\",\"name\":\"Brasil\"}},{\"@type\":\"ListItem\",\"@id\":\"https:\\\/\\\/newsinfoco.com.br\\\/inicio\\\/category\\\/brasil\\\/#listItem\",\"position\":2,\"name\":\"Brasil\",\"item\":\"https:\\\/\\\/newsinfoco.com.br\\\/inicio\\\/category\\\/brasil\\\/\",\"nextItem\":{\"@type\":\"ListItem\",\"@id\":\"https:\\\/\\\/newsinfoco.com.br\\\/inicio\\\/governo-quer-tirar-da-constituicao-reajuste-do-salario-minimo-pela-inflacao\\\/#listItem\",\"name\":\"Governo quer tirar da Constitui\\u00e7\\u00e3o reajuste do sal\\u00e1rio m\\u00ednimo pela infla\\u00e7\\u00e3o\"},\"previousItem\":{\"@type\":\"ListItem\",\"@id\":\"https:\\\/\\\/newsinfoco.com.br\\\/inicio#listItem\",\"name\":\"In\\u00edcio\"}},{\"@type\":\"ListItem\",\"@id\":\"https:\\\/\\\/newsinfoco.com.br\\\/inicio\\\/governo-quer-tirar-da-constituicao-reajuste-do-salario-minimo-pela-inflacao\\\/#listItem\",\"position\":3,\"name\":\"Governo quer tirar da Constitui\\u00e7\\u00e3o reajuste do sal\\u00e1rio m\\u00ednimo pela infla\\u00e7\\u00e3o\",\"previousItem\":{\"@type\":\"ListItem\",\"@id\":\"https:\\\/\\\/newsinfoco.com.br\\\/inicio\\\/category\\\/brasil\\\/#listItem\",\"name\":\"Brasil\"}}]},{\"@type\":\"Organization\",\"@id\":\"https:\\\/\\\/newsinfoco.com.br\\\/inicio\\\/#organization\",\"name\":\"News In Foco - Editado por Caio Pimenta\",\"description\":\"O principal site de noticias de Alagoinhas e regi\\u00e3o\",\"url\":\"https:\\\/\\\/newsinfoco.com.br\\\/inicio\\\/\"},{\"@type\":\"Person\",\"@id\":\"https:\\\/\\\/newsinfoco.com.br\\\/inicio\\\/author\\\/administrador\\\/#author\",\"url\":\"https:\\\/\\\/newsinfoco.com.br\\\/inicio\\\/author\\\/administrador\\\/\",\"name\":\"administrador\",\"image\":{\"@type\":\"ImageObject\",\"@id\":\"https:\\\/\\\/newsinfoco.com.br\\\/inicio\\\/governo-quer-tirar-da-constituicao-reajuste-do-salario-minimo-pela-inflacao\\\/#authorImage\",\"url\":\"https:\\\/\\\/secure.gravatar.com\\\/avatar\\\/c17a617433de8c1dc9584bb79aab7563b46f5bb7e1728c9b17d9cc3ce6a08e49?s=96&d=mm&r=g\",\"width\":96,\"height\":96,\"caption\":\"administrador\"}},{\"@type\":\"WebPage\",\"@id\":\"https:\\\/\\\/newsinfoco.com.br\\\/inicio\\\/governo-quer-tirar-da-constituicao-reajuste-do-salario-minimo-pela-inflacao\\\/#webpage\",\"url\":\"https:\\\/\\\/newsinfoco.com.br\\\/inicio\\\/governo-quer-tirar-da-constituicao-reajuste-do-salario-minimo-pela-inflacao\\\/\",\"name\":\"Governo quer tirar da Constitui\\u00e7\\u00e3o reajuste do sal\\u00e1rio m\\u00ednimo pela infla\\u00e7\\u00e3o - News In Foco - Editado por Caio Pimenta\",\"description\":\"A equipe econ\\u00f4mica estuda retirar da Constitui\\u00e7\\u00e3o Federal a previs\\u00e3o de que o sal\\u00e1rio m\\u00ednimo seja corrigido pela infla\\u00e7\\u00e3o. O congelamento poderia render uma economia entre R$ 35 bilh\\u00f5es e R$ 37 bilh\\u00f5es, segundo fontes da equipe econ\\u00f4mica ouvidas pelo Estad\\u00e3o\\\/Broadcast. A ideia \\u00e9 que, em momentos de grave desequil\\u00edbrio fiscal, como o atual, haja\",\"inLanguage\":\"pt-BR\",\"isPartOf\":{\"@id\":\"https:\\\/\\\/newsinfoco.com.br\\\/inicio\\\/#website\"},\"breadcrumb\":{\"@id\":\"https:\\\/\\\/newsinfoco.com.br\\\/inicio\\\/governo-quer-tirar-da-constituicao-reajuste-do-salario-minimo-pela-inflacao\\\/#breadcrumblist\"},\"author\":{\"@id\":\"https:\\\/\\\/newsinfoco.com.br\\\/inicio\\\/author\\\/administrador\\\/#author\"},\"creator\":{\"@id\":\"https:\\\/\\\/newsinfoco.com.br\\\/inicio\\\/author\\\/administrador\\\/#author\"},\"image\":{\"@type\":\"ImageObject\",\"url\":\"https:\\\/\\\/newsinfoco.com.br\\\/inicio\\\/wp-content\\\/uploads\\\/2019\\\/09\\\/a61f813ecd2e95a37266eebe3e109c9e.jpg\",\"@id\":\"https:\\\/\\\/newsinfoco.com.br\\\/inicio\\\/governo-quer-tirar-da-constituicao-reajuste-do-salario-minimo-pela-inflacao\\\/#mainImage\",\"width\":590,\"height\":320},\"primaryImageOfPage\":{\"@id\":\"https:\\\/\\\/newsinfoco.com.br\\\/inicio\\\/governo-quer-tirar-da-constituicao-reajuste-do-salario-minimo-pela-inflacao\\\/#mainImage\"},\"datePublished\":\"2019-09-16T19:20:45-03:00\",\"dateModified\":\"2019-09-16T19:20:45-03:00\"},{\"@type\":\"WebSite\",\"@id\":\"https:\\\/\\\/newsinfoco.com.br\\\/inicio\\\/#website\",\"url\":\"https:\\\/\\\/newsinfoco.com.br\\\/inicio\\\/\",\"name\":\"News In Foco - Editado por Caio Pimenta\",\"description\":\"O principal site de noticias de Alagoinhas e regi\\u00e3o\",\"inLanguage\":\"pt-BR\",\"publisher\":{\"@id\":\"https:\\\/\\\/newsinfoco.com.br\\\/inicio\\\/#organization\"}}]}\n\t\t<\/script>\n\t\t<!-- All in One SEO -->\n\n","aioseo_head_json":{"title":"Governo quer tirar da Constitui\u00e7\u00e3o reajuste do sal\u00e1rio m\u00ednimo pela infla\u00e7\u00e3o - News In Foco - Editado por Caio Pimenta","description":"A equipe econ\u00f4mica estuda retirar da Constitui\u00e7\u00e3o Federal a previs\u00e3o de que o sal\u00e1rio m\u00ednimo seja corrigido pela infla\u00e7\u00e3o. O congelamento poderia render uma economia entre R$ 35 bilh\u00f5es e R$ 37 bilh\u00f5es, segundo fontes da equipe econ\u00f4mica ouvidas pelo Estad\u00e3o\/Broadcast. A ideia \u00e9 que, em momentos de grave desequil\u00edbrio fiscal, como o atual, haja","canonical_url":"https:\/\/newsinfoco.com.br\/inicio\/governo-quer-tirar-da-constituicao-reajuste-do-salario-minimo-pela-inflacao\/","robots":"max-image-preview:large","keywords":"","webmasterTools":{"miscellaneous":""},"schema":{"@context":"https:\/\/schema.org","@graph":[{"@type":"BlogPosting","@id":"https:\/\/newsinfoco.com.br\/inicio\/governo-quer-tirar-da-constituicao-reajuste-do-salario-minimo-pela-inflacao\/#blogposting","name":"Governo quer tirar da Constitui\u00e7\u00e3o reajuste do sal\u00e1rio m\u00ednimo pela infla\u00e7\u00e3o - News In Foco - Editado por Caio Pimenta","headline":"Governo quer tirar da Constitui\u00e7\u00e3o reajuste do sal\u00e1rio m\u00ednimo pela infla\u00e7\u00e3o","author":{"@id":"https:\/\/newsinfoco.com.br\/inicio\/author\/administrador\/#author"},"publisher":{"@id":"https:\/\/newsinfoco.com.br\/inicio\/#organization"},"image":{"@type":"ImageObject","url":"https:\/\/newsinfoco.com.br\/inicio\/wp-content\/uploads\/2019\/09\/a61f813ecd2e95a37266eebe3e109c9e.jpg","width":590,"height":320},"datePublished":"2019-09-16T19:20:45-03:00","dateModified":"2019-09-16T19:20:45-03:00","inLanguage":"pt-BR","mainEntityOfPage":{"@id":"https:\/\/newsinfoco.com.br\/inicio\/governo-quer-tirar-da-constituicao-reajuste-do-salario-minimo-pela-inflacao\/#webpage"},"isPartOf":{"@id":"https:\/\/newsinfoco.com.br\/inicio\/governo-quer-tirar-da-constituicao-reajuste-do-salario-minimo-pela-inflacao\/#webpage"},"articleSection":"Brasil, Destaque"},{"@type":"BreadcrumbList","@id":"https:\/\/newsinfoco.com.br\/inicio\/governo-quer-tirar-da-constituicao-reajuste-do-salario-minimo-pela-inflacao\/#breadcrumblist","itemListElement":[{"@type":"ListItem","@id":"https:\/\/newsinfoco.com.br\/inicio#listItem","position":1,"name":"In\u00edcio","item":"https:\/\/newsinfoco.com.br\/inicio","nextItem":{"@type":"ListItem","@id":"https:\/\/newsinfoco.com.br\/inicio\/category\/brasil\/#listItem","name":"Brasil"}},{"@type":"ListItem","@id":"https:\/\/newsinfoco.com.br\/inicio\/category\/brasil\/#listItem","position":2,"name":"Brasil","item":"https:\/\/newsinfoco.com.br\/inicio\/category\/brasil\/","nextItem":{"@type":"ListItem","@id":"https:\/\/newsinfoco.com.br\/inicio\/governo-quer-tirar-da-constituicao-reajuste-do-salario-minimo-pela-inflacao\/#listItem","name":"Governo quer tirar da Constitui\u00e7\u00e3o reajuste do sal\u00e1rio m\u00ednimo pela infla\u00e7\u00e3o"},"previousItem":{"@type":"ListItem","@id":"https:\/\/newsinfoco.com.br\/inicio#listItem","name":"In\u00edcio"}},{"@type":"ListItem","@id":"https:\/\/newsinfoco.com.br\/inicio\/governo-quer-tirar-da-constituicao-reajuste-do-salario-minimo-pela-inflacao\/#listItem","position":3,"name":"Governo quer tirar da Constitui\u00e7\u00e3o reajuste do sal\u00e1rio m\u00ednimo pela infla\u00e7\u00e3o","previousItem":{"@type":"ListItem","@id":"https:\/\/newsinfoco.com.br\/inicio\/category\/brasil\/#listItem","name":"Brasil"}}]},{"@type":"Organization","@id":"https:\/\/newsinfoco.com.br\/inicio\/#organization","name":"News In Foco - Editado por Caio Pimenta","description":"O principal site de noticias de Alagoinhas e regi\u00e3o","url":"https:\/\/newsinfoco.com.br\/inicio\/"},{"@type":"Person","@id":"https:\/\/newsinfoco.com.br\/inicio\/author\/administrador\/#author","url":"https:\/\/newsinfoco.com.br\/inicio\/author\/administrador\/","name":"administrador","image":{"@type":"ImageObject","@id":"https:\/\/newsinfoco.com.br\/inicio\/governo-quer-tirar-da-constituicao-reajuste-do-salario-minimo-pela-inflacao\/#authorImage","url":"https:\/\/secure.gravatar.com\/avatar\/c17a617433de8c1dc9584bb79aab7563b46f5bb7e1728c9b17d9cc3ce6a08e49?s=96&d=mm&r=g","width":96,"height":96,"caption":"administrador"}},{"@type":"WebPage","@id":"https:\/\/newsinfoco.com.br\/inicio\/governo-quer-tirar-da-constituicao-reajuste-do-salario-minimo-pela-inflacao\/#webpage","url":"https:\/\/newsinfoco.com.br\/inicio\/governo-quer-tirar-da-constituicao-reajuste-do-salario-minimo-pela-inflacao\/","name":"Governo quer tirar da Constitui\u00e7\u00e3o reajuste do sal\u00e1rio m\u00ednimo pela infla\u00e7\u00e3o - News In Foco - Editado por Caio Pimenta","description":"A equipe econ\u00f4mica estuda retirar da Constitui\u00e7\u00e3o Federal a previs\u00e3o de que o sal\u00e1rio m\u00ednimo seja corrigido pela infla\u00e7\u00e3o. O congelamento poderia render uma economia entre R$ 35 bilh\u00f5es e R$ 37 bilh\u00f5es, segundo fontes da equipe econ\u00f4mica ouvidas pelo Estad\u00e3o\/Broadcast. A ideia \u00e9 que, em momentos de grave desequil\u00edbrio fiscal, como o atual, haja","inLanguage":"pt-BR","isPartOf":{"@id":"https:\/\/newsinfoco.com.br\/inicio\/#website"},"breadcrumb":{"@id":"https:\/\/newsinfoco.com.br\/inicio\/governo-quer-tirar-da-constituicao-reajuste-do-salario-minimo-pela-inflacao\/#breadcrumblist"},"author":{"@id":"https:\/\/newsinfoco.com.br\/inicio\/author\/administrador\/#author"},"creator":{"@id":"https:\/\/newsinfoco.com.br\/inicio\/author\/administrador\/#author"},"image":{"@type":"ImageObject","url":"https:\/\/newsinfoco.com.br\/inicio\/wp-content\/uploads\/2019\/09\/a61f813ecd2e95a37266eebe3e109c9e.jpg","@id":"https:\/\/newsinfoco.com.br\/inicio\/governo-quer-tirar-da-constituicao-reajuste-do-salario-minimo-pela-inflacao\/#mainImage","width":590,"height":320},"primaryImageOfPage":{"@id":"https:\/\/newsinfoco.com.br\/inicio\/governo-quer-tirar-da-constituicao-reajuste-do-salario-minimo-pela-inflacao\/#mainImage"},"datePublished":"2019-09-16T19:20:45-03:00","dateModified":"2019-09-16T19:20:45-03:00"},{"@type":"WebSite","@id":"https:\/\/newsinfoco.com.br\/inicio\/#website","url":"https:\/\/newsinfoco.com.br\/inicio\/","name":"News In Foco - Editado por Caio Pimenta","description":"O principal site de noticias de Alagoinhas e regi\u00e3o","inLanguage":"pt-BR","publisher":{"@id":"https:\/\/newsinfoco.com.br\/inicio\/#organization"}}]},"og:locale":"pt_BR","og:site_name":"News In Foco - Editado por Caio Pimenta - O principal site de noticias de Alagoinhas e regi\u00e3o","og:type":"article","og:title":"Governo quer tirar da Constitui\u00e7\u00e3o reajuste do sal\u00e1rio m\u00ednimo pela infla\u00e7\u00e3o - News In Foco - Editado por Caio Pimenta","og:description":"A equipe econ\u00f4mica estuda retirar da Constitui\u00e7\u00e3o Federal a previs\u00e3o de que o sal\u00e1rio m\u00ednimo seja corrigido pela infla\u00e7\u00e3o. O congelamento poderia render uma economia entre R$ 35 bilh\u00f5es e R$ 37 bilh\u00f5es, segundo fontes da equipe econ\u00f4mica ouvidas pelo Estad\u00e3o\/Broadcast. A ideia \u00e9 que, em momentos de grave desequil\u00edbrio fiscal, como o atual, haja","og:url":"https:\/\/newsinfoco.com.br\/inicio\/governo-quer-tirar-da-constituicao-reajuste-do-salario-minimo-pela-inflacao\/","article:published_time":"2019-09-16T22:20:45+00:00","article:modified_time":"2019-09-16T22:20:45+00:00","twitter:card":"summary_large_image","twitter:title":"Governo quer tirar da Constitui\u00e7\u00e3o reajuste do sal\u00e1rio m\u00ednimo pela infla\u00e7\u00e3o - News In Foco - Editado por Caio Pimenta","twitter:description":"A equipe econ\u00f4mica estuda retirar da Constitui\u00e7\u00e3o Federal a previs\u00e3o de que o sal\u00e1rio m\u00ednimo seja corrigido pela infla\u00e7\u00e3o. O congelamento poderia render uma economia entre R$ 35 bilh\u00f5es e R$ 37 bilh\u00f5es, segundo fontes da equipe econ\u00f4mica ouvidas pelo Estad\u00e3o\/Broadcast. A ideia \u00e9 que, em momentos de grave desequil\u00edbrio fiscal, como o atual, haja"},"aioseo_meta_data":{"post_id":"17174","title":null,"description":null,"keywords":null,"keyphrases":null,"primary_term":null,"canonical_url":null,"og_title":null,"og_description":null,"og_object_type":"default","og_image_type":"default","og_image_url":null,"og_image_width":null,"og_image_height":null,"og_image_custom_url":null,"og_image_custom_fields":null,"og_video":null,"og_custom_url":null,"og_article_section":null,"og_article_tags":null,"twitter_use_og":false,"twitter_card":"default","twitter_image_type":"default","twitter_image_url":null,"twitter_image_custom_url":null,"twitter_image_custom_fields":null,"twitter_title":null,"twitter_description":null,"schema":{"blockGraphs":[],"customGraphs":[],"default":{"data":{"Article":[],"Course":[],"Dataset":[],"FAQPage":[],"Movie":[],"Person":[],"Product":[],"ProductReview":[],"Car":[],"Recipe":[],"Service":[],"SoftwareApplication":[],"WebPage":[]},"graphName":"","isEnabled":true},"graphs":[]},"schema_type":"default","schema_type_options":null,"pillar_content":false,"robots_default":true,"robots_noindex":false,"robots_noarchive":false,"robots_nosnippet":false,"robots_nofollow":false,"robots_noimageindex":false,"robots_noodp":false,"robots_notranslate":false,"robots_max_snippet":null,"robots_max_videopreview":null,"robots_max_imagepreview":"large","priority":null,"frequency":null,"local_seo":null,"breadcrumb_settings":null,"limit_modified_date":false,"ai":null,"created":"2023-06-12 14:25:51","updated":"2025-07-11 01:07:49","seo_analyzer_scan_date":null},"aioseo_breadcrumb":"<div class=\"aioseo-breadcrumbs\"><span class=\"aioseo-breadcrumb\">\n\t\t\t<a href=\"https:\/\/newsinfoco.com.br\/inicio\" title=\"In\u00edcio\">In\u00edcio<\/a>\n\t\t<\/span><span class=\"aioseo-breadcrumb-separator\">&raquo;<\/span><span class=\"aioseo-breadcrumb\">\n\t\t\t<a href=\"https:\/\/newsinfoco.com.br\/inicio\/category\/brasil\/\" title=\"Brasil\">Brasil<\/a>\n\t\t<\/span><span class=\"aioseo-breadcrumb-separator\">&raquo;<\/span><span class=\"aioseo-breadcrumb\">\n\t\t\tGoverno quer tirar da Constitui\u00e7\u00e3o reajuste do sal\u00e1rio m\u00ednimo pela infla\u00e7\u00e3o\n\t\t<\/span><\/div>","aioseo_breadcrumb_json":[{"label":"In\u00edcio","link":"https:\/\/newsinfoco.com.br\/inicio"},{"label":"Brasil","link":"https:\/\/newsinfoco.com.br\/inicio\/category\/brasil\/"},{"label":"Governo quer tirar da Constitui\u00e7\u00e3o reajuste do sal\u00e1rio m\u00ednimo pela infla\u00e7\u00e3o","link":"https:\/\/newsinfoco.com.br\/inicio\/governo-quer-tirar-da-constituicao-reajuste-do-salario-minimo-pela-inflacao\/"}],"_links":{"self":[{"href":"https:\/\/newsinfoco.com.br\/inicio\/wp-json\/wp\/v2\/posts\/17174","targetHints":{"allow":["GET"]}}],"collection":[{"href":"https:\/\/newsinfoco.com.br\/inicio\/wp-json\/wp\/v2\/posts"}],"about":[{"href":"https:\/\/newsinfoco.com.br\/inicio\/wp-json\/wp\/v2\/types\/post"}],"author":[{"embeddable":true,"href":"https:\/\/newsinfoco.com.br\/inicio\/wp-json\/wp\/v2\/users\/1"}],"replies":[{"embeddable":true,"href":"https:\/\/newsinfoco.com.br\/inicio\/wp-json\/wp\/v2\/comments?post=17174"}],"version-history":[{"count":0,"href":"https:\/\/newsinfoco.com.br\/inicio\/wp-json\/wp\/v2\/posts\/17174\/revisions"}],"wp:featuredmedia":[{"embeddable":true,"href":"https:\/\/newsinfoco.com.br\/inicio\/wp-json\/wp\/v2\/media\/17175"}],"wp:attachment":[{"href":"https:\/\/newsinfoco.com.br\/inicio\/wp-json\/wp\/v2\/media?parent=17174"}],"wp:term":[{"taxonomy":"category","embeddable":true,"href":"https:\/\/newsinfoco.com.br\/inicio\/wp-json\/wp\/v2\/categories?post=17174"},{"taxonomy":"post_tag","embeddable":true,"href":"https:\/\/newsinfoco.com.br\/inicio\/wp-json\/wp\/v2\/tags?post=17174"}],"curies":[{"name":"wp","href":"https:\/\/api.w.org\/{rel}","templated":true}]}}