{"id":17182,"date":"2019-09-17T15:25:05","date_gmt":"2019-09-17T18:25:05","guid":{"rendered":"http:\/\/newsinfoco.com.br\/?p=17182"},"modified":"2019-09-17T15:35:20","modified_gmt":"2019-09-17T18:35:20","slug":"alagoinhas-a-velha-politica-e-seus-velhos-personagens-por-hugo-azi","status":"publish","type":"post","link":"https:\/\/newsinfoco.com.br\/inicio\/alagoinhas-a-velha-politica-e-seus-velhos-personagens-por-hugo-azi\/","title":{"rendered":"Alagoinhas, a velha politica e seus velhos personagens &#8211; Por Hugo Azi"},"content":{"rendered":"<p style=\"text-align: justify;\">Caro leitor, Alagoinhas sofre com uma grande falta de nomes para assumir o protagonismo dos grupos pol\u00edticos da sociedade. A escassez eleitoral da cidade se perfaz quando vislumbramos os nomes dos pr\u00e9-candidatos ao pleito da cidade e a base pol\u00edtica atr\u00e1s deles.<\/p>\n<p style=\"text-align: justify;\">O grupo de Paulo C\u00e9zar est\u00e1 a anos bordejando as urnas e cargos p\u00fablicos da cidade. Com quase 100% de certeza, acredito que a maioria dos cidad\u00e3os de Alagoinhas sabem de c\u00f3 e salteado os nomes dos integrantes do grupo pol\u00edtico de PC. Vejo-o como o Odorico Paragua\u00e7u de Alagoinhas, caricato e amado pelo povo, apesar dos pesares. S\u00e3o aqueles mesmos discursos, vindos do mesmo protagonista que j\u00e1 n\u00e3o cabe mais a cidade. Para corroborar com meu pensamento, esse grupo responde, det\u00e9m v\u00e1rios integrantes como r\u00e9u, em processos que correm na Justi\u00e7a Federal acusados de locupletar-se do er\u00e1rio p\u00fablico indevidamente as margens da \u00e9tica e da moral. Velha pol\u00edtica estampada e de carteirinha carimbada.<\/p><div class=\"newsi-conteudo_19\" id=\"newsi-682731418\"><a href=\"https:\/\/www.instagram.com\/prefeituraalagoinhas?igsh=YzgzdDJ1bWR3aWI4\" aria-label=\"SAVE_20251006_221555\"><img loading=\"lazy\" decoding=\"async\" src=\"https:\/\/newsinfoco.com.br\/inicio\/wp-content\/uploads\/2025\/10\/SAVE_20251006_221555-rotated.jpg\" alt=\"\"  srcset=\"https:\/\/newsinfoco.com.br\/inicio\/wp-content\/uploads\/2025\/10\/SAVE_20251006_221555-rotated.jpg 1140w, https:\/\/newsinfoco.com.br\/inicio\/wp-content\/uploads\/2025\/10\/SAVE_20251006_221555-300x52.jpg 300w, https:\/\/newsinfoco.com.br\/inicio\/wp-content\/uploads\/2025\/10\/SAVE_20251006_221555-1024x177.jpg 1024w, https:\/\/newsinfoco.com.br\/inicio\/wp-content\/uploads\/2025\/10\/SAVE_20251006_221555-768x133.jpg 768w, https:\/\/newsinfoco.com.br\/inicio\/wp-content\/uploads\/2025\/10\/SAVE_20251006_221555-600x104.jpg 600w, https:\/\/newsinfoco.com.br\/inicio\/wp-content\/uploads\/2025\/10\/SAVE_20251006_221555-696x120.jpg 696w, https:\/\/newsinfoco.com.br\/inicio\/wp-content\/uploads\/2025\/10\/SAVE_20251006_221555-1068x185.jpg 1068w\" sizes=\"(max-width: 1140px) 100vw, 1140px\" width=\"1140\" height=\"197\"   \/><\/a><\/div>\n<p style=\"text-align: justify;\">O PT tamb\u00e9m n\u00e3o se atualizou! Continua com seu mesmo personagem principal, Joseildo Ramos, que atua a anos bordejando as urnas e cargos p\u00fablicos. Infelizmente, atua\u00e7\u00e3o fraca e desprestigiada. Agora acreditam em empurrar o nome de Luciano S\u00e9rgio para abafar os vexames passados tanto do pr\u00f3prio Joseildo quanto do seu mosqueteiro, Radioval Costa. Parecem que estagnaram no tempo. Ser\u00e1 que n\u00e3o existe um nome novo no PT para substituir esses defasados agentes? N\u00e3o ter\u00e1 um D&#8217;Artagnan?\u00a0A velha pol\u00edtica praticada pelos tr\u00eas mosqueteiros j\u00e1 tem marcada o sinal de dividir na testa visto que Tonho Rato, membro-defensor do Petismo, agora faz parte do PDT e passou a criticar tudo e todos em sua incessante luta para alcan\u00e7ar uma posi\u00e7\u00e3o pol\u00edtica que o PT nunca lhe daria.<\/p>\n<p style=\"text-align: justify;\">O Democratas sofre do mesmo mal de seus advers\u00e1rios. Ainda tem como protagonista principal e mandat\u00e1rio, o grupo pol\u00edtico de Paulo Azi. O cl\u00e1ssico pol\u00edtico da velha guarda, estrategista de bastidores que n\u00e3o se aproxima nem um pouco do povo, mas, apesar disso, continua como um forte grupo atuante na cidade. Perdendo for\u00e7a ap\u00f3s apoiar Joaquim Neto e ser chutado para fora da\u00a0Pra\u00e7a Graciliano de Freitas. O Sinhozinho Malta baiano n\u00e3o enfrenta as urnas municipais para o pleito de prefeito, no entanto tra\u00e7a estrat\u00e9gias para fincar seu grupo no poder municipal. \u2018T\u00f4 certo ou t\u00f4 errado?\u2019 \u2013 T\u00e1 errado, deputado!<\/p>\n<p style=\"text-align: justify;\">N\u00e3o posso deixar de lado o pr\u00f3prio prefeito Joaquim Neto. N\u00e3o tem um grupo definido ao seu redor, acumula rompimentos e desagrados com a maioria dos pol\u00edticos da cidade. Apesar disso, Joaquim ainda \u00e9 o prefeito e, como de praxe da velha pol\u00edtica, tenta oferecer peda\u00e7os do bolo municipal para atrair correligion\u00e1rios para a disputa da reelei\u00e7\u00e3o. O Didi Moc\u00f3 alagoinhense cuja a principal qualidade \u00e9 nos divertir com suas trapalhadas, pena que a seu reboque leva o interesse p\u00fablico t\u00e3o castigado de nossa cidade.<\/p>\n<p style=\"text-align: justify;\">Prezados leitores, minha analogia e alus\u00e3o as figuras fict\u00edcias do passado \u00e9 para alert\u00e1-los que n\u00e3o cabe mais continuar com os mesmos personagens. Alagoinhas merece mais, merece novos nomes, novos projetos pol\u00edticos. H\u00e1 anos que estamos discutindo e levando em considera\u00e7\u00e3o a elei\u00e7\u00e3o de atores que j\u00e1 est\u00e3o atuando na cidade a muito tempo sem conseguir demonstrar o m\u00ednimo de retorno a sociedade.<\/p>\n<p style=\"text-align: justify;\">A pergunta \u00e9: Vamos mudar de canal ou esse filme velho que assistimos ainda nos basta?<\/p>\n<p style=\"text-align: justify;\"><strong>Hugo Azi \u00e9 advogado formado pela faculdade Ruy Barbosa, P\u00f3s-graduado em Direito Empresarial pela FGV\/SP, membro da comiss\u00e3o de Direito Empresaria da OAB\/BA e do Instituto Brasileiro de Recupera\u00e7\u00e3o de Empresas, al\u00e9m de ser colunista do site News Infoco.<\/strong><\/p>\n<div class=\"share-to-whatsapp-wrapper\"><\/div>\n<p style=\"text-align: justify;\">\n<div class='share-to-whatsapp-wrapper'><div class='share-on-whsp'>Share on: <\/div><a data-text='Alagoinhas, a velha politica e seus velhos personagens - Por Hugo Azi' data-link='https:\/\/newsinfoco.com.br\/inicio\/alagoinhas-a-velha-politica-e-seus-velhos-personagens-por-hugo-azi\/' class='whatsapp-button whatsapp-share'>WhatsApp<\/a><div class='clear '><\/div><\/div>","protected":false},"excerpt":{"rendered":"<p>Caro leitor, Alagoinhas sofre com uma grande falta de nomes para assumir o protagonismo dos grupos pol\u00edticos da sociedade. A escassez eleitoral da cidade se perfaz quando vislumbramos os nomes dos pr\u00e9-candidatos ao pleito da cidade e a base pol\u00edtica atr\u00e1s deles. O grupo de Paulo C\u00e9zar est\u00e1 a anos bordejando as urnas e cargos [&hellip;]<\/p>\n","protected":false},"author":1,"featured_media":13096,"comment_status":"open","ping_status":"open","sticky":false,"template":"","format":"standard","meta":{"om_disable_all_campaigns":false,"_exactmetrics_skip_tracking":false,"_exactmetrics_sitenote_active":false,"_exactmetrics_sitenote_note":"","_exactmetrics_sitenote_category":0,"footnotes":""},"categories":[162],"tags":[],"class_list":["post-17182","post","type-post","status-publish","format-standard","has-post-thumbnail","hentry","category-opiniao-dr-hugo-azi"],"aioseo_notices":[],"_links":{"self":[{"href":"https:\/\/newsinfoco.com.br\/inicio\/wp-json\/wp\/v2\/posts\/17182","targetHints":{"allow":["GET"]}}],"collection":[{"href":"https:\/\/newsinfoco.com.br\/inicio\/wp-json\/wp\/v2\/posts"}],"about":[{"href":"https:\/\/newsinfoco.com.br\/inicio\/wp-json\/wp\/v2\/types\/post"}],"author":[{"embeddable":true,"href":"https:\/\/newsinfoco.com.br\/inicio\/wp-json\/wp\/v2\/users\/1"}],"replies":[{"embeddable":true,"href":"https:\/\/newsinfoco.com.br\/inicio\/wp-json\/wp\/v2\/comments?post=17182"}],"version-history":[{"count":0,"href":"https:\/\/newsinfoco.com.br\/inicio\/wp-json\/wp\/v2\/posts\/17182\/revisions"}],"wp:featuredmedia":[{"embeddable":true,"href":"https:\/\/newsinfoco.com.br\/inicio\/wp-json\/wp\/v2\/media\/13096"}],"wp:attachment":[{"href":"https:\/\/newsinfoco.com.br\/inicio\/wp-json\/wp\/v2\/media?parent=17182"}],"wp:term":[{"taxonomy":"category","embeddable":true,"href":"https:\/\/newsinfoco.com.br\/inicio\/wp-json\/wp\/v2\/categories?post=17182"},{"taxonomy":"post_tag","embeddable":true,"href":"https:\/\/newsinfoco.com.br\/inicio\/wp-json\/wp\/v2\/tags?post=17182"}],"curies":[{"name":"wp","href":"https:\/\/api.w.org\/{rel}","templated":true}]}}