{"id":17806,"date":"2019-10-09T20:22:37","date_gmt":"2019-10-09T23:22:37","guid":{"rendered":"http:\/\/newsinfoco.com.br\/?p=17806"},"modified":"2019-10-09T20:22:37","modified_gmt":"2019-10-09T23:22:37","slug":"deputado-paulo-azi-lidera-grupo-pela-permanencia-da-subsecao-da-justica-federal-em-alagoinhas","status":"publish","type":"post","link":"https:\/\/newsinfoco.com.br\/inicio\/deputado-paulo-azi-lidera-grupo-pela-permanencia-da-subsecao-da-justica-federal-em-alagoinhas\/","title":{"rendered":"Deputado Paulo Azi lidera grupo pela perman\u00eancia da subse\u00e7\u00e3o da Justi\u00e7a Federal em Alagoinhas"},"content":{"rendered":"<p style=\"text-align: justify;\">Segundo informa\u00e7\u00f5es divulgadas na manh\u00e3 de hoje(09) no programa Primeira M\u00e3o, jornalistico matinal transmitido em cadeia pela r\u00e1dio Ouro Negro 100.5 FM e r\u00e1dio web 2 de Julho, uma comitiva conduzida pelo deputado federal Paulo Azi (DEM), composta por vereadores e advogados de Alagoinhas, encontrou-se com a corregedora do Tribunal Regional Federal da 1\u00aa Regi\u00e3o (TRF1), Maria do Carmo Cardoso, em Bras\u00edlia, na tarde de ontem(08), para levar informa\u00e7\u00f5es que demonstram a import\u00e2ncia da manuten\u00e7\u00e3o da unidade da Justi\u00e7a Federal na cidade, explicitando seu papel relevante para a sociedade local.<\/p>\n<p style=\"text-align: justify;\">Compuseram o grupo os vereadores Roberto Torres, Anderson Baqueiro e Luciano Almeida e os advogados Paulo Pinto, ex-presidente da subse\u00e7\u00e3o da OAB de Alagoinhas; e Tha\u00eds Faro, atual presidente da subse\u00e7\u00e3o da OAB local. Eles sa\u00edram otimistas da\u00a0audi\u00eancia.<\/p><div class=\"newsi-conteudo_19\" id=\"newsi-1907681759\"><a href=\"https:\/\/www.instagram.com\/prefeituraalagoinhas?igsh=YzgzdDJ1bWR3aWI4\" aria-label=\"SAVE_20251006_221555\"><img loading=\"lazy\" decoding=\"async\" src=\"https:\/\/newsinfoco.com.br\/inicio\/wp-content\/uploads\/2025\/10\/SAVE_20251006_221555-rotated.jpg\" alt=\"\"  srcset=\"https:\/\/newsinfoco.com.br\/inicio\/wp-content\/uploads\/2025\/10\/SAVE_20251006_221555-rotated.jpg 1140w, https:\/\/newsinfoco.com.br\/inicio\/wp-content\/uploads\/2025\/10\/SAVE_20251006_221555-300x52.jpg 300w, https:\/\/newsinfoco.com.br\/inicio\/wp-content\/uploads\/2025\/10\/SAVE_20251006_221555-1024x177.jpg 1024w, https:\/\/newsinfoco.com.br\/inicio\/wp-content\/uploads\/2025\/10\/SAVE_20251006_221555-768x133.jpg 768w, https:\/\/newsinfoco.com.br\/inicio\/wp-content\/uploads\/2025\/10\/SAVE_20251006_221555-600x104.jpg 600w, https:\/\/newsinfoco.com.br\/inicio\/wp-content\/uploads\/2025\/10\/SAVE_20251006_221555-696x120.jpg 696w, https:\/\/newsinfoco.com.br\/inicio\/wp-content\/uploads\/2025\/10\/SAVE_20251006_221555-1068x185.jpg 1068w\" sizes=\"(max-width: 1140px) 100vw, 1140px\" width=\"1140\" height=\"197\"   \/><\/a><\/div>\n<p style=\"text-align: justify;\">Os comentaristas do programa Primeira M\u00e3o disseram que, mais que a manuten\u00e7\u00e3o em si, \u00e9 quase certa que seja criada no munic\u00edpio a 2\u00aa Vara da Justi\u00e7a Federal, fato que traz mais otimismo a perman\u00eancia da institui\u00e7\u00e3o. Isso representa uma amplia\u00e7\u00e3o do atendimento. A nova sede ser\u00e1 constru\u00edda pela iniciativa privada e alugada pela justi\u00e7a por 20 anos. Os integrantes do programa identificaram um pr\u00e9dio de tr\u00eas andares, no centro da cidade, com elevador, que poderia atender \u00e0s exig\u00eancias do contrato. O parecer final sobre o assunto ser\u00e1 apresentado amanh\u00e3, quinta-feira (10).<\/p>\n<p>Acompanhe o assunto abordado no programa Primeira M\u00e3o:<\/p>\n<p><iframe loading=\"lazy\" width=\"696\" height=\"392\" src=\"https:\/\/www.youtube.com\/embed\/1LoX4y4-sa0?feature=oembed\" frameborder=\"0\" allow=\"accelerometer; autoplay; encrypted-media; gyroscope; picture-in-picture\" allowfullscreen><\/iframe><\/p>\n<p style=\"text-align: right;\">Por Paulo Dias para o News Infoco<\/p>\n<p>&nbsp;<\/p>\n<div class='share-to-whatsapp-wrapper'><div class='share-on-whsp'>Share on: <\/div><a data-text='Deputado Paulo Azi lidera grupo pela perman\u00eancia da subse\u00e7\u00e3o da Justi\u00e7a Federal em Alagoinhas' data-link='https:\/\/newsinfoco.com.br\/inicio\/deputado-paulo-azi-lidera-grupo-pela-permanencia-da-subsecao-da-justica-federal-em-alagoinhas\/' class='whatsapp-button whatsapp-share'>WhatsApp<\/a><div class='clear '><\/div><\/div>","protected":false},"excerpt":{"rendered":"<p>Segundo informa\u00e7\u00f5es divulgadas na manh\u00e3 de hoje(09) no programa Primeira M\u00e3o, jornalistico matinal transmitido em cadeia pela r\u00e1dio Ouro Negro 100.5 FM e r\u00e1dio web 2 de Julho, uma comitiva conduzida pelo deputado federal Paulo Azi (DEM), composta por vereadores e advogados de Alagoinhas, encontrou-se com a corregedora do Tribunal Regional Federal da 1\u00aa Regi\u00e3o [&hellip;]<\/p>\n","protected":false},"author":1,"featured_media":17826,"comment_status":"open","ping_status":"open","sticky":false,"template":"","format":"standard","meta":{"om_disable_all_campaigns":false,"_exactmetrics_skip_tracking":false,"_exactmetrics_sitenote_active":false,"_exactmetrics_sitenote_note":"","_exactmetrics_sitenote_category":0,"footnotes":""},"categories":[38,30],"tags":[],"class_list":["post-17806","post","type-post","status-publish","format-standard","has-post-thumbnail","hentry","category-alagoinhas-e-regiao","category-destaque"],"aioseo_notices":[],"_links":{"self":[{"href":"https:\/\/newsinfoco.com.br\/inicio\/wp-json\/wp\/v2\/posts\/17806","targetHints":{"allow":["GET"]}}],"collection":[{"href":"https:\/\/newsinfoco.com.br\/inicio\/wp-json\/wp\/v2\/posts"}],"about":[{"href":"https:\/\/newsinfoco.com.br\/inicio\/wp-json\/wp\/v2\/types\/post"}],"author":[{"embeddable":true,"href":"https:\/\/newsinfoco.com.br\/inicio\/wp-json\/wp\/v2\/users\/1"}],"replies":[{"embeddable":true,"href":"https:\/\/newsinfoco.com.br\/inicio\/wp-json\/wp\/v2\/comments?post=17806"}],"version-history":[{"count":0,"href":"https:\/\/newsinfoco.com.br\/inicio\/wp-json\/wp\/v2\/posts\/17806\/revisions"}],"wp:featuredmedia":[{"embeddable":true,"href":"https:\/\/newsinfoco.com.br\/inicio\/wp-json\/wp\/v2\/media\/17826"}],"wp:attachment":[{"href":"https:\/\/newsinfoco.com.br\/inicio\/wp-json\/wp\/v2\/media?parent=17806"}],"wp:term":[{"taxonomy":"category","embeddable":true,"href":"https:\/\/newsinfoco.com.br\/inicio\/wp-json\/wp\/v2\/categories?post=17806"},{"taxonomy":"post_tag","embeddable":true,"href":"https:\/\/newsinfoco.com.br\/inicio\/wp-json\/wp\/v2\/tags?post=17806"}],"curies":[{"name":"wp","href":"https:\/\/api.w.org\/{rel}","templated":true}]}}