{"id":17819,"date":"2019-10-09T20:15:47","date_gmt":"2019-10-09T23:15:47","guid":{"rendered":"http:\/\/newsinfoco.com.br\/?p=17819"},"modified":"2019-10-09T20:15:47","modified_gmt":"2019-10-09T23:15:47","slug":"comandante-da-pm-ba-reitera-operacao-normal-e-critica-terrorismo-feito-por-oportunistas","status":"publish","type":"post","link":"https:\/\/newsinfoco.com.br\/inicio\/comandante-da-pm-ba-reitera-operacao-normal-e-critica-terrorismo-feito-por-oportunistas\/","title":{"rendered":"Comandante da PM-BA reitera opera\u00e7\u00e3o normal e critica &#8216;terrorismo&#8217; feito por &#8216;oportunistas&#8217;"},"content":{"rendered":"<p style=\"text-align: justify;\">Comandante-geral da Pol\u00edcia Militar da Bahia (PM-BA), o coronel Anselmo Brand\u00e3o reiterou na noite desta quarta-feira (9) que as tropas trabalham normalmente no estado. Durante transmiss\u00e3o do governo do estado nas redes sociais, Brand\u00e3o ainda atribuiu os atos de vandalismo que aconteceram durante a madrugada \u00e0s fake News e ao \u201cterrorismo\u201d de simp\u00e1ticos \u00e0 ideia da paralisa\u00e7\u00e3o dos policiais.<\/p>\n<p>\u201cSe n\u00e3o fossem as fake news, o terrorismo&#8230; \u00c0s 18h a cidade estava em total normalidade. E, de uma hora para outra, surgiu esse an\u00fancio de um movimento paredista. Quando surgiu o movimento, surgiram os boatos. E a\u00ed, os oportunistas, que infelizmente ainda existem, como aconteceu no passado, a primeira coisa foi praticar atos de vandalismo. Nesses atos, atuamos forte. E vamos continuar atuando, inclusive com o setor de intelig\u00eancia, para identificar e punir essas pessoas que est\u00e3o levando essa intranquilidade para a cidade\u201d, declarou.<\/p><div class=\"newsi-conteudo_19\" id=\"newsi-670784978\"><a href=\"https:\/\/www.instagram.com\/prefeituraalagoinhas?igsh=YzgzdDJ1bWR3aWI4\" aria-label=\"SAVE_20251006_221555\"><img loading=\"lazy\" decoding=\"async\" src=\"https:\/\/newsinfoco.com.br\/inicio\/wp-content\/uploads\/2025\/10\/SAVE_20251006_221555-rotated.jpg\" alt=\"\"  srcset=\"https:\/\/newsinfoco.com.br\/inicio\/wp-content\/uploads\/2025\/10\/SAVE_20251006_221555-rotated.jpg 1140w, https:\/\/newsinfoco.com.br\/inicio\/wp-content\/uploads\/2025\/10\/SAVE_20251006_221555-300x52.jpg 300w, https:\/\/newsinfoco.com.br\/inicio\/wp-content\/uploads\/2025\/10\/SAVE_20251006_221555-1024x177.jpg 1024w, https:\/\/newsinfoco.com.br\/inicio\/wp-content\/uploads\/2025\/10\/SAVE_20251006_221555-768x133.jpg 768w, https:\/\/newsinfoco.com.br\/inicio\/wp-content\/uploads\/2025\/10\/SAVE_20251006_221555-600x104.jpg 600w, https:\/\/newsinfoco.com.br\/inicio\/wp-content\/uploads\/2025\/10\/SAVE_20251006_221555-696x120.jpg 696w, https:\/\/newsinfoco.com.br\/inicio\/wp-content\/uploads\/2025\/10\/SAVE_20251006_221555-1068x185.jpg 1068w\" sizes=\"(max-width: 1140px) 100vw, 1140px\" width=\"1140\" height=\"197\"   \/><\/a><\/div>\n<p>Segundo o comandante-geral, atos de vandalismo n\u00e3o foram identificados nesta quarta-feira no estado. Ele ainda informou que\u00a0houve \u201cdiversas pris\u00f5es\u201d durante a noite da \u00faltima ter\u00e7a-feira (8), inclusive com apreens\u00f5es de armas. \u201cContinuamos operando normalmente\u201d, garante.<\/p>\n<p>Durante a transmiss\u00e3o, ele seguiu na linha de atribui\u00e7\u00e3o dos atos de vandalismo a \u201cpessoas oportunidades\u201d. \u201cTemos que estar com alerta m\u00e1xima quanto \u00e0s pessoas oportunistas. E alguns atos, n\u00f3s percebemos que foi proposital, justamente para causas terror. Imagens de pessoas descendo de uma moto e Atiram num coletivo sem ningu\u00e9m, num banco que n\u00e3o tem ningu\u00e9m, s\u00f3 mesmo com objetivo de dizer que a cidade est\u00e1 sem policiamento\u201d, pontuou.<\/p>\n<p>No caso dos tiros disparados por dois homens a uma ag\u00eancia da Caixa Econ\u00f4mica Federal na Avenida Caminho de Areia, na Cidade Baixa, em Salvador, Brand\u00e3o indicou que haver\u00e1 investiga\u00e7\u00e3o da Pol\u00edcia Federal (PF)<\/p>\n<div class='share-to-whatsapp-wrapper'><div class='share-on-whsp'>Share on: <\/div><a data-text='Comandante da PM-BA reitera opera\u00e7\u00e3o normal e critica 'terrorismo' feito por 'oportunistas'' data-link='https:\/\/newsinfoco.com.br\/inicio\/comandante-da-pm-ba-reitera-operacao-normal-e-critica-terrorismo-feito-por-oportunistas\/' class='whatsapp-button whatsapp-share'>WhatsApp<\/a><div class='clear '><\/div><\/div>","protected":false},"excerpt":{"rendered":"<p>Comandante-geral da Pol\u00edcia Militar da Bahia (PM-BA), o coronel Anselmo Brand\u00e3o reiterou na noite desta quarta-feira (9) que as tropas trabalham normalmente no estado. Durante transmiss\u00e3o do governo do estado nas redes sociais, Brand\u00e3o ainda atribuiu os atos de vandalismo que aconteceram durante a madrugada \u00e0s fake News e ao \u201cterrorismo\u201d de simp\u00e1ticos \u00e0 ideia [&hellip;]<\/p>\n","protected":false},"author":1,"featured_media":17820,"comment_status":"open","ping_status":"open","sticky":false,"template":"","format":"standard","meta":{"om_disable_all_campaigns":false,"_exactmetrics_skip_tracking":false,"_exactmetrics_sitenote_active":false,"_exactmetrics_sitenote_note":"","_exactmetrics_sitenote_category":0,"footnotes":""},"categories":[19,30],"tags":[],"class_list":["post-17819","post","type-post","status-publish","format-standard","has-post-thumbnail","hentry","category-bahia","category-destaque"],"aioseo_notices":[],"_links":{"self":[{"href":"https:\/\/newsinfoco.com.br\/inicio\/wp-json\/wp\/v2\/posts\/17819","targetHints":{"allow":["GET"]}}],"collection":[{"href":"https:\/\/newsinfoco.com.br\/inicio\/wp-json\/wp\/v2\/posts"}],"about":[{"href":"https:\/\/newsinfoco.com.br\/inicio\/wp-json\/wp\/v2\/types\/post"}],"author":[{"embeddable":true,"href":"https:\/\/newsinfoco.com.br\/inicio\/wp-json\/wp\/v2\/users\/1"}],"replies":[{"embeddable":true,"href":"https:\/\/newsinfoco.com.br\/inicio\/wp-json\/wp\/v2\/comments?post=17819"}],"version-history":[{"count":0,"href":"https:\/\/newsinfoco.com.br\/inicio\/wp-json\/wp\/v2\/posts\/17819\/revisions"}],"wp:featuredmedia":[{"embeddable":true,"href":"https:\/\/newsinfoco.com.br\/inicio\/wp-json\/wp\/v2\/media\/17820"}],"wp:attachment":[{"href":"https:\/\/newsinfoco.com.br\/inicio\/wp-json\/wp\/v2\/media?parent=17819"}],"wp:term":[{"taxonomy":"category","embeddable":true,"href":"https:\/\/newsinfoco.com.br\/inicio\/wp-json\/wp\/v2\/categories?post=17819"},{"taxonomy":"post_tag","embeddable":true,"href":"https:\/\/newsinfoco.com.br\/inicio\/wp-json\/wp\/v2\/tags?post=17819"}],"curies":[{"name":"wp","href":"https:\/\/api.w.org\/{rel}","templated":true}]}}